{"id":127240,"date":"2020-09-11T05:49:34","date_gmt":"2020-09-11T08:49:34","guid":{"rendered":"https:\/\/grandepremio.com\/br\/noticias\/vinales-sobra-e-comanda-1-2-da-yamaha-com-quartararo-no-tl1-em-san-marino\/"},"modified":"2020-09-11T08:24:13","modified_gmt":"2020-09-11T11:24:13","slug":"vinales-sobra-e-comanda-1-2-da-yamaha-com-quartararo-no-tl1-em-san-marino","status":"publish","type":"post","link":"https:\/\/grandepremio.com\/br\/motogp\/vinales-sobra-e-comanda-1-2-da-yamaha-com-quartararo-no-tl1-em-san-marino\/","title":{"rendered":"Vi\u00f1ales sobra e comanda 1-2 da Yamaha com Quartararo no TL1 em San Marino"},"content":{"rendered":"\n<p class=\"wp-block-paragraph\"><strong>LEIA TAMB\u00c9M<\/strong><br>+ <strong><a href=\"https:\/\/www.grandepremio.com\/br\/motogp\/noticias\/fox-sports-aguarda-acordo-de-ultima-hora-para-voltar-a-transmitir-motogp-no-brasil\/\" target=\"_blank\" rel=\"noreferrer noopener\">FOX Sports aguarda acordo de \u00faltima hora para voltar a transmitir MotoGP no Brasil<\/a><\/strong><br>+ <strong><a href=\"https:\/\/www.grandepremio.com\/br\/motogp\/noticias\/rossi-nega-aposentadoria-e-fala-em-anunciar-mudanca-para-yamaha-srt-em-barcelona\/\" target=\"_blank\" rel=\"noreferrer noopener\">Rossi nega aposentadoria e fala em anunciar mudan\u00e7a para Yamaha SRT em Barcelona<\/a><\/strong><\/p>\n\n\n\n<p class=\"wp-block-paragraph\">A Yamaha pode at\u00e9 ter come\u00e7ado o fim de semana atr\u00e1s das rivais por n\u00e3o ter testado em Misano recentemente, mas fez valer a for\u00e7a da YZR-M1 na manh\u00e3 desta sexta-feira (11). Maverick Vi\u00f1ales sobrou em uma dobradinha com Fabio Quartararo no primeiro treino livre para o GP de San Marino e da Riviera de Rimini.<\/p>\n\n\n\n<p class=\"wp-block-paragraph\">O espanhol da Yamaha anotou 1min32s198 na melhor de suas 21 voltas e assegurou a lideran\u00e7a com 0s550 de vantagem para franc\u00eas da SRT. Aproveitando o v\u00e1cuo da M1 #12, Aleix Espargar\u00f3 colocou a Aprilia na terceira coloca\u00e7\u00e3o, 0s751 atr\u00e1s do l\u00edder.<\/p>\n\n\n\n<figure class=\"wp-block-image size-large\"><img decoding=\"async\" src=\"https:\/\/www.grandepremio.com\/br\/wp-content\/uploads\/2020\/08\/MEYMm__TIN0414-1024x683.jpg\" alt=\"\" class=\"wp-image-409915\"\/><figcaption>Maverick Vi\u00f1ales sobrou nesta manh\u00e3 em Misano (Foto: Yamaha)<\/figcaption><\/figure>\n\n\n\n<p class=\"wp-block-paragraph\"><strong>Conhe\u00e7a o canal do Grande Pr\u00eamio no YouTube! Clique&nbsp;<a href=\"https:\/\/youtube.com\/GrandePremioTV\" target=\"_blank\" rel=\"noreferrer noopener\">aqui<\/a>.<br>Siga o Grande Pr\u00eamio no&nbsp;<a href=\"https:\/\/twitter.com\/grandepremio\" target=\"_blank\" rel=\"noreferrer noopener\">Twitter&nbsp;<\/a>e no&nbsp;<a href=\"https:\/\/instagram.com\/grandepremio\" target=\"_blank\" rel=\"noreferrer noopener\">Instagram<\/a>!<\/strong><\/p>\n\n\n\n<p class=\"wp-block-paragraph\">Johann Zarco registrou 1min33s181 e ficou com o quarto tempo, \u00e0 frente de Bradley Smith. Joan Mir aparece como melhor Suzuki, em sexto, acompanhado por Jack Miller.<\/p>\n\n\n\n<p class=\"wp-block-paragraph\"><a href=\"https:\/\/www.grandepremio.com\/br\/motogp\/noticias\/crutchlow-passa-por-cirurgia-no-braco-e-mostra-detalhes-nas-redes-sociais\/\" target=\"_blank\" rel=\"noreferrer noopener\">Vindo de uma cirurgia no bra\u00e7o<\/a>, Cal Crutchlow fez o oitavo tempo, \u00e0 frente de Pol Espargar\u00f3. Takaaki Nakagami completa um top-10 coberto por 1s456.<\/p>\n\n\n\n<p class=\"wp-block-paragraph\">Correndo em casa, Valentino Rossi chegou a fazer uma volta para ficar dentro do top-10, mas teve o tempo cancelado por extrapolar os limites da pista e acabou em 11\u00ba, 1s495 atr\u00e1s do companheiro de Yamaha.<\/p>\n\n\n\n<p class=\"wp-block-paragraph\">O <strong>GRANDE PR\u00caMIO<\/strong> acompanha todas as atividades do <a href=\"https:\/\/www.grandepremio.com\/br\/motogp\/ultimas-noticias\/?fl=true&amp;utm_source=lance\" target=\"_blank\" rel=\"noreferrer noopener\">GP de San Marino e da Riviera de Rimini<\/a>, s\u00e9tima etapa do Mundial de Motovelocidade 2020.<\/p>\n\n\n\n<h4 class=\"wp-block-heading\"><strong>Saiba como foi o treino livre 1 em Misano:<\/strong><\/h4>\n\n\n\n<p class=\"wp-block-paragraph\">Em uma manh\u00e3 de sol no Circuito Marco Simoncelli, a MotoGP entrou na pista com os term\u00f4metros marcando 27\u00b0C, com o asfalto chegando a 23\u00b0C. A velocidade do vento era de 3 km\/h.<\/p>\n\n\n\n<p class=\"wp-block-paragraph\">Aleix Espargar\u00f3 abriu a sexta-feira na ponta, mas logo foi superado pelo irm\u00e3o Pol, que virou 0s532 mais r\u00e1pido. Vi\u00f1ales ocupara o terceiro posto, \u00e0 frente de Bradl e Morbidelli.<\/p>\n\n\n\n<p class=\"wp-block-paragraph\">Um pouco depois, o piloto da Aprilia melhorou para reduzir a vantagem de Pol para s\u00f3 0s023. Johann Zarco agora era o terceiro, com Stefan Bradl ainda rodando entre os ponteiros.<\/p>\n\n\n\n<figure class=\"wp-block-embed-twitter wp-block-embed is-type-rich is-provider-twitter\"><div class=\"wp-block-embed__wrapper\">\n<blockquote class=\"twitter-tweet\" data-width=\"500\" data-dnt=\"true\"><p lang=\"en\" dir=\"ltr\">Awesome to have you back! \u2764\ufe0f<a href=\"https:\/\/x.com\/circuitomisano?ref_src=twsrc%5Etfw\">@circuitomisano<\/a> welcomes a limited number of fans into the grandstands with social distancing measures in place! \ud83d\udc4d<a href=\"https:\/\/x.com\/hashtag\/SanMarinoGP?src=hash&amp;ref_src=twsrc%5Etfw\">#SanMarinoGP<\/a> \ud83c\uddf8\ud83c\uddf2 <a href=\"https:\/\/t.co\/9kluIB9BJe\">pic.twitter.com\/9kluIB9BJe<\/a><\/p>&mdash; MotoGP\u2122\ud83c\udfc1 (@MotoGP) <a href=\"https:\/\/x.com\/MotoGP\/status\/1304326922483240962?ref_src=twsrc%5Etfw\">September 11, 2020<\/a><\/blockquote><script async src=\"https:\/\/platform.x.com\/widgets.js\" charset=\"utf-8\"><\/script>\n<\/div><\/figure>\n\n\n\n<p class=\"wp-block-paragraph\">L\u00edder do Mundial, Fabio Quartararo cravou 1min34s039 e assumiu brevemente a ponta, mas logo foi superado por um Pol Espargar\u00f3 0s432 mais r\u00e1pido. Vi\u00f1ales tamb\u00e9m foi melhor e se colocou em segundo.<\/p>\n\n\n\n<p class=\"wp-block-paragraph\">Maverick, por\u00e9m, insistiu mais um pouco e anotou 1min33s479 na s\u00e9tima volta, assumindo o comando com 0s128 de margem para Pol. Zarco, Quartararo e Morbidelli formavam o top-5.<\/p>\n\n\n\n<p class=\"wp-block-paragraph\">Mais atr\u00e1s, Valentino foi 1min34s013 e assumiu a sexta coloca\u00e7\u00e3o, 0s534 mais lento que o companheiro de Yamaha. Joan Mir vinha em seguida, com Aleix, Bagnaia e Miller fechando o top-10.<\/p>\n\n\n\n<p class=\"wp-block-paragraph\">Depois de uma passagem pelos boxes, Quartararo voltou com um pneu novo macio na dianteira e um m\u00e9dio atr\u00e1s e anotou 1min33s435 para assumir a ponta, 0s044 melhor que Vi\u00f1ales. Pol cai para terceiro, seguido por Morbidelli, Zarco, Rossi, Mir, Aleix, Bagnaia e Miller.<\/p>\n\n\n\n<figure class=\"wp-block-embed-twitter wp-block-embed is-type-rich is-provider-twitter\"><div class=\"wp-block-embed__wrapper\">\n<blockquote class=\"twitter-tweet\" data-width=\"500\" data-dnt=\"true\"><p lang=\"en\" dir=\"ltr\">A bumpy ride for <a href=\"https:\/\/x.com\/jackmilleraus?ref_src=twsrc%5Etfw\">@jackmilleraus<\/a>? \u270a<br><br>It doesn&#39;t appear to be slowing the <a href=\"https:\/\/x.com\/pramacracing?ref_src=twsrc%5Etfw\">@pramacracing<\/a> rider too much! \ud83d\ude0e<a href=\"https:\/\/x.com\/hashtag\/SanMarinoGP?src=hash&amp;ref_src=twsrc%5Etfw\">#SanMarinoGP<\/a> \ud83c\uddf8\ud83c\uddf2 <a href=\"https:\/\/t.co\/Uz1YqAVLdw\">pic.twitter.com\/Uz1YqAVLdw<\/a><\/p>&mdash; MotoGP\u2122\ud83c\udfc1 (@MotoGP) <a href=\"https:\/\/x.com\/MotoGP\/status\/1304335678692569088?ref_src=twsrc%5Etfw\">September 11, 2020<\/a><\/blockquote><script async src=\"https:\/\/platform.x.com\/widgets.js\" charset=\"utf-8\"><\/script>\n<\/div><\/figure>\n\n\n\n<p class=\"wp-block-paragraph\">Jack Miller apareceu em seguida para anotar 1min33s502 e subir para o terceiro posto, 0s067 mais lento que Quartararo. Joan Mir tamb\u00e9m foi melhor e agora ocupava o s\u00e9timo posto.<\/p>\n\n\n\n<p class=\"wp-block-paragraph\">Brad Binder seguiu o mesmo caminho, registrou 1,on33s862 e assumiu a oitava coloca\u00e7\u00e3o, 0s427 atr\u00e1s do l\u00edder. Mais 0s151 atr\u00e1s, Rossi caiu para nono, seguido por Rins. Mir melhorou e foi para a \u00faltima rodada de pit-stops com o terceiro posto.<\/p>\n\n\n\n<p class=\"wp-block-paragraph\">Rec\u00e9m-operado, Cal Crutchlow veio para um dia de sofrimento, j\u00e1 que est\u00e1 tendo problemas com os efeitos da cirurgia. Com menos de 6 minutos para o fim da sess\u00e3o, o brit\u00e2nico da LCR tinha o 14\u00ba tempo.<\/p>\n\n\n\n<p class=\"wp-block-paragraph\">Enquanto isso, Quartararo baixou para 1min33s215 e abriu 0s264 de margem para Vi\u00f1ales. Mir era o terceiro, \u00e0 frente de Miller, Pol e Morbidelli.<\/p>\n\n\n\n<figure class=\"wp-block-embed-twitter wp-block-embed is-type-rich is-provider-twitter\"><div class=\"wp-block-embed__wrapper\">\n<blockquote class=\"twitter-tweet\" data-width=\"500\" data-dnt=\"true\"><p lang=\"en\" dir=\"ltr\">After a tricky start to the session, <a href=\"https:\/\/x.com\/AndreaDovizioso?ref_src=twsrc%5Etfw\">@AndreaDovizioso<\/a> is climbing up the order! \u2b06\ufe0f<a href=\"https:\/\/x.com\/hashtag\/SanMarinoGP?src=hash&amp;ref_src=twsrc%5Etfw\">#SanMarinoGP<\/a> \ud83c\uddf8\ud83c\uddf2 <a href=\"https:\/\/t.co\/dsSpqGejJw\">pic.twitter.com\/dsSpqGejJw<\/a><\/p>&mdash; MotoGP\u2122\ud83c\udfc1 (@MotoGP) <a href=\"https:\/\/x.com\/MotoGP\/status\/1304337905587023872?ref_src=twsrc%5Etfw\">September 11, 2020<\/a><\/blockquote><script async src=\"https:\/\/platform.x.com\/widgets.js\" charset=\"utf-8\"><\/script>\n<\/div><\/figure>\n\n\n\n<p class=\"wp-block-paragraph\">Protagonista da Honda na aus\u00eancia de Marc M\u00e1rquez, Takaaki Nakagami anotou 1min34s003 e assumiu o d\u00e9cimo lugar, 0s914 mais lento que o l\u00edder.<\/p>\n\n\n\n<p class=\"wp-block-paragraph\">Na sequ\u00eancia, tudo mudou. Vi\u00f1ales tomou a ponta com 1min2s760, 0s088 melhor que Quartararo, que caiu para segundo. Aleix aproveitou o v\u00e1cuo da Yamaha #12 para subir para terceiro, \u00e0 frente de Zarco, Smith e Mir. Crutchlow tamb\u00e9m apertou o passo e agora era oitavo.<\/p>\n\n\n\n<p class=\"wp-block-paragraph\">Com o cron\u00f4metro travado em Misano, Rossi avan\u00e7ou para o oitavo posto, 0s771 mais lento que Vi\u00f1ales. A volta, por\u00e9m, acabou cancelada por conta dos limites de pista.<\/p>\n\n\n\n<p class=\"wp-block-paragraph\">Vi\u00f1ales, por outro lado, deu um giro limpo e, com 1min32s198, manteve a ponta com 0s550 de margem para Quartararo. Aleix fecha o top-3.<\/p>\n\n\n\n<h4 class=\"wp-block-heading\"><strong><a href=\"https:\/\/www.grandepremio.com\/br\/galeria\/motogp\/as-imagens-dos-treinos-do-gp-de-san-marino-de-motogp\/\" target=\"_blank\" rel=\"noreferrer noopener\">Confira as imagens do primeiro dia de treinos da MotoGP em Misano<\/a><\/strong><\/h4>\n\n\n\n<figure class=\"wp-block-image size-large is-style-rounded\"><a href=\"https:\/\/www.grandepremio.com\/br\/galeria\/motogp\/as-imagens-dos-treinos-do-gp-de-san-marino-de-motogp\/\"><img decoding=\"async\" src=\"https:\/\/www.grandepremio.com\/br\/wp-content\/uploads\/2020\/09\/357815_Miguel-Oliveira_Tech3_KTM-RC16_MotoGP_Misano-World-Circuit-Marco-Simoncelli-_ITA_2020-09-11-4-1024x682.jpg\" alt=\"\" class=\"wp-image-416706\"\/><\/a><figcaption>Miguel Oliveira e Bradley Smith (Foto: KTM)<\/figcaption><\/figure>\n\n\n\n<p class=\"wp-block-paragraph\"><strong>MotoGP 2020, GP de San Marino e Riviera de Rimini, Misano, treino livre 1<\/strong><\/p>\n\n\n\n<figure class=\"wp-block-table\"><table><tbody><tr><td>1<\/td><td>M VI\u00d1ALES<\/td><td>Yamaha<\/td><td>1:32.198<\/td><td>&nbsp;<\/td><\/tr><tr><td>2<\/td><td>F QUARTARARO<\/td><td>SRT Yamaha<\/td><td>1:32.748<\/td><td>+0.550<\/td><\/tr><tr><td>3<\/td><td>A ESPARGAR\u00d3<\/td><td>Aprilia Gresini<\/td><td>1:32.949<\/td><td>+0.751<\/td><\/tr><tr><td>4<\/td><td>J ZARCO<\/td><td>Avintia Ducati<\/td><td>1:33.181<\/td><td>+0.983<\/td><\/tr><tr><td>5<\/td><td>B SMITH<\/td><td>Aprilia Gresini<\/td><td>1:33.244<\/td><td>+1.046<\/td><\/tr><tr><td>6<\/td><td>J MIR<\/td><td>Suzuki<\/td><td>1:33.497<\/td><td>+1.299<\/td><\/tr><tr><td>7<\/td><td>J MILLER<\/td><td>Pramac Ducati<\/td><td>1:33.502<\/td><td>+1.304<\/td><\/tr><tr><td>8<\/td><td>C CRUTCHLOW<\/td><td>LCR Honda<\/td><td>1:33.538<\/td><td>+1.340<\/td><\/tr><tr><td>9<\/td><td>P ESPARGAR\u00d3<\/td><td>KTM<\/td><td>1:33.569<\/td><td>+1.371<\/td><\/tr><tr><td>10<\/td><td>T NAKAGAMI<\/td><td>LCR Honda<\/td><td>1:33.654<\/td><td>+1.456<\/td><\/tr><tr><td>11<\/td><td>V ROSSI<\/td><td>Yamaha<\/td><td>1:33.693<\/td><td>+1.495<\/td><\/tr><tr><td>12<\/td><td>F MORBIDELLI<\/td><td>SRT Yamaha<\/td><td>1:33.694<\/td><td>+1.496<\/td><\/tr><tr><td>13<\/td><td>B BINDER<\/td><td>KTM<\/td><td>1:33.828<\/td><td>+1.630<\/td><\/tr><tr><td>14<\/td><td>A DOVIZIOSO<\/td><td>Ducati<\/td><td>1:33.868<\/td><td>+1.670<\/td><\/tr><tr><td>15<\/td><td>A M\u00c1RQUEZ<\/td><td>Honda<\/td><td>1:33.921<\/td><td>+1.723<\/td><\/tr><tr><td>16<\/td><td>A RINS<\/td><td>Suzuki<\/td><td>1:34.040<\/td><td>+1.842<\/td><\/tr><tr><td>17<\/td><td>D PETRUCCI<\/td><td>Ducati<\/td><td>1:34.101<\/td><td>+1.903<\/td><\/tr><tr><td>18<\/td><td>F BAGNAIA<\/td><td>Pramac Ducati<\/td><td>1:34.154<\/td><td>+1.575<\/td><\/tr><tr><td>19<\/td><td>S BRADL<\/td><td>Honda<\/td><td>1:34.323<\/td><td>+2.125<\/td><\/tr><tr><td>20<\/td><td>I LECUONA<\/td><td>Tech3 KTM<\/td><td>1:34.553<\/td><td>+2.355<\/td><\/tr><tr><td>21<\/td><td>T RABAT<\/td><td>Avintia Ducati<\/td><td>1:34.619<\/td><td>+2.421<\/td><\/tr><tr><td>22<\/td><td>M OLIVEIRA<\/td><td>Tech3 KTM<\/td><td>1:34.645<\/td><td>+2.447<\/td><\/tr><\/tbody><\/table><\/figure>\n\n\n\n<figure class=\"wp-block-embed-dailymotion wp-block-embed is-type-video is-provider-dailymotion wp-embed-aspect-16-9 wp-has-aspect-ratio\"><div class=\"wp-block-embed__wrapper\">\n<iframe loading=\"lazy\" title=\"Ningu\u00e9m quer PUNI\u00c7\u00d5ES EM EXCESSO, mas MotoGP precisa de CONSIST\u00caNCIA | GP \u00e0s 10\" frameborder=\"0\" width=\"500\" height=\"281\" src=\"https:\/\/geo.dailymotion.com\/player.html?video=x7vuawt&#038;\" allowfullscreen allow=\"autoplay; fullscreen; picture-in-picture; web-share\"><\/iframe>\n<\/div><\/figure>\n\n\n\n<p class=\"wp-block-paragraph\"><\/p>\n","protected":false},"excerpt":{"rendered":"<p>O espanhol cravou 1min32s198 e assegurou a lideran\u00e7a do primeiro treino em Misano com 0s550 de vantagem para o l\u00edder do Mundial. Aleix Espargar\u00f3 colocou a Aprilia no terceiro posto<\/p>\n","protected":false},"author":0,"featured_media":1000404104,"comment_status":"closed","ping_status":"closed","sticky":false,"template":"","format":"standard","meta":{"42wp_featured_image_caption":"","42wp_featured_image_credits":"","42wp_featured_video":"","42wp_featured_image_hidden":false,"42wp_authors_list":[],"footnotes":""},"categories":[8],"tags":[143,133,151,142,131,26134,110,130,25070,144,132,24996,25020,79,174,78,173,25821,25819,847,3562,134,80,172],"42wp_author":[47113],"class_list":["post-127240","post","type-post","status-publish","format-standard","has-post-thumbnail","hentry","category-motogp","tag-andrea-dovizioso","tag-aprilia","tag-brad-binder","tag-danilo-petrucci","tag-ducati","tag-emilia-romanha","tag-fabio-quartararo","tag-honda","tag-italia-2","tag-johann-zarco","tag-ktm","tag-marc-marquez-2","tag-maverick-vinales-2","tag-moto-gp","tag-moto-gp-2020","tag-motogp","tag-motogp-2020","tag-motogp-2020-transmissao-brasil","tag-motogp-hoje","tag-mundial-de-motovelocidade","tag-san-marino","tag-suzuki","tag-valentino-rossi","tag-yamaha","42wp_author-juliana-tesser"],"_links":{"self":[{"href":"https:\/\/grandepremio.com\/br\/wp-json\/wp\/v2\/posts\/127240","targetHints":{"allow":["GET"]}}],"collection":[{"href":"https:\/\/grandepremio.com\/br\/wp-json\/wp\/v2\/posts"}],"about":[{"href":"https:\/\/grandepremio.com\/br\/wp-json\/wp\/v2\/types\/post"}],"replies":[{"embeddable":true,"href":"https:\/\/grandepremio.com\/br\/wp-json\/wp\/v2\/comments?post=127240"}],"version-history":[{"count":0,"href":"https:\/\/grandepremio.com\/br\/wp-json\/wp\/v2\/posts\/127240\/revisions"}],"wp:featuredmedia":[{"embeddable":true,"href":"https:\/\/grandepremio.com\/br\/wp-json\/wp\/v2\/media\/1000404104"}],"wp:attachment":[{"href":"https:\/\/grandepremio.com\/br\/wp-json\/wp\/v2\/media?parent=127240"}],"wp:term":[{"taxonomy":"category","embeddable":true,"href":"https:\/\/grandepremio.com\/br\/wp-json\/wp\/v2\/categories?post=127240"},{"taxonomy":"post_tag","embeddable":true,"href":"https:\/\/grandepremio.com\/br\/wp-json\/wp\/v2\/tags?post=127240"},{"taxonomy":"42wp_author","embeddable":true,"href":"https:\/\/grandepremio.com\/br\/wp-json\/wp\/v2\/42wp_author?post=127240"}],"curies":[{"name":"wp","href":"https:\/\/api.w.org\/{rel}","templated":true}]}}