{"id":127244,"date":"2020-09-10T19:30:04","date_gmt":"2020-09-10T22:30:04","guid":{"rendered":"https:\/\/grandepremio.com\/br\/noticias\/23-vettel-de-casa-nova-alonso-de-volta-e-vitoria-da-alphatauri-2020-mudou-f1\/"},"modified":"2020-09-10T18:36:26","modified_gmt":"2020-09-10T21:36:26","slug":"23-vettel-de-casa-nova-alonso-de-volta-e-vitoria-da-alphatauri-2020-mudou-f1","status":"publish","type":"post","link":"https:\/\/grandepremio.com\/br\/cadeira-cativa\/23-vettel-de-casa-nova-alonso-de-volta-e-vitoria-da-alphatauri-2020-mudou-f1\/","title":{"rendered":"#23: Vettel de casa nova, Alonso de volta e vit\u00f3ria da AlphaTauri: 2020 mudou F1"},"content":{"rendered":"\n<figure class=\"wp-block-embed-youtube wp-block-embed is-type-video is-provider-youtube wp-embed-aspect-16-9 wp-has-aspect-ratio\"><div class=\"wp-block-embed__wrapper\">\n<iframe loading=\"lazy\" title=\"EVERALDO MARQUES, VETTEL, ALONSO e vit\u00f3ria da ALPHATAURI: 2020 mudou F1 | Cadeira Cativa #23\" width=\"500\" height=\"281\" src=\"https:\/\/www.youtube.com\/embed\/BSRYIBvhZ1c?feature=oembed\" frameborder=\"0\" allow=\"accelerometer; autoplay; clipboard-write; encrypted-media; gyroscope; picture-in-picture; web-share\" referrerpolicy=\"strict-origin-when-cross-origin\" allowfullscreen><\/iframe>\n<\/div><\/figure>\n\n\n\n<p class=\"wp-block-paragraph\">O Cadeira Cativa traz uma edi\u00e7\u00e3o para falar sobre os movimentos de 2020 que moldaram o futuro da F\u00f3rmula 1. Tem a sa\u00edda de Sebastian Vettel da Ferrari, o retorno de Fernando Alonso e mais. Ubiratan Leal e Castilho de Andrade s\u00e3o os convidados desta quinta-feira (10), com a apresenta\u00e7\u00e3o de Flavio Gomes. A atra\u00e7\u00e3o vai ao ar, ao vivo, a partir das 20h (de Bras\u00edlia, GMT -3),\u00a0<a rel=\"noreferrer noopener\" href=\"https:\/\/www.youtube.com\/user\/sitegp\" target=\"_blank\">no canal do\u00a0<strong>GRANDE PR\u00caMIO<\/strong>\u00a0no YouTube<\/a>.<\/p>\n\n\n\n<p class=\"wp-block-paragraph\">Castilho de Andrade \u00e9 um renomado jornalista de automobilismo e volta para sua terceira participa\u00e7\u00e3o no programa. Tem carreira no Jornal da Tarde e Estado de S. Paulo. Atualmente \u00e9 diretor de imprensa do GP do Brasil de F\u00f3rmula 1 e colunista da Gazeta Esportiva.<\/p>\n\n\n\n<p class=\"wp-block-paragraph\">Ubiratan Leal \u00e9 um jornalista de vasta experi\u00eancia no campo esportivo. \u00c9 comentarista dos canais ESPN, trabalhou por Trivela, Ag\u00eancia Placar e tamb\u00e9m \u00e9 YouTuber, carregando um canal com mais de 100 mil inscritos.<\/p>\n","protected":false},"excerpt":{"rendered":"<p>O Cadeira Cativa chega a edi\u00e7\u00e3o #23 nesta quinta-feira (10). O programa, apresentado por Flavio Gomes, receber\u00e1 os jornalistas Ubiratan Leal e Castilho de Andrade para falar sobre como 2020 mudou a F\u00f3rmula 1<\/p>\n","protected":false},"author":0,"featured_media":1000416480,"comment_status":"closed","ping_status":"closed","sticky":false,"template":"","format":"standard","meta":{"42wp_featured_image_caption":"","42wp_featured_image_credits":"","42wp_featured_video":"","42wp_featured_image_hidden":false,"42wp_authors_list":[],"footnotes":""},"categories":[41],"tags":[24900,25283,176,210,26170],"42wp_author":[47119],"class_list":["post-127244","post","type-post","status-publish","format-standard","has-post-thumbnail","hentry","category-cadeira-cativa","tag-cadeira-cativa","tag-castilho-de-andrade","tag-fernando-alonso","tag-sebastian-vettel","tag-ubiratan-leal","42wp_author-gabriel-carvalho"],"_links":{"self":[{"href":"https:\/\/grandepremio.com\/br\/wp-json\/wp\/v2\/posts\/127244","targetHints":{"allow":["GET"]}}],"collection":[{"href":"https:\/\/grandepremio.com\/br\/wp-json\/wp\/v2\/posts"}],"about":[{"href":"https:\/\/grandepremio.com\/br\/wp-json\/wp\/v2\/types\/post"}],"replies":[{"embeddable":true,"href":"https:\/\/grandepremio.com\/br\/wp-json\/wp\/v2\/comments?post=127244"}],"version-history":[{"count":0,"href":"https:\/\/grandepremio.com\/br\/wp-json\/wp\/v2\/posts\/127244\/revisions"}],"wp:featuredmedia":[{"embeddable":true,"href":"https:\/\/grandepremio.com\/br\/wp-json\/wp\/v2\/media\/1000416480"}],"wp:attachment":[{"href":"https:\/\/grandepremio.com\/br\/wp-json\/wp\/v2\/media?parent=127244"}],"wp:term":[{"taxonomy":"category","embeddable":true,"href":"https:\/\/grandepremio.com\/br\/wp-json\/wp\/v2\/categories?post=127244"},{"taxonomy":"post_tag","embeddable":true,"href":"https:\/\/grandepremio.com\/br\/wp-json\/wp\/v2\/tags?post=127244"},{"taxonomy":"42wp_author","embeddable":true,"href":"https:\/\/grandepremio.com\/br\/wp-json\/wp\/v2\/42wp_author?post=127244"}],"curies":[{"name":"wp","href":"https:\/\/api.w.org\/{rel}","templated":true}]}}