{"id":127264,"date":"2020-09-10T09:26:28","date_gmt":"2020-09-10T12:26:28","guid":{"rendered":"https:\/\/grandepremio.com\/br\/noticias\/tech3-fala-em-time-dos-sonhos-com-fantasticos-binder-e-oliveira-na-ktm-em-2021\/"},"modified":"2020-09-10T10:50:35","modified_gmt":"2020-09-10T13:50:35","slug":"tech3-fala-em-time-dos-sonhos-com-fantasticos-binder-e-oliveira-na-ktm-em-2021","status":"publish","type":"post","link":"https:\/\/grandepremio.com\/br\/motogp\/tech3-fala-em-time-dos-sonhos-com-fantasticos-binder-e-oliveira-na-ktm-em-2021\/","title":{"rendered":"Tech3 v\u00ea time dos sonhos com \u201cfant\u00e1sticos\u201d Binder e Oliveira na KTM em 2021"},"content":{"rendered":"\n<p class=\"wp-block-paragraph\">Miguel Oliveira e Brad Binder v\u00e3o formar o time dos sonhos na KTM na temporada 2021 da MotoGP. Quem acredita nisso \u00e9 Herv\u00e9 Poncharal, chefe da Tech3, que destacou o talento e potencial da dupla e se mostrou animado para a reedi\u00e7\u00e3o da parceria.<\/p>\n\n\n\n<p class=\"wp-block-paragraph\">No pr\u00f3ximo ano, Pol Espargar\u00f3 vai deixar a f\u00e1brica austr\u00edaca para alinhar ao lado de Marc M\u00e1rquez na Honda. Portanto, o portugu\u00eas acabou promovido para o time principal, enquanto sua vaga vai ser ocupada por Danilo Petrucci.<\/p>\n\n\n\n<p class=\"wp-block-paragraph\">A dupla dos sonhos j\u00e1 era para ter acontecido em 2020, mas com a sa\u00edda prematura de Johann Zarco ainda no meio de 2019, a KTM teve de correr e acabou trazendo Binder. Brad e Miguel j\u00e1 foram companheiros nas classes menores, na Red Bull KTM Ajo, correndo lado a lado em 2015 na Moto3 e 2017 e 2018 na Moto2.<\/p>\n\n\n\n<p class=\"wp-block-paragraph\">\u201cOliveira com Binder, para mim, \u00e9 o time dos sonhos. Eram para serem meus pilotos neste ano, mas com toda a hist\u00f3ria de Zarco saindo, bl\u00e1 bl\u00e1 bl\u00e1, n\u00e3o aconteceu. Mas esses dois caras, os dois na Moto3, na Moto2, sempre disse a Aki [Ajo] \u2018voc\u00ea \u00e9 sortudo por ter o time dos sonhos\u2019\u201d, falou o dirigente ao Autosport.<\/p>\n\n\n\n<figure class=\"wp-block-image size-large\"><img decoding=\"async\" src=\"https:\/\/www.grandepremio.com\/br\/wp-content\/uploads\/2020\/09\/Ehe2fbPVgAM5BJ8.jpg\" alt=\"Brad Binder, Miguel Oliveira, KTM, MotoGP 2020\" class=\"wp-image-416287\"\/><figcaption>Binder e Oliveira conseguiram suas primeiras vit\u00f3rias em 2020 (Foto: Reprodu\u00e7\u00e3o)<\/figcaption><\/figure>\n\n\n\n<p class=\"wp-block-paragraph\"><strong>Conhe\u00e7a o canal do Grande Pr\u00eamio no YouTube! Clique&nbsp;<a href=\"https:\/\/youtube.com\/GrandePremioTV\" target=\"_blank\" rel=\"noreferrer noopener\">aqui<\/a>.<br>Siga o Grande Pr\u00eamio no&nbsp;<a href=\"https:\/\/twitter.com\/grandepremio\" target=\"_blank\" rel=\"noreferrer noopener\">Twitter&nbsp;<\/a>e no&nbsp;<a href=\"https:\/\/instagram.com\/grandepremio\" target=\"_blank\" rel=\"noreferrer noopener\">Instagram<\/a>!<\/strong><\/p>\n\n\n\n<p class=\"wp-block-paragraph\">\u201cE pensar que no ano que vem v\u00e3o estar juntos na KTM, disse para o pessoal da equipe que \u2018voc\u00eas s\u00e3o sortudos por terem dois pilotos incrivelmente r\u00e1pidos, \u00f3timas pessoas e com potencial inacredit\u00e1vel\u2019. Eles se gostam, mas \u00e9 claro que se estimulam, querem bater um ao outro e isso vai ser fant\u00e1stico\u201d, completou.<\/p>\n\n\n\n<p class=\"wp-block-paragraph\">Tanto Binder quanto Oliveira conseguiram suas primeiras vit\u00f3rias na MotoGP em 2020. O sul-africano triunfou no GP da Tch\u00e9quia enquanto o portugu\u00eas brilhou no GP da Est\u00edria. Isso resultou na perda das concess\u00f5es por parte da KTM.<\/p>\n\n\n\n<p class=\"wp-block-paragraph\"><a href=\"https:\/\/www.grandepremio.com\/br\/motogp\/classificacao\/?fl=true&amp;utm_source=lance\">Na classifica\u00e7\u00e3o do campeonato<\/a>, Brad aparece na quarta coloca\u00e7\u00e3o com 49 pontos, 21 de atraso para Fabio Quartararo, l\u00edder. Enquanto isso, Miguel ocupa o nono posto com 43 tentos, apenas seis atr\u00e1s do companheiro.<\/p>\n\n\n\n<p class=\"wp-block-paragraph\">O Mundial de Motovelocidade desembarca em Misano para disputar o GP de San Marino e Riviera de Rimini neste fim de semana. Essa \u00e9 a primeira prova da rodada dupla no circuito. A prova vai ser a primeira do calend\u00e1rio a receber p\u00fablico.<\/p>\n\n\n\n<figure class=\"wp-block-embed-youtube wp-block-embed is-type-video is-provider-youtube wp-embed-aspect-16-9 wp-has-aspect-ratio\"><div class=\"wp-block-embed__wrapper\">\n<iframe loading=\"lazy\" title=\"Sem Marc M\u00c1RQUEZ na MOTOGP 20, at\u00e9 KTM brilha com Brad BINDER  | GP \u00e0s 10\" width=\"500\" height=\"281\" src=\"https:\/\/www.youtube.com\/embed\/k-Nkmv8lpxU?feature=oembed\" frameborder=\"0\" allow=\"accelerometer; autoplay; clipboard-write; encrypted-media; gyroscope; picture-in-picture; web-share\" referrerpolicy=\"strict-origin-when-cross-origin\" allowfullscreen><\/iframe>\n<\/div><\/figure>\n","protected":false},"excerpt":{"rendered":"<p>Herv\u00e9 Poncharal, chefe do time, n\u00e3o poupou elogio aos r\u00e1pidos pilotos e destacou o bom relacionamento que ambos mant\u00eam<\/p>\n","protected":false},"author":0,"featured_media":1000416286,"comment_status":"closed","ping_status":"closed","sticky":false,"template":"","format":"standard","meta":{"42wp_featured_image_caption":"","42wp_featured_image_credits":"","42wp_featured_video":"","42wp_featured_image_hidden":false,"42wp_authors_list":[],"footnotes":""},"categories":[8],"tags":[151,25251,132,149,79,174,78,173,25821,25819,847,138,889],"42wp_author":[47123],"class_list":["post-127264","post","type-post","status-publish","format-standard","has-post-thumbnail","hentry","category-motogp","tag-brad-binder","tag-herve-poncharal","tag-ktm","tag-miguel-oliveira","tag-moto-gp","tag-moto-gp-2020","tag-motogp","tag-motogp-2020","tag-motogp-2020-transmissao-brasil","tag-motogp-hoje","tag-mundial-de-motovelocidade","tag-tech3","tag-temporada-2020-motogp","42wp_author-nathalia-de-vivo"],"_links":{"self":[{"href":"https:\/\/grandepremio.com\/br\/wp-json\/wp\/v2\/posts\/127264","targetHints":{"allow":["GET"]}}],"collection":[{"href":"https:\/\/grandepremio.com\/br\/wp-json\/wp\/v2\/posts"}],"about":[{"href":"https:\/\/grandepremio.com\/br\/wp-json\/wp\/v2\/types\/post"}],"replies":[{"embeddable":true,"href":"https:\/\/grandepremio.com\/br\/wp-json\/wp\/v2\/comments?post=127264"}],"version-history":[{"count":0,"href":"https:\/\/grandepremio.com\/br\/wp-json\/wp\/v2\/posts\/127264\/revisions"}],"wp:featuredmedia":[{"embeddable":true,"href":"https:\/\/grandepremio.com\/br\/wp-json\/wp\/v2\/media\/1000416286"}],"wp:attachment":[{"href":"https:\/\/grandepremio.com\/br\/wp-json\/wp\/v2\/media?parent=127264"}],"wp:term":[{"taxonomy":"category","embeddable":true,"href":"https:\/\/grandepremio.com\/br\/wp-json\/wp\/v2\/categories?post=127264"},{"taxonomy":"post_tag","embeddable":true,"href":"https:\/\/grandepremio.com\/br\/wp-json\/wp\/v2\/tags?post=127264"},{"taxonomy":"42wp_author","embeddable":true,"href":"https:\/\/grandepremio.com\/br\/wp-json\/wp\/v2\/42wp_author?post=127264"}],"curies":[{"name":"wp","href":"https:\/\/api.w.org\/{rel}","templated":true}]}}