{"id":127298,"date":"2020-09-09T09:23:30","date_gmt":"2020-09-09T12:23:30","guid":{"rendered":"https:\/\/grandepremio.com\/br\/noticias\/ainda-sem-oficializar-rossi-srt-desmente-rumores-sobre-dovizioso-para-2021\/"},"modified":"2020-09-09T12:43:34","modified_gmt":"2020-09-09T15:43:34","slug":"ainda-sem-oficializar-rossi-srt-desmente-rumores-sobre-dovizioso-para-2021","status":"publish","type":"post","link":"https:\/\/grandepremio.com\/br\/motogp\/ainda-sem-oficializar-rossi-srt-desmente-rumores-sobre-dovizioso-para-2021\/","title":{"rendered":"Ainda sem oficializar Rossi, Yamaha SRT desmente rumores sobre Dovizioso para 2021"},"content":{"rendered":"\n<figure class=\"wp-block-embed-youtube wp-block-embed is-type-video is-provider-youtube wp-embed-aspect-16-9 wp-has-aspect-ratio\"><div class=\"wp-block-embed__wrapper\">\n<iframe loading=\"lazy\" title=\"Virada incr\u00edvel de PIERRE GASLY na It\u00e1lia \u00e9 VIT\u00d3RIA da F1 | GP \u00e0s 10\" width=\"500\" height=\"281\" src=\"https:\/\/www.youtube.com\/embed\/IuImQFfjwlU?feature=oembed\" frameborder=\"0\" allow=\"accelerometer; autoplay; clipboard-write; encrypted-media; gyroscope; picture-in-picture; web-share\" referrerpolicy=\"strict-origin-when-cross-origin\" allowfullscreen><\/iframe>\n<\/div><\/figure>\n\n\n\n<p class=\"wp-block-paragraph\">O an\u00fancio de Valentino Rossi como piloto da Yamaha SRT para 2021 \u00e9 <a rel=\"noreferrer noopener\" href=\"https:\/\/www.grandepremio.com\/br\/motogp\/noticias\/yamaha-nega-barreiras-e-diz-que-acordo-entre-rossi-e-srt-e-questao-de-formalidades\/\" target=\"_blank\">&#8220;quest\u00e3o de formalidades&#8221;<\/a>, segundo a montadora japonesa. Apesar disso, nesta semana, jornalistas europeus afirmaram que a demora em oficializar o acordo n\u00e3o \u00e9 apenas por burocracia, mas pela inten\u00e7\u00e3o da equipe em contar com Andrea Dovizioso na pr\u00f3xima temporada.<\/p>\n\n\n\n<p class=\"wp-block-paragraph\">Ve\u00edculos de imprensa europeus informaram antes do GP de San Marino que Valentino Rossi deve se aposentar da MotoGP e, com isso, Andrea Dovizioso \u2014 de sa\u00edda da Ducati ap\u00f3s a temporada 2020 \u2014 iria para a Yamaha SRT no pr\u00f3ximo ano. Razlan Razali, chefe da equipe, fez quest\u00e3o de desmentir os boatos.<\/p>\n\n\n\n<p class=\"wp-block-paragraph\"><strong>Conhe\u00e7a o canal do Grande Pr\u00eamio no YouTube! Clique&nbsp;<a href=\"https:\/\/youtube.com\/GrandePremioTV\" target=\"_blank\" rel=\"noreferrer noopener\">aqui<\/a>.<br>Siga o Grande Pr\u00eamio no&nbsp;<a href=\"https:\/\/twitter.com\/grandepremio\" target=\"_blank\" rel=\"noreferrer noopener\">Twitter&nbsp;<\/a>e no&nbsp;<a href=\"https:\/\/instagram.com\/grandepremio\" target=\"_blank\" rel=\"noreferrer noopener\">Instagram<\/a>!<\/strong><\/p>\n\n\n\n<figure class=\"wp-block-image size-large\"><img decoding=\"async\" src=\"https:\/\/www.grandepremio.com\/br\/wp-content\/uploads\/2020\/08\/SI202008220127_news-1024x683.jpg\" alt=\"\" class=\"wp-image-409871\"\/><figcaption>Andrea Dovizioso ainda busca uma vaga na pr\u00f3xima temporada (Foto: Red Bull Content Pool)<\/figcaption><\/figure>\n\n\n\n<p class=\"wp-block-paragraph\">&#8220;Deixando bem claro, n\u00e3o estamos considerando Dovizioso para 2021&#8221;, escreveu Razali em uma rede social.<\/p>\n\n\n\n<p class=\"wp-block-paragraph\">Dovizioso confirmou sua sa\u00edda da Ducati durante o GP da \u00c1ustria deste ano, mas <a href=\"https:\/\/www.grandepremio.com\/br\/motogp\/noticias\/dovizioso-comunica-a-ducati-decisao-de-nao-renovar-contrato-para-2021\/\" target=\"_blank\" rel=\"noreferrer noopener\">ambas as partes n\u00e3o explicaram o motivo da ruptura<\/a>. O experiente piloto italiano sair\u00e1 da equipe no fim da temporada 2020 ap\u00f3s oito anos, 14 vit\u00f3rias e tr\u00eas vice-campeonatos. Seu futuro, por\u00e9m, permanece indefinido.<\/p>\n\n\n\n<p class=\"wp-block-paragraph\">Rumores j\u00e1 colocaram Dovizioso na KTM, mas a montadora austr\u00edaca fechou as duplas de pilotos para 2021 \u2014 na equipe de f\u00e1brica e tamb\u00e9m na Tech3. A Aprilia pode ser uma op\u00e7\u00e3o para o italiano, pois o time ainda espera pela volta de Andrea Iannone ap\u00f3s a puni\u00e7\u00e3o de 18 meses por doping, mas Dovi avisou que n\u00e3o pretende ficar na MotoGP <a href=\"https:\/\/www.grandepremio.com\/br\/motogp\/noticias\/dovizioso-descarta-seguir-na-motogp-so-por-estar-nao-e-o-que-quero\/\" target=\"_blank\" rel=\"noreferrer noopener\">&#8220;s\u00f3 por estar&#8221;<\/a>.<\/p>\n","protected":false},"excerpt":{"rendered":"<p>Valentino Rossi est\u00e1 praticamente confirmado na SRT em 2021. Mesmo assim, not\u00edcias na imprensa europeia indicaram que o time iria atr\u00e1s de Andrea Dovizioso para a pr\u00f3xima temporada e obrigaram o chefe a desmentir tudo<\/p>\n","protected":false},"author":0,"featured_media":1000406666,"comment_status":"closed","ping_status":"closed","sticky":false,"template":"","format":"standard","meta":{"42wp_featured_image_caption":"","42wp_featured_image_credits":"","42wp_featured_video":"","42wp_featured_image_hidden":false,"42wp_authors_list":[],"footnotes":""},"categories":[8],"tags":[143,131,78,490,25441,80],"42wp_author":[47135],"class_list":["post-127298","post","type-post","status-publish","format-standard","has-post-thumbnail","hentry","category-motogp","tag-andrea-dovizioso","tag-ducati","tag-motogp","tag-motogp-2021","tag-srt","tag-valentino-rossi","42wp_author-pedro-luis-cuenca"],"_links":{"self":[{"href":"https:\/\/grandepremio.com\/br\/wp-json\/wp\/v2\/posts\/127298","targetHints":{"allow":["GET"]}}],"collection":[{"href":"https:\/\/grandepremio.com\/br\/wp-json\/wp\/v2\/posts"}],"about":[{"href":"https:\/\/grandepremio.com\/br\/wp-json\/wp\/v2\/types\/post"}],"replies":[{"embeddable":true,"href":"https:\/\/grandepremio.com\/br\/wp-json\/wp\/v2\/comments?post=127298"}],"version-history":[{"count":0,"href":"https:\/\/grandepremio.com\/br\/wp-json\/wp\/v2\/posts\/127298\/revisions"}],"wp:featuredmedia":[{"embeddable":true,"href":"https:\/\/grandepremio.com\/br\/wp-json\/wp\/v2\/media\/1000406666"}],"wp:attachment":[{"href":"https:\/\/grandepremio.com\/br\/wp-json\/wp\/v2\/media?parent=127298"}],"wp:term":[{"taxonomy":"category","embeddable":true,"href":"https:\/\/grandepremio.com\/br\/wp-json\/wp\/v2\/categories?post=127298"},{"taxonomy":"post_tag","embeddable":true,"href":"https:\/\/grandepremio.com\/br\/wp-json\/wp\/v2\/tags?post=127298"},{"taxonomy":"42wp_author","embeddable":true,"href":"https:\/\/grandepremio.com\/br\/wp-json\/wp\/v2\/42wp_author?post=127298"}],"curies":[{"name":"wp","href":"https:\/\/api.w.org\/{rel}","templated":true}]}}