{"id":127302,"date":"2020-09-09T07:22:42","date_gmt":"2020-09-09T10:22:42","guid":{"rendered":"https:\/\/grandepremio.com\/br\/noticias\/oito-anos-cobram-seu-preco-wolff-reflete-sobre-deixar-posto-de-chefe-da-mercedes\/"},"modified":"2020-09-09T07:22:47","modified_gmt":"2020-09-09T10:22:47","slug":"oito-anos-cobram-seu-preco-wolff-reflete-sobre-deixar-posto-de-chefe-da-mercedes","status":"publish","type":"post","link":"https:\/\/grandepremio.com\/br\/f1\/oito-anos-cobram-seu-preco-wolff-reflete-sobre-deixar-posto-de-chefe-da-mercedes\/","title":{"rendered":"\u201cOito anos cobram seu pre\u00e7o\u201d: Wolff reflete sobre deixar posto de chefe da Mercedes"},"content":{"rendered":"\n<figure class=\"wp-block-embed-youtube wp-block-embed is-type-video is-provider-youtube wp-embed-aspect-16-9 wp-has-aspect-ratio\"><div class=\"wp-block-embed__wrapper\">\n<iframe loading=\"lazy\" title=\"A reden\u00e7\u00e3o de GASLY + F1 e MotoGP no Brasil | Paddock GP #213\" width=\"500\" height=\"281\" src=\"https:\/\/www.youtube.com\/embed\/c3UxalGYhtI?feature=oembed\" frameborder=\"0\" allow=\"accelerometer; autoplay; clipboard-write; encrypted-media; gyroscope; picture-in-picture; web-share\" referrerpolicy=\"strict-origin-when-cross-origin\" allowfullscreen><\/iframe>\n<\/div><\/figure>\n\n\n\n<p class=\"wp-block-paragraph\">Um dos grandes pilares do sucesso da Mercedes na F\u00f3rmula 1 est\u00e1 prestes a definir seu futuro na estrutura da equipe de Brackley. Chefe da equipe desde 2013, Toto Wolff tem contrato a vencer ao fim do ano e, por enquanto, a \u00fanica certeza que o ex-piloto, empres\u00e1rio, investidor e dirigente tem no momento \u00e9 a que vai seguir na Mercedes. N\u00e3o necessariamente na fun\u00e7\u00e3o que ocupa atualmente.<\/p>\n\n\n\n<p class=\"wp-block-paragraph\">No \u00faltimo fim de semana, em entrevista veiculada pelo site norte-americano \u2018Motorsport.com\u2019, Wolff deixou <a href=\"https:\/\/www.grandepremio.com\/br\/f1\/noticias\/wolff-revela-incerteza-sobre-cargo-dentro-da-mercedes-apos-2020\/\">nas entrelinhas que est\u00e1 desgastado em raz\u00e3o da rotina fren\u00e9tica de viagens que a F\u00f3rmula 1 imp\u00f5e a seus funcion\u00e1rios ano a ano<\/a>.<\/p>\n\n\n\n<figure class=\"wp-block-image size-large\"><img decoding=\"async\" src=\"https:\/\/www.grandepremio.com\/br\/wp-content\/uploads\/2020\/09\/M232761-1024x682.jpg\" alt=\"TOTO WOLFF; MERCEDES\" class=\"wp-image-413322\"\/><figcaption>Toto Wolff pondera sobre seu futuro na equipe hexacampe\u00e3 do mundo (Foto: Mercedes)<\/figcaption><\/figure>\n\n\n\n<p class=\"wp-block-paragraph\"><strong>Conhe\u00e7a o canal do Grande Pr\u00eamio no YouTube! Clique&nbsp;<a href=\"https:\/\/youtube.com\/GrandePremioTV\" target=\"_blank\" rel=\"noreferrer noopener\">aqui<\/a>.<br>Siga o Grande Pr\u00eamio no&nbsp;<a href=\"https:\/\/twitter.com\/grandepremio\" target=\"_blank\" rel=\"noreferrer noopener\">Twitter&nbsp;<\/a>e no&nbsp;<a href=\"https:\/\/instagram.com\/grandepremio\" target=\"_blank\" rel=\"noreferrer noopener\">Instagram<\/a>!<\/strong><\/p>\n\n\n\n<p class=\"wp-block-paragraph\">Nas \u00faltimas categorias, o Mundial vem realizando em m\u00e9dia 20 corridas por campeonato, e ainda que neste incomum 2020 a categoria tivesse de confrontar com uma pausa inesperada em raz\u00e3o da pandemia, tem um cronograma de 17 etapas \u2018espremidas\u2019 no segundo semestre, sendo que a corrida deste fim de semana, o GP da Toscana, em Mugello, vai ser o desfecho da terceira rodada tripla na temporada.<\/p>\n\n\n\n<p class=\"wp-block-paragraph\">Por isso, Wolff pensa muito sobre o pr\u00f3ximo passo na Mercedes. Onde se sente em casa. \u201cAmo essa equipe e me dou muito bem com <a href=\"https:\/\/www.grandepremio.com\/br\/f1\/noticias\/wolff-nega-relacao-ruim-com-novo-ceo-da-mercedes-temos-uma-amizade\/\">Ola Kallenius [CEO da Mercedes]<\/a>. Acho que este \u00e9 o meu lugar\u201d, declarou.<\/p>\n\n\n\n<p class=\"wp-block-paragraph\">\u201cS\u00f3 que oito anos nesta equipe como chefe est\u00e3o cobrando seu pre\u00e7o, e isso \u00e9 algo em que estou refletindo. \u00c9 importante tomar a decis\u00e3o certa para mim e minha fam\u00edlia, mas voc\u00ea pode ter certeza de que estarei envolvido nesta equipe de uma forma ou de outra\u201d, salientou.<\/p>\n\n\n\n<p class=\"wp-block-paragraph\">Desta forma, Toto reitera, mais uma vez, que n\u00e3o tem a inten\u00e7\u00e3o de deixar a Mercedes. <a href=\"https:\/\/www.grandepremio.com\/br\/f1\/noticias\/wolff-afirma-que-boato-sobre-troca-de-mercedes-por-aston-martin-e-uma-idiotice\/\">No meio do ano, o nome do austr\u00edaco foi ligado \u00e0 Aston Martin, do amigo Lawrence Stroll, depois que o dirigente comprou a\u00e7\u00f5es da marca brit\u00e2nica<\/a>. Mas Wolff avisou que a opera\u00e7\u00e3o financeira foi simplesmente um investimento.<\/p>\n\n\n\n<p class=\"wp-block-paragraph\">Por outro lado, em entrevista ao jornal italiano La Gazzetta dello Sport, Toto ressaltou que n\u00e3o v\u00ea o futuro de Lewis Hamilton, que tamb\u00e9m tem seu contrato a vencer ao fim deste ano, atrelado \u00e0 sua perman\u00eancia ou n\u00e3o como chefe de equipe.<\/p>\n\n\n\n<p class=\"wp-block-paragraph\">\u201cNosso relacionamento \u00e9 forte, tanto quanto uma rela\u00e7\u00e3o profissional permite. Somos amigos\u201d, disse.<\/p>\n\n\n\n<p class=\"wp-block-paragraph\">\u201cMas se eu decidir sair, ele vai continuar vencendo porque h\u00e1 muita gente boa na equipe. \u00c9 como se ele tivesse de sair: perder\u00edamos um grande piloto, mas a Mercedes n\u00e3o come\u00e7aria a perder t\u00edtulos enquanto tivermos o melhor carro e os melhores pilotos\u201d, concluiu.<\/p>\n\n\n\n<p class=\"wp-block-paragraph\">O \u00fanico piloto da Mercedes garantido para a temporada 2021 at\u00e9 agora \u00e9 Valtteri Bottas, que ingressou na equipe em 2017 ap\u00f3s ser contratado para substituir o campe\u00e3o mundial do ano anterior, Nico Rosberg.<\/p>\n\n\n\n<figure class=\"wp-block-embed-youtube wp-block-embed is-type-video is-provider-youtube wp-embed-aspect-16-9 wp-has-aspect-ratio\"><div class=\"wp-block-embed__wrapper\">\n<iframe loading=\"lazy\" title=\"F1 2020: PIERRE GASLY x CARLOS SAINZ - a an\u00e1lise do GP DA IT\u00c1LIA | Briefing\" width=\"500\" height=\"281\" src=\"https:\/\/www.youtube.com\/embed\/5ARkKlvJRes?feature=oembed\" frameborder=\"0\" allow=\"accelerometer; autoplay; clipboard-write; encrypted-media; gyroscope; picture-in-picture; web-share\" referrerpolicy=\"strict-origin-when-cross-origin\" allowfullscreen><\/iframe>\n<\/div><\/figure>\n","protected":false},"excerpt":{"rendered":"<p>Toto Wolff deixou claro que pretende continuar na estrutura da equipe hexacampe\u00e3 do mundo, mas quer ter mais tempo e n\u00e3o pretende viajar tanto a partir do ano que vem<\/p>\n","protected":false},"author":0,"featured_media":1000413320,"comment_status":"closed","ping_status":"closed","sticky":false,"template":"","format":"standard","meta":{"42wp_featured_image_caption":"","42wp_featured_image_credits":"","42wp_featured_video":"","42wp_featured_image_hidden":false,"42wp_authors_list":[],"footnotes":""},"categories":[2],"tags":[147,118,24837,24860,607,24836,87,82,150],"42wp_author":[47110],"class_list":["post-127302","post","type-post","status-publish","format-standard","has-post-thumbnail","hentry","category-f1","tag-f1","tag-f1-2020","tag-formula-1-2","tag-formula-1-2020-2","tag-futuro","tag-grande-premio-2","tag-lewis-hamilton","tag-mercedes","tag-toto-wolff","42wp_author-fernando-silva"],"_links":{"self":[{"href":"https:\/\/grandepremio.com\/br\/wp-json\/wp\/v2\/posts\/127302","targetHints":{"allow":["GET"]}}],"collection":[{"href":"https:\/\/grandepremio.com\/br\/wp-json\/wp\/v2\/posts"}],"about":[{"href":"https:\/\/grandepremio.com\/br\/wp-json\/wp\/v2\/types\/post"}],"replies":[{"embeddable":true,"href":"https:\/\/grandepremio.com\/br\/wp-json\/wp\/v2\/comments?post=127302"}],"version-history":[{"count":0,"href":"https:\/\/grandepremio.com\/br\/wp-json\/wp\/v2\/posts\/127302\/revisions"}],"wp:featuredmedia":[{"embeddable":true,"href":"https:\/\/grandepremio.com\/br\/wp-json\/wp\/v2\/media\/1000413320"}],"wp:attachment":[{"href":"https:\/\/grandepremio.com\/br\/wp-json\/wp\/v2\/media?parent=127302"}],"wp:term":[{"taxonomy":"category","embeddable":true,"href":"https:\/\/grandepremio.com\/br\/wp-json\/wp\/v2\/categories?post=127302"},{"taxonomy":"post_tag","embeddable":true,"href":"https:\/\/grandepremio.com\/br\/wp-json\/wp\/v2\/tags?post=127302"},{"taxonomy":"42wp_author","embeddable":true,"href":"https:\/\/grandepremio.com\/br\/wp-json\/wp\/v2\/42wp_author?post=127302"}],"curies":[{"name":"wp","href":"https:\/\/api.w.org\/{rel}","templated":true}]}}