{"id":127312,"date":"2020-09-08T17:15:58","date_gmt":"2020-09-08T20:15:58","guid":{"rendered":"https:\/\/grandepremio.com\/br\/noticias\/kanaan-explica-desejo-de-correr-apenas-em-ovais-da-indy-em-2021\/"},"modified":"2020-09-08T16:33:57","modified_gmt":"2020-09-08T19:33:57","slug":"kanaan-explica-desejo-de-correr-apenas-em-ovais-da-indy-em-2021","status":"publish","type":"post","link":"https:\/\/grandepremio.com\/br\/indy\/kanaan-explica-desejo-de-correr-apenas-em-ovais-da-indy-em-2021\/","title":{"rendered":"Kanaan explica desejo de correr apenas em ovais da Indy em 2021"},"content":{"rendered":"\n<p class=\"wp-block-paragraph\">No Cadeira Cativa #22, Tony Kanaan explicou que n\u00e3o se aposentou em definitivo e deseja voltar \u00e0s pistas na temporada 2021 da Indy para disputar algumas corridas, de prefer\u00eancia nos circuitos ovais. <\/p>\n\n\n\n<p class=\"wp-block-paragraph\">O Cadeira Cativa \u00e9 o programa do\u00a0<strong>GRANDE PR\u00caMIO<\/strong>\u00a0<a href=\"https:\/\/www.youtube.com\/playlist?list=PLULYLQYUzB5quTd-TVZPMhYwfGBYPTVy7\">que recebe jornalistas e personalidades marcantes da cobertura de esporte a motor do Brasil<\/a>.<\/p>\n\n\n\n<p class=\"wp-block-paragraph\"><strong>Conhe\u00e7a o canal do Grande Pr\u00eamio no YouTube! Clique\u00a0<a href=\"https:\/\/youtube.com\/GrandePremioTV\" target=\"_blank\" rel=\"noreferrer noopener\">aqui<\/a>.<br>Siga o Grande Pr\u00eamio no\u00a0<a href=\"https:\/\/twitter.com\/grandepremio\" target=\"_blank\" rel=\"noreferrer noopener\">Twitter\u00a0<\/a>e no\u00a0<a href=\"https:\/\/instagram.com\/grandepremio\" target=\"_blank\" rel=\"noreferrer noopener\">Instagram<\/a>!<\/strong><\/p>\n\n\n\n<p class=\"wp-block-paragraph\"><strong>Assista ao trecho completo abaixo:<\/strong><\/p>\n\n\n\n<figure class=\"wp-block-embed-youtube wp-block-embed is-type-video is-provider-youtube wp-embed-aspect-16-9 wp-has-aspect-ratio\"><div class=\"wp-block-embed__wrapper\">\n<iframe loading=\"lazy\" title=\"TONY KANAAN e a carreira na INDY - por ele mesmo | Cadeira Cativa #22\" width=\"500\" height=\"281\" src=\"https:\/\/www.youtube.com\/embed\/IXOJUz445xI?start=310&amp;feature=oembed\" frameborder=\"0\" allow=\"accelerometer; autoplay; clipboard-write; encrypted-media; gyroscope; picture-in-picture; web-share\" referrerpolicy=\"strict-origin-when-cross-origin\" allowfullscreen><\/iframe>\n<\/div><\/figure>\n\n\n","protected":false},"excerpt":{"rendered":"<p>No Cadeira Cativa #22, Tony Kanaan revelou seu desejo de voltar \u00e0 Indy em 2021 para correr apenas provas, especialmente em ovais. Ele ainda explicou o que fez tomar a decis\u00e3o ap\u00f3s a &#8220;aposentadoria fajuta&#8221; neste ano<\/p>\n","protected":false},"author":0,"featured_media":1000412647,"comment_status":"closed","ping_status":"closed","sticky":false,"template":"","format":"standard","meta":{"42wp_featured_image_caption":"","42wp_featured_image_credits":"","42wp_featured_video":"","42wp_featured_image_hidden":false,"42wp_authors_list":[],"footnotes":""},"categories":[3],"tags":[24900,230,93,96,321,486],"42wp_author":[47135],"class_list":["post-127312","post","type-post","status-publish","format-standard","has-post-thumbnail","hentry","category-indy","tag-cadeira-cativa","tag-gabriel-curty","tag-indy","tag-indy-2020","tag-tony-kanaan","tag-victor-martins","42wp_author-pedro-luis-cuenca"],"_links":{"self":[{"href":"https:\/\/grandepremio.com\/br\/wp-json\/wp\/v2\/posts\/127312","targetHints":{"allow":["GET"]}}],"collection":[{"href":"https:\/\/grandepremio.com\/br\/wp-json\/wp\/v2\/posts"}],"about":[{"href":"https:\/\/grandepremio.com\/br\/wp-json\/wp\/v2\/types\/post"}],"replies":[{"embeddable":true,"href":"https:\/\/grandepremio.com\/br\/wp-json\/wp\/v2\/comments?post=127312"}],"version-history":[{"count":0,"href":"https:\/\/grandepremio.com\/br\/wp-json\/wp\/v2\/posts\/127312\/revisions"}],"wp:featuredmedia":[{"embeddable":true,"href":"https:\/\/grandepremio.com\/br\/wp-json\/wp\/v2\/media\/1000412647"}],"wp:attachment":[{"href":"https:\/\/grandepremio.com\/br\/wp-json\/wp\/v2\/media?parent=127312"}],"wp:term":[{"taxonomy":"category","embeddable":true,"href":"https:\/\/grandepremio.com\/br\/wp-json\/wp\/v2\/categories?post=127312"},{"taxonomy":"post_tag","embeddable":true,"href":"https:\/\/grandepremio.com\/br\/wp-json\/wp\/v2\/tags?post=127312"},{"taxonomy":"42wp_author","embeddable":true,"href":"https:\/\/grandepremio.com\/br\/wp-json\/wp\/v2\/42wp_author?post=127312"}],"curies":[{"name":"wp","href":"https:\/\/api.w.org\/{rel}","templated":true}]}}