{"id":127313,"date":"2020-09-08T17:00:25","date_gmt":"2020-09-08T20:00:25","guid":{"rendered":"https:\/\/grandepremio.com\/br\/noticias\/como-esta-situacao-da-transmissao-da-motogp-no-brasil\/"},"modified":"2020-09-08T13:52:39","modified_gmt":"2020-09-08T16:52:39","slug":"como-esta-situacao-da-transmissao-da-motogp-no-brasil","status":"publish","type":"post","link":"https:\/\/grandepremio.com\/br\/motogp\/como-esta-situacao-da-transmissao-da-motogp-no-brasil\/","title":{"rendered":"Erro no d\u00e9bito autom\u00e1tico? Como est\u00e1 situa\u00e7\u00e3o da transmiss\u00e3o da MotoGP no Brasil"},"content":{"rendered":"\n<p class=\"wp-block-paragraph\">O <a href=\"https:\/\/www.youtube.com\/watch?v=c3UxalGYhtI&amp;?start=984\">Paddock GP #213<\/a> deu o panorama sobre a transmiss\u00e3o da MotoGP do Brasil. <a href=\"https:\/\/www.grandepremio.com\/br\/motogp\/noticias\/rio-motorpark-da-calote-e-ameaca-transmissao-da-motogp-no-fox-sports\/\">O grupo Rio Motorpark, detentor dos direitos, que s\u00e3o repassados para a FOX Sports, n\u00e3o efetuou o pagamento mais recente ao grupo Dorna, que promove o campeonato.<\/a><\/p>\n\n\n\n<p class=\"wp-block-paragraph\">A MotoGP promove o GP de San Marino entre os dias 11 e 13 de setembro<\/p>\n\n\n\n<p class=\"wp-block-paragraph\"><strong>Assista ao trecho completo abaixo:<\/strong><\/p>\n\n\n\n<figure class=\"wp-block-embed-youtube wp-block-embed is-type-video is-provider-youtube wp-embed-aspect-16-9 wp-has-aspect-ratio\"><div class=\"wp-block-embed__wrapper\">\n<iframe loading=\"lazy\" title=\"A reden\u00e7\u00e3o de GASLY + F1 e MotoGP no Brasil | Paddock GP #213\" width=\"500\" height=\"281\" src=\"https:\/\/www.youtube.com\/embed\/c3UxalGYhtI?feature=oembed\" frameborder=\"0\" allow=\"accelerometer; autoplay; clipboard-write; encrypted-media; gyroscope; picture-in-picture; web-share\" referrerpolicy=\"strict-origin-when-cross-origin\" allowfullscreen><\/iframe>\n<\/div><\/figure>\n\n\n","protected":false},"excerpt":{"rendered":"<p>O Paddock GP #213 deu informa\u00e7\u00f5es sobre a transmiss\u00e3o da MotoGP no Brasil. Rio Motorsport n\u00e3o pagou grupo Dorna e corrida de Misano pode ficar fora da programa\u00e7\u00e3o<\/p>\n","protected":false},"author":0,"featured_media":1000410355,"comment_status":"closed","ping_status":"closed","sticky":false,"template":"","format":"standard","meta":{"42wp_featured_image_caption":"","42wp_featured_image_credits":"","42wp_featured_video":"","42wp_featured_image_hidden":false,"42wp_authors_list":[],"footnotes":""},"categories":[8],"tags":[4800,25051,78,1537],"42wp_author":[47119],"class_list":["post-127313","post","type-post","status-publish","format-standard","has-post-thumbnail","hentry","category-motogp","tag-fox-sports","tag-gp-de-san-marino","tag-motogp","tag-paddock-gp","42wp_author-gabriel-carvalho"],"_links":{"self":[{"href":"https:\/\/grandepremio.com\/br\/wp-json\/wp\/v2\/posts\/127313","targetHints":{"allow":["GET"]}}],"collection":[{"href":"https:\/\/grandepremio.com\/br\/wp-json\/wp\/v2\/posts"}],"about":[{"href":"https:\/\/grandepremio.com\/br\/wp-json\/wp\/v2\/types\/post"}],"replies":[{"embeddable":true,"href":"https:\/\/grandepremio.com\/br\/wp-json\/wp\/v2\/comments?post=127313"}],"version-history":[{"count":0,"href":"https:\/\/grandepremio.com\/br\/wp-json\/wp\/v2\/posts\/127313\/revisions"}],"wp:featuredmedia":[{"embeddable":true,"href":"https:\/\/grandepremio.com\/br\/wp-json\/wp\/v2\/media\/1000410355"}],"wp:attachment":[{"href":"https:\/\/grandepremio.com\/br\/wp-json\/wp\/v2\/media?parent=127313"}],"wp:term":[{"taxonomy":"category","embeddable":true,"href":"https:\/\/grandepremio.com\/br\/wp-json\/wp\/v2\/categories?post=127313"},{"taxonomy":"post_tag","embeddable":true,"href":"https:\/\/grandepremio.com\/br\/wp-json\/wp\/v2\/tags?post=127313"},{"taxonomy":"42wp_author","embeddable":true,"href":"https:\/\/grandepremio.com\/br\/wp-json\/wp\/v2\/42wp_author?post=127313"}],"curies":[{"name":"wp","href":"https:\/\/api.w.org\/{rel}","templated":true}]}}