{"id":127331,"date":"2020-09-08T06:13:06","date_gmt":"2020-09-08T09:13:06","guid":{"rendered":"https:\/\/grandepremio.com\/br\/noticias\/hamilton-vira-dono-de-equipe-e-lanca-x44-para-primeira-temporada-da-extreme-e\/"},"modified":"2020-09-08T06:14:43","modified_gmt":"2020-09-08T09:14:43","slug":"hamilton-vira-dono-de-equipe-e-lanca-x44-para-primeira-temporada-da-extreme-e","status":"publish","type":"post","link":"https:\/\/grandepremio.com\/br\/formula-e\/hamilton-vira-dono-de-equipe-e-lanca-x44-para-primeira-temporada-da-extreme-e\/","title":{"rendered":"Hamilton vira dono de equipe e lan\u00e7a X44 para primeira temporada da Extreme E"},"content":{"rendered":"\n<figure class=\"wp-block-embed-youtube wp-block-embed is-type-video is-provider-youtube wp-embed-aspect-16-9 wp-has-aspect-ratio\"><div class=\"wp-block-embed__wrapper\">\n<iframe loading=\"lazy\" title=\"A reden\u00e7\u00e3o de GASLY + F1 e MotoGP no Brasil | Paddock GP #213\" width=\"500\" height=\"281\" src=\"https:\/\/www.youtube.com\/embed\/c3UxalGYhtI?feature=oembed\" frameborder=\"0\" allow=\"accelerometer; autoplay; clipboard-write; encrypted-media; gyroscope; picture-in-picture; web-share\" referrerpolicy=\"strict-origin-when-cross-origin\" allowfullscreen><\/iframe>\n<\/div><\/figure>\n\n\n\n<p class=\"wp-block-paragraph\">Lewis Hamilton \u00e9 o mais novo dono de equipe no esporte a motor. O hexacampe\u00e3o mundial de F\u00f3rmula 1 e l\u00edder da temporada 2020 com 47 pontos de vantagem para Valtteri Bottas e Max Verstappen anunciou nesta ter\u00e7a-feira (8) que vai entrar no grid da Extreme E, competi\u00e7\u00e3o que vai ser disputada com SUVs el\u00e9tricas em condi\u00e7\u00f5es clim\u00e1ticas extremas e em lugares distantes do planeta, com a nova equipe X44. Desta forma, o brit\u00e2nico de 35 anos consolida ainda mais a sua posi\u00e7\u00e3o em defesa da preserva\u00e7\u00e3o do meio ambiente e pela sustentabilidade.<\/p>\n\n\n\n<p class=\"wp-block-paragraph\">A X44 fecha o grid da primeira temporada da competi\u00e7\u00e3o e se une a Techeetah, Abt, Andretti\/United Autosports, Ganassi, HWA, QEV e Veloce como equipes j\u00e1 confirmadas para 2021.<\/p>\n\n\n\n<p class=\"wp-block-paragraph\">A proposta da nova Extreme E \u00e9 ser um \u201cnovo conceito esportivo e de entretenimento. As corridas v\u00e3o ser disputadas em todos os ambientes mais remotos do mundo para demonstrar a performance dos SUVs el\u00e9tricos em condi\u00e7\u00f5es clim\u00e1ticas extremas, al\u00e9m de destacar o impacto que a mudan\u00e7a clim\u00e1tica j\u00e1 est\u00e1 tendo em tais ecossistemas\u201d. Entre as novidades da categoria est\u00e1 a igualdade de g\u00eanero, com as equipes tendo de escalar um homem e uma mulher por carro inscrito. Nas corridas, ser\u00e3o duas voltas com sistema de piloto e copiloto, com os pilotos trocando de lugares ap\u00f3s um giro.<\/p>\n\n\n\n<figure class=\"wp-block-image size-large\"><img decoding=\"async\" src=\"https:\/\/www.grandepremio.com\/br\/wp-content\/uploads\/2020\/09\/X44-1024x683.jpg\" alt=\"EXTREME E; X44; LEWIS HAMILTON;\" class=\"wp-image-415513\"\/><figcaption>Lewis Hamilton vai entrar com equipe pr\u00f3pria no grid da Extreme E em 2021 (Foto: Divulga\u00e7\u00e3o)<\/figcaption><\/figure>\n\n\n\n<p class=\"wp-block-paragraph\"><strong>Conhe\u00e7a o canal do Grande Pr\u00eamio no YouTube! Clique&nbsp;<a href=\"https:\/\/youtube.com\/GrandePremioTV\" target=\"_blank\" rel=\"noreferrer noopener\">aqui<\/a>.<br>Siga o Grande Pr\u00eamio no&nbsp;<a href=\"https:\/\/twitter.com\/grandepremio\" target=\"_blank\" rel=\"noreferrer noopener\">Twitter&nbsp;<\/a>e no&nbsp;<a href=\"https:\/\/instagram.com\/grandepremio\" target=\"_blank\" rel=\"noreferrer noopener\">Instagram<\/a>!<\/strong><\/p>\n\n\n\n<p class=\"wp-block-paragraph\">Hamilton salientou que trata-se de \u201cum novo projeto empolgante e vai ser divertido ter uma fun\u00e7\u00e3o diferente. O que \u00e9 mais atraente, por\u00e9m, \u00e9 que a Extreme E n\u00e3o vai s\u00f3 aumentar a conscientiza\u00e7\u00e3o sobre algumas das quest\u00f5es ambientais mais cr\u00edticas que nosso planeta enfrenta, mas tamb\u00e9m vai fazer algo a respeito, trabalhando com organiza\u00e7\u00f5es de caridade locais para deixar um legado duradouro de mudan\u00e7a\u201d.<\/p>\n\n\n\n<p class=\"wp-block-paragraph\">\u201cCada um de n\u00f3s tem o poder de fazer a diferen\u00e7a, e isso significa muito para mim poder usar meu amor pelas corridas, junto com meu amor pelo nosso planeta, para ter um impacto positivo\u201d, continuou o piloto da Mercedes na F\u00f3rmula 1.<\/p>\n\n\n\n<figure class=\"wp-block-embed-twitter wp-block-embed is-type-rich is-provider-twitter\"><div class=\"wp-block-embed__wrapper\">\n<blockquote class=\"twitter-tweet\" data-width=\"500\" data-dnt=\"true\"><p lang=\"en\" dir=\"ltr\">Introducing\u2026 <a href=\"https:\/\/x.com\/TeamX44?ref_src=twsrc%5Etfw\">@TeamX44<\/a> &#8211; founded by <a href=\"https:\/\/x.com\/LewisHamilton?ref_src=twsrc%5Etfw\">@LewisHamilton<\/a>!<br><br>The Six-Time Formula One World Champion has launched his own race team, which will enter Extreme E Season 1.<a href=\"https:\/\/x.com\/hashtag\/ExtremeE?src=hash&amp;ref_src=twsrc%5Etfw\">#ExtremeE<\/a> <a href=\"https:\/\/x.com\/hashtag\/TeamX44?src=hash&amp;ref_src=twsrc%5Etfw\">#TeamX44<\/a><a href=\"https:\/\/x.com\/hashtag\/LewisHamilton?src=hash&amp;ref_src=twsrc%5Etfw\">#LewisHamilton<\/a> <a href=\"https:\/\/x.com\/hashtag\/ElectricOdyssey?src=hash&amp;ref_src=twsrc%5Etfw\">#ElectricOdyssey<\/a> <a href=\"https:\/\/t.co\/64G5Nx8KtO\">pic.twitter.com\/64G5Nx8KtO<\/a><\/p>&mdash; Extreme H (@fiaextremeh) <a href=\"https:\/\/x.com\/fiaextremeh\/status\/1303181486972121088?ref_src=twsrc%5Etfw\">September 8, 2020<\/a><\/blockquote><script async src=\"https:\/\/platform.x.com\/widgets.js\" charset=\"utf-8\"><\/script>\n<\/div><\/figure>\n\n\n\n<p class=\"wp-block-paragraph\">\u201cEstou ansioso pela participa\u00e7\u00e3o da equipe nesta nova categoria e acho que \u00e9 incr\u00edvel que possamos fazer isso enquanto aumentamos a conscientiza\u00e7\u00e3o sobre a crise clim\u00e1tica\u201d, complementou Hamilton, que ainda n\u00e3o anunciou a dupla de pilotos da sua primeira incurs\u00e3o como dono de equipe no esporte a motor.<\/p>\n\n\n\n<p class=\"wp-block-paragraph\">A nova categoria, que traz um pouco da ess\u00eancia do que foi o famoso Camel Trophy nos anos 1980, \u00e9 presidida por Gil de Ferran, conta com o envolvimento direto de Alejandro Agag \u2014 presidente da F\u00f3rmula E e CEO da Extreme E \u2014 e tamb\u00e9m com a participa\u00e7\u00e3o de dois grandes nomes: o explorador e ambientalista David de Rothschild e o cineasta vencedor do Oscar, Fisher Stevens. A ideia \u00e9 que a categoria seja transmitida em formato de document\u00e1rio esportivo.<\/p>\n\n\n\n<p class=\"wp-block-paragraph\">Agag ressaltou a import\u00e2ncia que tem a chegada de Hamilton para uma competi\u00e7\u00e3o completamente nova e que endossa sua vis\u00e3o pela preserva\u00e7\u00e3o do meio ambiente e por justi\u00e7a social.<\/p>\n\n\n\n<p class=\"wp-block-paragraph\">\u201cEstamos entusiasmados por receber Lewis Hamilton e sua equipe X44 \u00e0 Extreme E. Assim como n\u00f3s, Hamilton \u00e9 extremamente apaixonado pelo esporte a motor, mas tamb\u00e9m compartilha que podemos usar o esporte para destacar assuntos que s\u00e3o vitais para o mundo, como as mudan\u00e7as clim\u00e1ticas e a igualdade\u201d, comentou o dirigente espanhol.<\/p>\n\n\n\n<p class=\"wp-block-paragraph\">\u201cLewis \u00e9 um dos pilotos mais bem sucedidos de todos os tempos, e estamos todos empolgados para ver como sua equipe X44 vai se desempenhar dentro e fora das pistas sob sua incr\u00edvel orienta\u00e7\u00e3o\u201d, complementou.<\/p>\n\n\n\n<p class=\"wp-block-paragraph\">A <a href=\"https:\/\/www.grandepremio.com\/br\/formula-e\/noticias\/com-etapa-no-para-extreme-e-confirma-calendario-para-2021\/\">abertura oficial da categoria est\u00e1 marcada para os dias 22 a 24 de janeiro de 2021 e vai ter como cen\u00e1rio o singular Lac Rose (Lago Rosa, em tradu\u00e7\u00e3o livre), localizado a uma hora de Dacar, capital do Senegal<\/a>. Entre 4 e 6 de mar\u00e7o, a caravana da Extreme E compete na Ar\u00e1bia Saudita, em Sharaan, em regi\u00e3o des\u00e9rtica. Entre 6 e 8 de maio, a competi\u00e7\u00e3o vai para o Nepal e corre no Vale Kili Gandaki, o mais profundo do mundo, localizado entre as montanhas Annapurnas e Dhaulagiri, as duas de mais de 8 mil metros de altura.<\/p>\n\n\n\n<p class=\"wp-block-paragraph\">A Extreme E volta entre 27 e 29 de agosto e parte para outro lugar in\u00f3spito: Kangerlussuaq, na Groenl\u00e2ndia. E entre 29 e 31 de outubro, a etapa final da primeira temporada est\u00e1 marcada para Santar\u00e9m, no Par\u00e1, com a categoria pronta para desbravar a Floresta Amaz\u00f4nica.<\/p>\n\n\n\n<p class=\"wp-block-paragraph\">A Extreme E divulgou o formato de competi\u00e7\u00e3o com uma <a href=\"https:\/\/www.grandepremio.com\/br\/formula-e\/noticias\/extreme-e-divulga-formato-de-etapas-com-classificacao-semifinal-e-final\/\">classifica\u00e7\u00e3o geral, semifinais e final<\/a>. Cada corrida, chamada X Prix, vai contar com duas voltas a uma dist\u00e2ncia de aproximadamente 16 km. Ser\u00e3o, inicialmente, oito equipes com dois pilotos cada, um homem e uma mulher, completando uma volta cada no carro evento que ser\u00e1 realizado em dois dias.\u00a0 A classifica\u00e7\u00e3o ocorre no primeiro dia para determinar os quatro melhores times que passar\u00e3o para a semifinal 1 e os quatro piores v\u00e3o para a semifinal 2: a Crazy Race.<\/p>\n\n\n\n<p class=\"wp-block-paragraph\">Na Crazy Race, apenas o mais r\u00e1pido se garante na final, enquanto a primeira semifinal classifica os tr\u00eas mais bem colocados. A final ser\u00e1 disputada pelos quatro que passarem das semifinais e vai coroar o vencedor de cada uma das etapas. Foi anunciado tamb\u00e9m o recurso Hyperdrive, que dar\u00e1 um aumento de velocidade \u00e0 equipe que fizer o salto mais longo no in\u00edcio de cada corrida. O poder do Hyperdrive pode ser usado por essa equipe em qualquer ponto da prova.<\/p>\n\n\n\n<figure class=\"wp-block-embed-youtube wp-block-embed is-type-video is-provider-youtube wp-embed-aspect-16-9 wp-has-aspect-ratio\"><div class=\"wp-block-embed__wrapper\">\n<iframe loading=\"lazy\" title=\"F1 2020: PIERRE GASLY x CARLOS SAINZ - a an\u00e1lise do GP DA IT\u00c1LIA | Briefing\" width=\"500\" height=\"281\" src=\"https:\/\/www.youtube.com\/embed\/5ARkKlvJRes?feature=oembed\" frameborder=\"0\" allow=\"accelerometer; autoplay; clipboard-write; encrypted-media; gyroscope; picture-in-picture; web-share\" referrerpolicy=\"strict-origin-when-cross-origin\" allowfullscreen><\/iframe>\n<\/div><\/figure>\n","protected":false},"excerpt":{"rendered":"<p>A mais nova competi\u00e7\u00e3o do esporte a motor, prevista para ter in\u00edcio em janeiro de 2021 com etapa no Senegal, vai marcar tamb\u00e9m uma nova fun\u00e7\u00e3o para o hexacampe\u00e3o mundial de F\u00f3rmula 1<\/p>\n","protected":false},"author":0,"featured_media":1000415513,"comment_status":"closed","ping_status":"closed","sticky":false,"template":"","format":"standard","meta":{"42wp_featured_image_caption":"","42wp_featured_image_credits":"","42wp_featured_video":"","42wp_featured_image_hidden":false,"42wp_authors_list":[],"footnotes":""},"categories":[19],"tags":[1405,24836,87],"42wp_author":[47110],"class_list":["post-127331","post","type-post","status-publish","format-standard","has-post-thumbnail","hentry","category-formula-e","tag-extreme-e","tag-grande-premio-2","tag-lewis-hamilton","42wp_author-fernando-silva"],"_links":{"self":[{"href":"https:\/\/grandepremio.com\/br\/wp-json\/wp\/v2\/posts\/127331","targetHints":{"allow":["GET"]}}],"collection":[{"href":"https:\/\/grandepremio.com\/br\/wp-json\/wp\/v2\/posts"}],"about":[{"href":"https:\/\/grandepremio.com\/br\/wp-json\/wp\/v2\/types\/post"}],"replies":[{"embeddable":true,"href":"https:\/\/grandepremio.com\/br\/wp-json\/wp\/v2\/comments?post=127331"}],"version-history":[{"count":0,"href":"https:\/\/grandepremio.com\/br\/wp-json\/wp\/v2\/posts\/127331\/revisions"}],"wp:featuredmedia":[{"embeddable":true,"href":"https:\/\/grandepremio.com\/br\/wp-json\/wp\/v2\/media\/1000415513"}],"wp:attachment":[{"href":"https:\/\/grandepremio.com\/br\/wp-json\/wp\/v2\/media?parent=127331"}],"wp:term":[{"taxonomy":"category","embeddable":true,"href":"https:\/\/grandepremio.com\/br\/wp-json\/wp\/v2\/categories?post=127331"},{"taxonomy":"post_tag","embeddable":true,"href":"https:\/\/grandepremio.com\/br\/wp-json\/wp\/v2\/tags?post=127331"},{"taxonomy":"42wp_author","embeddable":true,"href":"https:\/\/grandepremio.com\/br\/wp-json\/wp\/v2\/42wp_author?post=127331"}],"curies":[{"name":"wp","href":"https:\/\/api.w.org\/{rel}","templated":true}]}}