{"id":127362,"date":"2020-09-07T06:50:12","date_gmt":"2020-09-07T09:50:12","guid":{"rendered":"https:\/\/grandepremio.com\/br\/noticias\/ferrari-comemora-1000o-gp-na-formula-1-com-layout-de-1950-no-gp-da-toscana\/"},"modified":"2020-09-07T13:04:57","modified_gmt":"2020-09-07T16:04:57","slug":"ferrari-comemora-1000o-gp-na-formula-1-com-layout-de-1950-no-gp-da-toscana","status":"publish","type":"post","link":"https:\/\/grandepremio.com\/br\/f1\/ferrari-comemora-1000o-gp-na-formula-1-com-layout-de-1950-no-gp-da-toscana\/","title":{"rendered":"Ferrari comemora 1000\u00ba GP na F\u00f3rmula 1 com layout de 1950 no GP da Toscana"},"content":{"rendered":"\n<figure class=\"wp-block-embed-youtube wp-block-embed is-type-video is-provider-youtube wp-embed-aspect-16-9 wp-has-aspect-ratio\"><div class=\"wp-block-embed__wrapper\">\n<iframe loading=\"lazy\" title=\"F1 2020: PIERRE GASLY x CARLOS SAINZ - a an\u00e1lise do GP DA IT\u00c1LIA | Briefing\" width=\"500\" height=\"281\" src=\"https:\/\/www.youtube.com\/embed\/5ARkKlvJRes?feature=oembed\" frameborder=\"0\" allow=\"accelerometer; autoplay; clipboard-write; encrypted-media; gyroscope; picture-in-picture; web-share\" referrerpolicy=\"strict-origin-when-cross-origin\" allowfullscreen><\/iframe>\n<\/div><\/figure>\n\n\n\n<p class=\"wp-block-paragraph\">A fase da Ferrari n\u00e3o \u00e9 das melhores, mas nem por isso vai deixar de comemorar o mil\u00e9simo GP na F\u00f3rmula 1. A escuderia italiana adotar\u00e1 um layout especial no GP da Toscana deste fim de semana, em Mugello, para celebrar o marco.<\/p>\n\n\n\n<p class=\"wp-block-paragraph\">De acordo com a vers\u00e3o italiana do site Motorsport.com, ser\u00e1 o mesmo tom de vermelho adotado no modelo 125, de 1950, ano em que estreou no Mundial com Luigi Villoresi, Alberto Ascari e Raymond Sommer no GP de M\u00f4naco. Com a mudan\u00e7a, a SF1000 ter\u00e1 uma cor mais escura nesta <a href=\"https:\/\/www.grandepremio.com\/br\/f1\/calendario\/\">nona etapa da temporada<\/a>.<\/p>\n\n\n\n<figure class=\"wp-block-image size-large\"><img decoding=\"async\" src=\"https:\/\/www.grandepremio.com\/br\/wp-content\/uploads\/2020\/09\/Ferrari125.jpg\" alt=\"\" class=\"wp-image-415287\"\/><figcaption>Ferrari 125 foi o primeiro modelo usado pela marca italiana na F\u00f3rmula 1 (Foto: Scuderia Ferrari)<\/figcaption><\/figure>\n\n\n\n<p class=\"wp-block-paragraph\">Ao longo da hist\u00f3ria, a Ferrari acumula 238 vit\u00f3rias, 228 poles, 772 p\u00f3dios, 84 dobradinhas, 16 t\u00edtulos no Mundial de Construtores \u2015 o \u00faltimo deles em 2008 \u2015 e 15 no Mundial de Pilotos \u2015 o mais recente data de 2007, com Kimi R\u00e4ikk\u00f6nen.<\/p>\n\n\n\n<p class=\"wp-block-paragraph\">A temporada 2020, por\u00e9m, n\u00e3o merece l\u00e1 grandes comemora\u00e7\u00f5es da equipe de Sebastian Vettel e Charles Leclerc. At\u00e9 aqui, a <a href=\"https:\/\/www.grandepremio.com\/br\/f1\/classificacao\/\">Ferrari soma apenas 61 pontos e ocupa a sexta coloca\u00e7\u00e3o no Mundial de Construtores<\/a>, atr\u00e1s de Mercedes, Red Bull, McLaren, Racing Point e Renault.<\/p>\n\n\n\n<p class=\"wp-block-paragraph\">No domingo (6), o GP da It\u00e1lia foi mais um ponto negativo. <a href=\"https:\/\/www.grandepremio.com\/br\/f1\/noticias\/com-freio-em-chamas-vettel-passa-reto-em-chicane-e-abandona-gp-da-italia\/\">Vettel abandonou ainda no in\u00edcio da disputa em Monza por conta de um problema com os freios<\/a>. Leclerc foi um pouco mais longe na disputa, mas tamb\u00e9m n\u00e3o completou a corrida depois de <a href=\"https:\/\/www.grandepremio.com\/br\/f1\/noticias\/leclerc-perde-traseira-bate-forte-na-parabolica-e-causa-bandeira-vermelha-em-monza\/\">uma batida na Parab\u00f3lica na volta 25<\/a>.<\/p>\n\n\n\n<figure class=\"wp-block-embed-spotify wp-block-embed is-type-rich is-provider-spotify wp-embed-aspect-21-9 wp-has-aspect-ratio\"><div class=\"wp-block-embed__wrapper\">\n<iframe title=\"Spotify Embed: Como amar a moribunda Ferrari em crise? | Paddockast #77\" style=\"border-radius: 12px\" width=\"100%\" height=\"152\" frameborder=\"0\" allowfullscreen allow=\"autoplay; clipboard-write; encrypted-media; fullscreen; picture-in-picture\" loading=\"lazy\" src=\"https:\/\/open.spotify.com\/embed\/episode\/1LWXLDvv4ALGLrFwYWErjL?utm_source=oembed\"><\/iframe>\n<\/div><figcaption><strong><strong>Paddockast #77 |&nbsp;<\/strong>Como amar a moribunda Ferrari em crise?<br>Ou\u00e7a tamb\u00e9m:&nbsp;<a href=\"http:\/\/podcasts.apple.com\/br\/podcast\/paddockast\/id1371540198\">PODCASTS APPLE<\/a>&nbsp;|&nbsp;<a href=\"https:\/\/www.subscribeonandroid.com\/www.central3.com.br\/category\/podcasts\/paddockast\/feed\/podcast\/\">ANDROID<\/a>&nbsp;|&nbsp;<a href=\"https:\/\/player.fm\/series\/paddockast\">PLAYERFM<\/a><\/strong><\/figcaption><\/figure>\n","protected":false},"excerpt":{"rendered":"<p>A escuderia de Maranello vai usar um tom mais escuro de vermelho no fim de semana em Mugello<\/p>\n","protected":false},"author":0,"featured_media":1000414590,"comment_status":"closed","ping_status":"closed","sticky":false,"template":"","format":"standard","meta":{"42wp_featured_image_caption":"","42wp_featured_image_credits":"","42wp_featured_video":"","42wp_featured_image_hidden":false,"42wp_authors_list":[],"footnotes":""},"categories":[2],"tags":[147,118,207,24837,24860,24859,24861,3211],"42wp_author":[47113],"class_list":["post-127362","post","type-post","status-publish","format-standard","has-post-thumbnail","hentry","category-f1","tag-f1","tag-f1-2020","tag-ferrari","tag-formula-1-2","tag-formula-1-2020-2","tag-horario-f1-2020","tag-horario-formula-1-2020","tag-mugello","42wp_author-juliana-tesser"],"_links":{"self":[{"href":"https:\/\/grandepremio.com\/br\/wp-json\/wp\/v2\/posts\/127362","targetHints":{"allow":["GET"]}}],"collection":[{"href":"https:\/\/grandepremio.com\/br\/wp-json\/wp\/v2\/posts"}],"about":[{"href":"https:\/\/grandepremio.com\/br\/wp-json\/wp\/v2\/types\/post"}],"replies":[{"embeddable":true,"href":"https:\/\/grandepremio.com\/br\/wp-json\/wp\/v2\/comments?post=127362"}],"version-history":[{"count":0,"href":"https:\/\/grandepremio.com\/br\/wp-json\/wp\/v2\/posts\/127362\/revisions"}],"wp:featuredmedia":[{"embeddable":true,"href":"https:\/\/grandepremio.com\/br\/wp-json\/wp\/v2\/media\/1000414590"}],"wp:attachment":[{"href":"https:\/\/grandepremio.com\/br\/wp-json\/wp\/v2\/media?parent=127362"}],"wp:term":[{"taxonomy":"category","embeddable":true,"href":"https:\/\/grandepremio.com\/br\/wp-json\/wp\/v2\/categories?post=127362"},{"taxonomy":"post_tag","embeddable":true,"href":"https:\/\/grandepremio.com\/br\/wp-json\/wp\/v2\/tags?post=127362"},{"taxonomy":"42wp_author","embeddable":true,"href":"https:\/\/grandepremio.com\/br\/wp-json\/wp\/v2\/42wp_author?post=127362"}],"curies":[{"name":"wp","href":"https:\/\/api.w.org\/{rel}","templated":true}]}}