{"id":127363,"date":"2020-09-07T06:48:12","date_gmt":"2020-09-07T09:48:12","guid":{"rendered":"https:\/\/grandepremio.com\/br\/noticias\/apos-1a-vitoria-gasly-se-ve-pronto-para-voltar-a-red-bull-e-fala-em-recompensa\/"},"modified":"2020-09-07T06:48:23","modified_gmt":"2020-09-07T09:48:23","slug":"apos-1a-vitoria-gasly-se-ve-pronto-para-voltar-a-red-bull-e-fala-em-recompensa","status":"publish","type":"post","link":"https:\/\/grandepremio.com\/br\/f1\/apos-1a-vitoria-gasly-se-ve-pronto-para-voltar-a-red-bull-e-fala-em-recompensa\/","title":{"rendered":"Ap\u00f3s 1\u00aa vit\u00f3ria, Gasly se v\u00ea pronto para voltar \u00e0 Red Bull e fala em \u201crecompensa\u201d"},"content":{"rendered":"\n<figure class=\"wp-block-embed-youtube wp-block-embed is-type-video is-provider-youtube wp-embed-aspect-16-9 wp-has-aspect-ratio\"><div class=\"wp-block-embed__wrapper\">\n<iframe loading=\"lazy\" title=\"F1 2020: PIERRE GASLY x CARLOS SAINZ - a an\u00e1lise do GP DA IT\u00c1LIA | Briefing\" width=\"500\" height=\"281\" src=\"https:\/\/www.youtube.com\/embed\/5ARkKlvJRes?feature=oembed\" frameborder=\"0\" allow=\"accelerometer; autoplay; clipboard-write; encrypted-media; gyroscope; picture-in-picture; web-share\" referrerpolicy=\"strict-origin-when-cross-origin\" allowfullscreen><\/iframe>\n<\/div><\/figure>\n\n\n\n<p class=\"wp-block-paragraph\"><a href=\"https:\/\/www.grandepremio.com\/br\/f1\/noticias\/insano-gp-da-italia-tem-desfecho-improvavel-com-vitoria-de-gasly-apos-duelo-com-sainz\/\">Ao vencer de forma incr\u00edvel e surpreendente pela primeira vez na F\u00f3rmula 1 no GP da It\u00e1lia do \u00faltimo domingo (6)<\/a>, e a bordo do carro de uma equipe de meio de grid, a AlphaTauri, Pierre Gasly voltou a se colocar no radar da Red Bull para um eventual retorno \u00e0 escuderia tetracampe\u00e3 do mundo.<\/p>\n\n\n\n<p class=\"wp-block-paragraph\">O franc\u00eas de 24 anos foi promovido ao time chefiado por Christian Horner no come\u00e7o de 2019, fez as 12 primeiras corridas, mas sofreu muita press\u00e3o por resultados na compara\u00e7\u00e3o sempre dura com Max Verstappen. <a href=\"https:\/\/www.grandepremio.com\/br\/f1\/noticias\/red-bull-rebaixa-gasly-para-toro-rosso-e-promove-albon-com-efeito-imediato\/\">Pierre acabou sendo rebaixado e mandado de volta para a equipe B da Red Bull, que at\u00e9 o ano passado se chamava Toro Rosso, enquanto Alexander Albon foi promovido \u00e0 escuderia matriz dos energ\u00e9ticos<\/a>.<\/p>\n\n\n\n<p class=\"wp-block-paragraph\">Desde ent\u00e3o, Albon ficou perto de conquistar seu primeiro p\u00f3dio na F\u00f3rmula 1 duas vezes: no <a href=\"https:\/\/www.grandepremio.com\/br\/f1\/noticias\/verstappen-vence-animado-gp-do-brasil-gasly-e-2-e-ferraris-batem\/\">GP do Brasil<\/a> do ano passado e no GP da \u00c1ustria deste ano. Nas duas vezes, o anglo-tailand\u00eas acabou sendo envolvido em incidentes com Lewis Hamilton, sendo que no Red Bull Ring, pouco depois, o piloto enfrentou um problema no carro e teve de abandonar.<\/p>\n\n\n\n<figure class=\"wp-block-image size-large\"><img decoding=\"async\" src=\"https:\/\/www.grandepremio.com\/br\/wp-content\/uploads\/2020\/09\/alphatauri-pierregasly-02-2-1024x683.jpg\" alt=\"\" class=\"wp-image-415145\"\/><figcaption>Gasly deixou claro que se v\u00ea pronto para voltar \u00e0 Red Bull. Mas n\u00e3o quer pensar no assunto agora (Foto: Getty Images\/Red Bull Content Pool)<\/figcaption><\/figure>\n\n\n\n<p class=\"wp-block-paragraph\">Em contrapartida, Gasly conseguiu um melhor aproveitamento, mesmo tendo muito menos chances de conquistar um trof\u00e9u na F1. <a href=\"https:\/\/www.grandepremio.com\/br\/f1\/noticias\/verstappen-vence-animado-gp-do-brasil-gasly-e-2-e-ferraris-batem\/\">Seu primeiro p\u00f3dio veio justamente em Interlagos no ano passado, onde o franc\u00eas cruzou a linha de chegada em segundo depois de travar e vencer duelo incr\u00edvel com Hamilton nos metros finais da corrida<\/a>.<\/p>\n\n\n\n<p class=\"wp-block-paragraph\">E a primeira vit\u00f3ria do piloto nascido em Rouen veio na esteira de uma dessas provas insanas que a F\u00f3rmula 1 proporciona vez em quando. Gasly largou na d\u00e9cima posi\u00e7\u00e3o, chegou a aparecer em 15\u00ba, mas depois das paradas para trocas de pneus durante o per\u00edodo de um safety-car \u2014 em raz\u00e3o do carro parado de Kevin Magnussen na entrada da reta dos boxes \u2014, o franc\u00eas apareceu em terceiro.<\/p>\n\n\n\n<p class=\"wp-block-paragraph\">Na relargada, Gasly passou Lance Stroll e assumiu a lideran\u00e7a depois que Lewis Hamilton entrou nos pits para pagar uma puni\u00e7\u00e3o, stop-and-go de 10s, pelo fato de a Mercedes t\u00ea-lo chamado para trocar pneus quando o pit-lane ainda estava fechado. Pierre liderou todas as 26 voltas restantes, resistiu no fim \u00e0 press\u00e3o imposta por Carlos Sainz e alcan\u00e7ou um impens\u00e1vel primeiro triunfo no Mundial. Albon, com o carro da Red Bull, terminou somente na 15\u00aa posi\u00e7\u00e3o.<\/p>\n\n\n\n<p class=\"wp-block-paragraph\">Os resultados levantam a pergunta: Gasly vai voltar \u00e0 Red Bull? Nas \u00faltimas semanas, Horner defendeu Albon das cr\u00edticas e disse que o piloto nascido em Londres faz um bom trabalho.<\/p>\n\n\n\n<p class=\"wp-block-paragraph\">Pierre lembra que, se for chamado para voltar a ocupar um lugar que um dia j\u00e1 foi seu, se diz preparado. \u201cAcho que estou pronto. Mas, como eu disse, n\u00e3o cabe a mim fazer essa liga\u00e7\u00e3o\u201d, afirmou.<\/p>\n\n\n\n<p class=\"wp-block-paragraph\">\u201cA \u00fanica coisa que fiz desde que me mandaram de volta para a Toro Rosso foi s\u00f3 concentrar em mim mesmo e apenas mostrar o que posso fazer. Quando tenho as ferramentas certas nas minhas m\u00e3os, fico muito feliz com a performance que exibimos, e n\u00e3o falo s\u00f3 sobre o GP do Brasil, mas acho que, de modo geral, fomos muito fortes na maior parte do tempo\u201d, salientou o 109\u00ba vencedor da hist\u00f3ria da F\u00f3rmula 1.<\/p>\n\n\n\n<p class=\"wp-block-paragraph\">\u201cTivemos algumas classifica\u00e7\u00f5es muito fortes, corridas muito fortes desde ent\u00e3o\u201d, complementou.<\/p>\n\n\n\n<p class=\"wp-block-paragraph\">Em uma organiza\u00e7\u00e3o que j\u00e1 teve pilotos como Max Verstappen, Carlos Sainz, Daniel Ricciardo, S\u00e9bastien Buemi e Jean-\u00c9ric Vergne, os dois \u00faltimos hoje competindo na F\u00f3rmula E, Gasly lembrou que somente Sebastian Vettel, tamb\u00e9m em Monza em 2008, e ele venceram pela equipe que hoje atende por AlphaTauri.<\/p>\n\n\n\n<p class=\"wp-block-paragraph\">\u201cVamos ver o que acontece, mas acho que a Toro Rosso teve muitos, muitos pilotos fortes. Estou muito feliz por ser um dos dois que conseguiram uma vit\u00f3ria para essa equipe. Obviamente, acho que os bons resultados devem ser recompensados com algo, mas vamos ver o que acontece\u201d, continuou.<\/p>\n\n\n\n<p class=\"wp-block-paragraph\">Mas o vencedor do domingo em Monza lembra que, pelo menos por enquanto, n\u00e3o quer se concentrar em um eventual retorno \u00e0 Red Bull. \u201cN\u00e3o \u00e9 algo que eu queira pensar muito. S\u00f3 quero aproveitar este momento, porque \u00e9 minha primeira vit\u00f3ria na F\u00f3rmula 1, e vou ter tempo para pensar nisso mais tarde\u201d, concluiu Pierre Gasly.<\/p>\n","protected":false},"excerpt":{"rendered":"<p>O triunfo surpreendente obtido no GP da It\u00e1lia do \u00faltimo domingo faz Pierre Gasly reivindicar o cockpit que um dia j\u00e1 foi seu para voltar \u00e0 Red Bull. Mas ainda que sonhe com o regresso \u00e0 equipe tetracampe\u00e3, o franc\u00eas de 24 anos antes quer \u201caproveitar este momento e terei tempo para pensar nisso mais tarde\u201d<\/p>\n","protected":false},"author":0,"featured_media":1000415055,"comment_status":"closed","ping_status":"closed","sticky":false,"template":"","format":"standard","meta":{"42wp_featured_image_caption":"","42wp_featured_image_credits":"","42wp_featured_video":"","42wp_featured_image_hidden":false,"42wp_authors_list":[],"footnotes":""},"categories":[2],"tags":[524,147,118,24837,157,24898,24836,1737,676,25490,204,638],"42wp_author":[47110],"class_list":["post-127363","post","type-post","status-publish","format-standard","has-post-thumbnail","hentry","category-f1","tag-alphatauri","tag-f1","tag-f1-2020","tag-formula-1-2","tag-formula-1-2020","tag-gp-da-italia","tag-grande-premio-2","tag-monza","tag-pierre-gasly","tag-primeira-vitoria","tag-red-bull","tag-toro-rosso","42wp_author-fernando-silva"],"_links":{"self":[{"href":"https:\/\/grandepremio.com\/br\/wp-json\/wp\/v2\/posts\/127363","targetHints":{"allow":["GET"]}}],"collection":[{"href":"https:\/\/grandepremio.com\/br\/wp-json\/wp\/v2\/posts"}],"about":[{"href":"https:\/\/grandepremio.com\/br\/wp-json\/wp\/v2\/types\/post"}],"replies":[{"embeddable":true,"href":"https:\/\/grandepremio.com\/br\/wp-json\/wp\/v2\/comments?post=127363"}],"version-history":[{"count":0,"href":"https:\/\/grandepremio.com\/br\/wp-json\/wp\/v2\/posts\/127363\/revisions"}],"wp:featuredmedia":[{"embeddable":true,"href":"https:\/\/grandepremio.com\/br\/wp-json\/wp\/v2\/media\/1000415055"}],"wp:attachment":[{"href":"https:\/\/grandepremio.com\/br\/wp-json\/wp\/v2\/media?parent=127363"}],"wp:term":[{"taxonomy":"category","embeddable":true,"href":"https:\/\/grandepremio.com\/br\/wp-json\/wp\/v2\/categories?post=127363"},{"taxonomy":"post_tag","embeddable":true,"href":"https:\/\/grandepremio.com\/br\/wp-json\/wp\/v2\/tags?post=127363"},{"taxonomy":"42wp_author","embeddable":true,"href":"https:\/\/grandepremio.com\/br\/wp-json\/wp\/v2\/42wp_author?post=127363"}],"curies":[{"name":"wp","href":"https:\/\/api.w.org\/{rel}","templated":true}]}}