{"id":127371,"date":"2020-09-06T16:35:36","date_gmt":"2020-09-06T19:35:36","guid":{"rendered":"https:\/\/grandepremio.com\/br\/noticias\/sob-chuva-van-der-linde-acerta-estrategia-e-vence-corrida-2-do-dtm-em-assen\/"},"modified":"2020-09-06T16:38:21","modified_gmt":"2020-09-06T19:38:21","slug":"sob-chuva-van-der-linde-acerta-estrategia-e-vence-corrida-2-do-dtm-em-assen","status":"publish","type":"post","link":"https:\/\/grandepremio.com\/br\/dtm\/sob-chuva-van-der-linde-acerta-estrategia-e-vence-corrida-2-do-dtm-em-assen\/","title":{"rendered":"Sob chuva, Van der Linde acerta estrat\u00e9gia e vence corrida 2 do DTM em Assen"},"content":{"rendered":"\n<p class=\"wp-block-paragraph\">A segunda corrida do DTM em Assen, na Holanda, contou bandeira vermelha e teve vit\u00f3ria de Sheldon van der Linde, da BMW. Sob chuva, a prova foi desafiadora e precisou ser interrompida ap\u00f3s o forte acidente de Fabio Scherer.<\/p>\n\n\n\n<p class=\"wp-block-paragraph\">Van der Linde aproveitou-se da estrat\u00e9gia de parar cedo, j\u00e1 que largou apenas em 14\u00ba, para assumir a lideran\u00e7a na volta 22. Logo em seguida, o forte acidente de Fabio Scherer causou a bandeira vermelha para retirada do Audi RS5.<\/p>\n\n\n\n<p class=\"wp-block-paragraph\">Na relargada, o sul-africano manteve a lideran\u00e7a com Frijns e M\u00fcller na cola. A dupla da Audi, no entanto, brigou entre si e fez com que Van der Linde aumentasse a vantagem na frente at\u00e9 a bandeirada final.<\/p>\n\n\n\n<figure class=\"wp-block-embed-twitter wp-block-embed is-type-rich is-provider-twitter\"><div class=\"wp-block-embed__wrapper\">\n<blockquote class=\"twitter-tweet\" data-width=\"500\" data-dnt=\"true\"><p lang=\"en\" dir=\"ltr\">And the winner is: <a href=\"https:\/\/x.com\/SheldonvdLinde?ref_src=twsrc%5Etfw\">@SheldonvdLinde<\/a>!<a href=\"https:\/\/x.com\/hashtag\/WeLoveDTM?src=hash&amp;ref_src=twsrc%5Etfw\">#WeLoveDTM<\/a> <a href=\"https:\/\/x.com\/hashtag\/DTM2020?src=hash&amp;ref_src=twsrc%5Etfw\">#DTM2020<\/a> <a href=\"https:\/\/x.com\/hashtag\/DTMoments?src=hash&amp;ref_src=twsrc%5Etfw\">#DTMoments<\/a> <a href=\"https:\/\/x.com\/hashtag\/FeelTheRoar?src=hash&amp;ref_src=twsrc%5Etfw\">#FeelTheRoar<\/a> <a href=\"https:\/\/x.com\/ttcircuitassen?ref_src=twsrc%5Etfw\">@ttcircuitassen<\/a> <a href=\"https:\/\/t.co\/X2noTRkDLQ\">pic.twitter.com\/X2noTRkDLQ<\/a><\/p>&mdash; DTM (@DTM) <a href=\"https:\/\/x.com\/DTM\/status\/1302593721880514569?ref_src=twsrc%5Etfw\">September 6, 2020<\/a><\/blockquote><script async src=\"https:\/\/platform.x.com\/widgets.js\" charset=\"utf-8\"><\/script>\n<\/div><\/figure>\n\n\n\n<p class=\"wp-block-paragraph\">Frijns e M\u00fcller completaram o p\u00f3dio na pista holandesa. Lo\u00efc Duval foi o quarto, com Ren\u00e9 Rast, Timo Glock, Ferdinand Habsburg, Marco Wittmann, Philipp Eng e Lucas Auer completando a zona de pontua\u00e7\u00e3o. Robert Kubica foi apenas o 14\u00ba.<\/p>\n\n\n\n<p class=\"wp-block-paragraph\">N\u00fcrburgring recebe as pr\u00f3ximas etapas do DTM em 2020. O circuito alem\u00e3o vai sediar a rodada dupla nos dias 12 e 13 de setembro e depois abriga a categoria no fim de semana seguinte para mais duas corridas.<\/p>\n","protected":false},"excerpt":{"rendered":"<p>A segunda corrida do DTM na Holanda contou com forte acidente, chuva e surpreendente vit\u00f3ria de Sheldon van der Linde, que largou em 14\u00ba e acertou na estrat\u00e9gia. Robin Frijns e Nico M\u00fcller completaram o p\u00f3dio em Assen<\/p>\n","protected":false},"author":0,"featured_media":1000415170,"comment_status":"closed","ping_status":"closed","sticky":false,"template":"","format":"standard","meta":{"42wp_featured_image_caption":"","42wp_featured_image_credits":"","42wp_featured_video":"","42wp_featured_image_hidden":false,"42wp_authors_list":[],"footnotes":""},"categories":[13],"tags":[3463,969,412,901,25662,1593,25924],"42wp_author":[47135],"class_list":["post-127371","post","type-post","status-publish","format-standard","has-post-thumbnail","hentry","category-dtm","tag-assen","tag-corrida","tag-dtm","tag-holanda","tag-nico-muller-2","tag-robin-frijns","tag-sheldon-van-der-linde","42wp_author-pedro-luis-cuenca"],"_links":{"self":[{"href":"https:\/\/grandepremio.com\/br\/wp-json\/wp\/v2\/posts\/127371","targetHints":{"allow":["GET"]}}],"collection":[{"href":"https:\/\/grandepremio.com\/br\/wp-json\/wp\/v2\/posts"}],"about":[{"href":"https:\/\/grandepremio.com\/br\/wp-json\/wp\/v2\/types\/post"}],"replies":[{"embeddable":true,"href":"https:\/\/grandepremio.com\/br\/wp-json\/wp\/v2\/comments?post=127371"}],"version-history":[{"count":0,"href":"https:\/\/grandepremio.com\/br\/wp-json\/wp\/v2\/posts\/127371\/revisions"}],"wp:featuredmedia":[{"embeddable":true,"href":"https:\/\/grandepremio.com\/br\/wp-json\/wp\/v2\/media\/1000415170"}],"wp:attachment":[{"href":"https:\/\/grandepremio.com\/br\/wp-json\/wp\/v2\/media?parent=127371"}],"wp:term":[{"taxonomy":"category","embeddable":true,"href":"https:\/\/grandepremio.com\/br\/wp-json\/wp\/v2\/categories?post=127371"},{"taxonomy":"post_tag","embeddable":true,"href":"https:\/\/grandepremio.com\/br\/wp-json\/wp\/v2\/tags?post=127371"},{"taxonomy":"42wp_author","embeddable":true,"href":"https:\/\/grandepremio.com\/br\/wp-json\/wp\/v2\/42wp_author?post=127371"}],"curies":[{"name":"wp","href":"https:\/\/api.w.org\/{rel}","templated":true}]}}