{"id":127390,"date":"2020-09-06T11:03:23","date_gmt":"2020-09-06T14:03:23","guid":{"rendered":"https:\/\/grandepremio.com\/br\/noticias\/leclerc-perde-traseira-bate-forte-na-parabolica-e-causa-bandeira-vermelha-em-monza\/"},"modified":"2020-09-06T11:20:07","modified_gmt":"2020-09-06T14:20:07","slug":"leclerc-perde-traseira-bate-forte-na-parabolica-e-causa-bandeira-vermelha-em-monza","status":"publish","type":"post","link":"https:\/\/grandepremio.com\/br\/f1\/leclerc-perde-traseira-bate-forte-na-parabolica-e-causa-bandeira-vermelha-em-monza\/","title":{"rendered":"Leclerc perde traseira, bate forte na Parab\u00f3lica e causa bandeira vermelha em Monza"},"content":{"rendered":"\n<figure class=\"wp-block-video\"><video class=\"video-js vjs-big-play-centered\" data-gp-vjs=\"1\" controls src=\"https:\/\/www.grandepremio.com\/br\/wp-content\/uploads\/2020\/09\/7bDQFhgflo-P9Ki8.mp4\"><\/video><\/figure>\n\n\n\n<p class=\"wp-block-paragraph\">O fim de semana da Ferrari foi de mal e muito pior em poucas voltas. <a href=\"https:\/\/www.grandepremio.com\/br\/f1\/noticias\/com-freio-em-chamas-vettel-passa-reto-em-chicane-e-abandona-gp-da-italia\/\">Depois de ver Sebastian Vettel abandonar ap\u00f3s um problema de freios<\/a>, a escuderia italiana testemunhou uma batida de Charles Leclerc na volta 25 do GP da It\u00e1lia deste domingo (6).<\/p>\n\n\n\n<p class=\"wp-block-paragraph\">O monegasco tinha conseguido escalar at\u00e9 a quarta coloca\u00e7\u00e3o da corrida, mas perdeu a traseira da Ferrari na Parab\u00f3lica, n\u00e3o conseguiu corrigir e acabou batendo contra a prote\u00e7\u00e3o de pneus. Apesar do susto, o Charles deixou o carro por conta pr\u00f3pria.<\/p>\n\n\n\n<figure class=\"wp-block-image size-large\"><img decoding=\"async\" src=\"https:\/\/www.grandepremio.com\/br\/wp-content\/uploads\/2020\/09\/EhPJCZIXgAMPf3s-1024x576.jpg\" alt=\"\" class=\"wp-image-414916\"\/><figcaption>O acidente de Leclerc parou a corrida em bandeira vermelha (Foto: Reprodu\u00e7\u00e3o)<\/figcaption><\/figure>\n\n\n\n<p class=\"wp-block-paragraph\">Apesar da presen\u00e7a do safety-car na pista, a dire\u00e7\u00e3o de prova acionou a bandeira vermelha e paralisou as atividades para poder remover o carro e arrumar a barreira. <\/p>\n\n\n\n<p class=\"wp-block-paragraph\">O fim de semana da escuderia de Maranello, ali\u00e1s, \u00e9 t\u00e3o ruim que nem a remo\u00e7\u00e3o do carro foi simples. A Ferrari foi parcialmente derrubada quando era quando era i\u00e7ada pelos fiscais.<\/p>\n\n\n\n<p class=\"wp-block-paragraph\">Enquanto a pista era aprontada, Leclerc foi ao centro m\u00e9dico de Monza para passar por uma avalia\u00e7\u00e3o, mas logo foi liberado, j\u00e1 que n\u00e3o sofreu les\u00f5es na batida.<\/p>\n\n\n\n<figure class=\"wp-block-embed-twitter wp-block-embed is-type-rich is-provider-twitter\"><div class=\"wp-block-embed__wrapper\">\n<blockquote class=\"twitter-tweet\" data-width=\"500\" data-dnt=\"true\"><p lang=\"en\" dir=\"ltr\">Still out of control. <a href=\"https:\/\/x.com\/hashtag\/Ferrari?src=hash&amp;ref_src=twsrc%5Etfw\">#Ferrari<\/a> <a href=\"https:\/\/x.com\/hashtag\/F1?src=hash&amp;ref_src=twsrc%5Etfw\">#F1<\/a> <a href=\"https:\/\/x.com\/hashtag\/ItalianGP?src=hash&amp;ref_src=twsrc%5Etfw\">#ItalianGP<\/a> <a href=\"https:\/\/t.co\/McOmrPFwaB\">pic.twitter.com\/McOmrPFwaB<\/a><\/p>&mdash; Matt Archuleta (@indy44) <a href=\"https:\/\/x.com\/indy44\/status\/1302607301988159488?ref_src=twsrc%5Etfw\">September 6, 2020<\/a><\/blockquote><script async src=\"https:\/\/platform.x.com\/widgets.js\" charset=\"utf-8\"><\/script>\n<\/div><\/figure>\n\n\n\n<figure class=\"wp-block-embed-spotify wp-block-embed is-type-rich is-provider-spotify wp-embed-aspect-21-9 wp-has-aspect-ratio\"><div class=\"wp-block-embed__wrapper\">\n<iframe title=\"Spotify Embed: Como amar a moribunda Ferrari em crise? | Paddockast #77\" style=\"border-radius: 12px\" width=\"100%\" height=\"152\" frameborder=\"0\" allowfullscreen allow=\"autoplay; clipboard-write; encrypted-media; fullscreen; picture-in-picture\" loading=\"lazy\" src=\"https:\/\/open.spotify.com\/embed\/episode\/1LWXLDvv4ALGLrFwYWErjL?utm_source=oembed\"><\/iframe>\n<\/div><figcaption><strong><strong>Paddockast #77 |\u00a0<\/strong>Como amar a moribunda Ferrari em crise?<br>Ou\u00e7a tamb\u00e9m:\u00a0<a href=\"http:\/\/podcasts.apple.com\/br\/podcast\/paddockast\/id1371540198\">PODCASTS APPLE<\/a>\u00a0|\u00a0<a href=\"https:\/\/www.subscribeonandroid.com\/www.central3.com.br\/category\/podcasts\/paddockast\/feed\/podcast\/\">ANDROID<\/a>\u00a0|\u00a0<a href=\"https:\/\/player.fm\/series\/paddockast\">PLAYERFM<\/a><\/strong><\/figcaption><\/figure>\n","protected":false},"excerpt":{"rendered":"<p>Na volta 25, o piloto da Ferrari escapou reto na Parab\u00f3lica e bateu forte contra a prote\u00e7\u00e3o de pneus. O monegasco, por\u00e9m, escapou sem maiores les\u00f5es<\/p>\n","protected":false},"author":0,"featured_media":1000414915,"comment_status":"closed","ping_status":"closed","sticky":false,"template":"","format":"standard","meta":{"42wp_featured_image_caption":"","42wp_featured_image_credits":"","42wp_featured_video":"","42wp_featured_image_hidden":false,"42wp_authors_list":[],"footnotes":""},"categories":[2],"tags":[147,118,24837,24860,24859,24861,25070,1737],"42wp_author":[47109],"class_list":["post-127390","post","type-post","status-publish","format-standard","has-post-thumbnail","hentry","category-f1","tag-f1","tag-f1-2020","tag-formula-1-2","tag-formula-1-2020-2","tag-horario-f1-2020","tag-horario-formula-1-2020","tag-italia-2","tag-monza","42wp_author-redacao-gp"],"_links":{"self":[{"href":"https:\/\/grandepremio.com\/br\/wp-json\/wp\/v2\/posts\/127390","targetHints":{"allow":["GET"]}}],"collection":[{"href":"https:\/\/grandepremio.com\/br\/wp-json\/wp\/v2\/posts"}],"about":[{"href":"https:\/\/grandepremio.com\/br\/wp-json\/wp\/v2\/types\/post"}],"replies":[{"embeddable":true,"href":"https:\/\/grandepremio.com\/br\/wp-json\/wp\/v2\/comments?post=127390"}],"version-history":[{"count":0,"href":"https:\/\/grandepremio.com\/br\/wp-json\/wp\/v2\/posts\/127390\/revisions"}],"wp:featuredmedia":[{"embeddable":true,"href":"https:\/\/grandepremio.com\/br\/wp-json\/wp\/v2\/media\/1000414915"}],"wp:attachment":[{"href":"https:\/\/grandepremio.com\/br\/wp-json\/wp\/v2\/media?parent=127390"}],"wp:term":[{"taxonomy":"category","embeddable":true,"href":"https:\/\/grandepremio.com\/br\/wp-json\/wp\/v2\/categories?post=127390"},{"taxonomy":"post_tag","embeddable":true,"href":"https:\/\/grandepremio.com\/br\/wp-json\/wp\/v2\/tags?post=127390"},{"taxonomy":"42wp_author","embeddable":true,"href":"https:\/\/grandepremio.com\/br\/wp-json\/wp\/v2\/42wp_author?post=127390"}],"curies":[{"name":"wp","href":"https:\/\/api.w.org\/{rel}","templated":true}]}}