{"id":127435,"date":"2020-09-04T14:59:24","date_gmt":"2020-09-04T17:59:24","guid":{"rendered":"https:\/\/grandepremio.com\/br\/noticias\/carro-dificil-de-guiar-e-sem-ritmo-para-q3-vettel-leclerc-sentem-drama-em-monza\/"},"modified":"2020-09-04T15:08:28","modified_gmt":"2020-09-04T18:08:28","slug":"carro-dificil-de-guiar-e-sem-ritmo-para-q3-vettel-leclerc-sentem-drama-em-monza","status":"publish","type":"post","link":"https:\/\/grandepremio.com\/br\/f1\/carro-dificil-de-guiar-e-sem-ritmo-para-q3-vettel-leclerc-sentem-drama-em-monza\/","title":{"rendered":"Carro dif\u00edcil de guiar e sem ritmo para Q3: Vettel e Leclerc j\u00e1 sentem drama em Monza"},"content":{"rendered":"\n<figure class=\"wp-block-embed-youtube wp-block-embed is-type-video is-provider-youtube wp-embed-aspect-16-9 wp-has-aspect-ratio\"><div class=\"wp-block-embed__wrapper\">\n<iframe loading=\"lazy\" title=\"Ferrari tem GP da B\u00e9lgica de F1 DEPRIMENTE e deixa clara crise INACREDIT\u00c1VEL | GP \u00e0s 10\" width=\"500\" height=\"281\" src=\"https:\/\/www.youtube.com\/embed\/e33g3k5ITts?feature=oembed\" frameborder=\"0\" allow=\"accelerometer; autoplay; clipboard-write; encrypted-media; gyroscope; picture-in-picture; web-share\" referrerpolicy=\"strict-origin-when-cross-origin\" allowfullscreen><\/iframe>\n<\/div><\/figure>\n\n\n\n<p class=\"wp-block-paragraph\">A Ferrari deu algum sinal de vida no <a href=\"https:\/\/www.grandepremio.com\/br\/f1\/noticias\/hamilton-lidera-sexta-feira-de-treinos-livres-na-italia-norris-e-terceiro-e-ferrari-reage\/\">segundo treino livre desta sexta-feira (4)<\/a>, em Monza, mas ainda longe do m\u00ednimo esperado. No fim do dia, Sebastian Vettel rodou e Charles Leclerc visitou o gramado. Apesar do rendimento ligeiramente melhor que o da semana passada, as expectativas s\u00e3o baixas.<\/p>\n\n\n\n<p class=\"wp-block-paragraph\">Sobre as sa\u00eddas da pista, Vettel reiterou que o carro \u00e9 bastante dif\u00edcil de guiar. O alem\u00e3o terminou na 12\u00aa coloca\u00e7\u00e3o e listou alguns dos problemas.<\/p>\n\n\n\n<p class=\"wp-block-paragraph\">&#8220;Parte disso \u00e9 Monza e parte \u00e9 o carro, mas a situa\u00e7\u00e3o \u00e9 essa. O carro \u00e9 dif\u00edcil de guiar. Estamos inst\u00e1veis nas retas e onde dev\u00edamos estar bem. Falta pot\u00eancia na entrada das curvas e [o carro] escorrega por elas&#8221;, disse.<\/p>\n\n\n\n<figure class=\"wp-block-image size-large\"><img decoding=\"async\" src=\"https:\/\/www.grandepremio.com\/br\/wp-content\/uploads\/2020\/09\/ferrari-sebastianvettel-01-1024x683.jpg\" alt=\"\" class=\"wp-image-414267\"\/><figcaption>Sebastian Vettel n\u00e3o conseguiu ficar entre os dez primeiros no TL2 (Foto: Ferrari)<\/figcaption><\/figure>\n\n\n\n<p class=\"wp-block-paragraph\">J\u00e1 Leclerc foi um pouco mais otimista. Disse que as simula\u00e7\u00f5es de treino foram melhores que o esperado &#8211; ainda que as de corrida tenham ido na dire\u00e7\u00e3o contr\u00e1ria. Apesar do carro ainda dever para voltas lan\u00e7adas, cr\u00ea que o Q3 no s\u00e1bado seja poss\u00edvel.<\/p>\n\n\n\n<p class=\"wp-block-paragraph\">&#8220;Esperava que fossemos pior nas simula\u00e7\u00f5es com pouco combust\u00edvel, mas esper\u00e1vamos mais das com tanque mais cheio. Tivemos dificuldade com o desgaste dos pneus, precisamos trabalhar nisso. Espero que d\u00ea para entrar no Q3, mas vai ser muito apertado. Ainda n\u00e3o temos o desempenho para entrar no Q3, mas estamos perto&#8221;, finalizou.<\/p>\n\n\n\n<p class=\"wp-block-paragraph\">A F\u00f3rmula 1 volta a acelerar em Monza na manh\u00e3 deste s\u00e1bado, a partir de 7h (de Bras\u00edlia), enquanto o treino classificat\u00f3rio que vai definir o grid de largada est\u00e1 marcado para 10h. O <strong>GRANDE PR\u00caMIO<\/strong> acompanha tudo sobre o GP da It\u00e1lia <a href=\"https:\/\/www.grandepremio.com\/br\/ao-vivo\/f1\/\"><strong>AO VIVO<\/strong> e em <strong>TEMPO REAL<\/strong><\/a>.<\/p>\n\n\n\n<figure class=\"wp-block-embed-youtube wp-block-embed is-type-video is-provider-youtube wp-embed-aspect-16-9 wp-has-aspect-ratio\"><div class=\"wp-block-embed__wrapper\">\n<iframe loading=\"lazy\" title=\"TONY KANAAN e a carreira na INDY - por ele mesmo | Cadeira Cativa #22\" width=\"500\" height=\"281\" src=\"https:\/\/www.youtube.com\/embed\/IXOJUz445xI?feature=oembed\" frameborder=\"0\" allow=\"accelerometer; autoplay; clipboard-write; encrypted-media; gyroscope; picture-in-picture; web-share\" referrerpolicy=\"strict-origin-when-cross-origin\" allowfullscreen><\/iframe>\n<\/div><\/figure>\n","protected":false},"excerpt":{"rendered":"<p>Sebastian Vettel destacou a dificuldade de controlar o carro, ao passo que Charles Leclerc notou a falta de desempenho para avan\u00e7ar at\u00e9 o fim da classifica\u00e7\u00e3o<\/p>\n","protected":false},"author":0,"featured_media":1000414264,"comment_status":"closed","ping_status":"closed","sticky":false,"template":"","format":"standard","meta":{"42wp_featured_image_caption":"","42wp_featured_image_credits":"","42wp_featured_video":"","42wp_featured_image_hidden":false,"42wp_authors_list":[],"footnotes":""},"categories":[2],"tags":[209,118,207,157,159,158,1737,210],"42wp_author":[47120],"class_list":["post-127435","post","type-post","status-publish","format-standard","has-post-thumbnail","hentry","category-f1","tag-charles-leclerc","tag-f1-2020","tag-ferrari","tag-formula-1-2020","tag-horarios-da-f1","tag-horarios-da-formula-1","tag-monza","tag-sebastian-vettel","42wp_author-pedro-henrique-marum"],"_links":{"self":[{"href":"https:\/\/grandepremio.com\/br\/wp-json\/wp\/v2\/posts\/127435","targetHints":{"allow":["GET"]}}],"collection":[{"href":"https:\/\/grandepremio.com\/br\/wp-json\/wp\/v2\/posts"}],"about":[{"href":"https:\/\/grandepremio.com\/br\/wp-json\/wp\/v2\/types\/post"}],"replies":[{"embeddable":true,"href":"https:\/\/grandepremio.com\/br\/wp-json\/wp\/v2\/comments?post=127435"}],"version-history":[{"count":0,"href":"https:\/\/grandepremio.com\/br\/wp-json\/wp\/v2\/posts\/127435\/revisions"}],"wp:featuredmedia":[{"embeddable":true,"href":"https:\/\/grandepremio.com\/br\/wp-json\/wp\/v2\/media\/1000414264"}],"wp:attachment":[{"href":"https:\/\/grandepremio.com\/br\/wp-json\/wp\/v2\/media?parent=127435"}],"wp:term":[{"taxonomy":"category","embeddable":true,"href":"https:\/\/grandepremio.com\/br\/wp-json\/wp\/v2\/categories?post=127435"},{"taxonomy":"post_tag","embeddable":true,"href":"https:\/\/grandepremio.com\/br\/wp-json\/wp\/v2\/tags?post=127435"},{"taxonomy":"42wp_author","embeddable":true,"href":"https:\/\/grandepremio.com\/br\/wp-json\/wp\/v2\/42wp_author?post=127435"}],"curies":[{"name":"wp","href":"https:\/\/api.w.org\/{rel}","templated":true}]}}