{"id":127458,"date":"2020-09-03T16:54:27","date_gmt":"2020-09-03T19:54:27","guid":{"rendered":"https:\/\/grandepremio.com\/br\/noticias\/as-corridas-do-fim-de-semana-na-tv-e-no-streaming-4-a-6-de-setembro\/"},"modified":"2020-09-03T17:06:38","modified_gmt":"2020-09-03T20:06:38","slug":"as-corridas-do-fim-de-semana-na-tv-e-no-streaming-4-a-6-de-setembro","status":"publish","type":"post","link":"https:\/\/grandepremio.com\/br\/programacao-tv\/as-corridas-do-fim-de-semana-na-tv-e-no-streaming-4-a-6-de-setembro\/","title":{"rendered":"As corridas do fim de semana na TV e no streaming: 4 a 6 de setembro"},"content":{"rendered":"\n<p class=\"wp-block-paragraph\"><strong>Sexta, 4 de setembro<\/strong><\/p>\n\n\n\n<figure class=\"wp-block-table\"><table><tbody><tr><td>CATEGORIA<\/td><td>ETAPA<\/td><td>ATIVIDADE<\/td><td>HORA<\/td><td>EMISSORA<\/td><\/tr><tr><td>WorldSBK<\/td><td>GP de Teruel<\/td><td>Treino livre 1<\/td><td>05:20<\/td><td>DAZN<\/td><\/tr><tr><td>F\u00f3rmula 1<\/td><td>GP da It\u00e1lia<\/td><td>Treino livre 1<\/td><td>06:00<\/td><td>SporTV 2<\/td><\/tr><tr><td>WorldSBK<\/td><td>GP de Teruel<\/td><td>Treino livre 2<\/td><td>09:55<\/td><td>DAZN<\/td><\/tr><tr><td>F\u00f3rmula 1<\/td><td>GP da It\u00e1lia<\/td><td>Treino livre 2<\/td><td>10:00<\/td><td>SporTV 2<\/td><\/tr><\/tbody><\/table><\/figure>\n\n\n\n<p class=\"wp-block-paragraph\"><strong>S\u00e1bado, 5 de setembro<\/strong><\/p>\n\n\n\n<figure class=\"wp-block-table\"><table><tbody><tr><td>CATEGORIA<\/td><td>ETAPA<\/td><td>ATIVIDADE<\/td><td>HORA<\/td><td>EMISSORA<\/td><\/tr><tr><td>WorldSBK<\/td><td>GP de Teruel<\/td><td>Superpole<\/td><td>05:50<\/td><td>DAZN<\/td><\/tr><tr><td>F\u00f3rmula 1<\/td><td>GP da It\u00e1lia<\/td><td>Treino livre 3<\/td><td>07:00<\/td><td>SporTV 2<\/td><\/tr><tr><td>WorldSBK<\/td><td>GP de Teruel<\/td><td>Corrida 1<\/td><td>08:30<\/td><td>DAZN<\/td><\/tr><tr><td>WorldSSP<\/td><td>GP de Teruel<\/td><td>Corrida 1<\/td><td>10:00<\/td><td>DAZN<\/td><\/tr><tr><td>F\u00f3rmula 1<\/td><td>GP da It\u00e1lia<\/td><td>Classifica\u00e7\u00e3o<\/td><td>10:00<\/td><td>SporTV 2<\/td><\/tr><tr><td>WorldSSP300<\/td><td>GP de Teruel<\/td><td>Corrida 1<\/td><td>11:15<\/td><td>DAZN<\/td><\/tr><tr><td>F\u00f3rmula 2<\/td><td>It\u00e1lia<\/td><td>Corrida 1<\/td><td>11h45<\/td><td>YouTube F1<\/td><\/tr><tr><td>IMSA <\/td><td>Road Atlanta<\/td><td>Largada<\/td><td>12:30<\/td><td>FOX Sports 2<\/td><\/tr><tr><td>Nascar Xfinity<\/td><td>Darlington<\/td><td>Corrida<\/td><td>13:30<\/td><td>FOX Sports 2<\/td><\/tr><tr><td>IMSA<\/td><td>Road Atlanta<\/td><td>Final<\/td><td>15:30<\/td><td>FOX Sports 2<\/td><\/tr><\/tbody><\/table><\/figure>\n\n\n\n<p class=\"wp-block-paragraph\"><strong>Domingo, 6 de setembro<\/strong><\/p>\n\n\n\n<figure class=\"wp-block-table\"><table><tbody><tr><td>CATEGORIA<\/td><td>ETAPA<\/td><td>ATIVIDADE<\/td><td>HORA<\/td><td>EMISSORA<\/td><\/tr><tr><td>WorldSBK<\/td><td>GP de Teruel<\/td><td>Superpole<\/td><td>05:45<\/td><td>DAZN<\/td><\/tr><tr><td>F\u00f3rmula 2<\/td><td>It\u00e1lia<\/td><td>Corrida 2<\/td><td>06:10<\/td><td>YouTube F1<\/td><\/tr><tr><td>WorldSSP<\/td><td>GP de Teruel<\/td><td>Corrida 2<\/td><td>07:15<\/td><td>DAZN<\/td><\/tr><tr><td>WorldSBK<\/td><td>GP de Teruel<\/td><td>Corrida 2<\/td><td>08:30<\/td><td>DAZN<\/td><\/tr><tr><td>WorldSSP300<\/td><td>GP de Teruel<\/td><td>Corrida 2<\/td><td>10:00<\/td><td>DAZN<\/td><\/tr><tr><td>F\u00f3rmula 1<\/td><td>GP da It\u00e1lia<\/td><td>Corrida<\/td><td>10:10<\/td><td>Globo<\/td><\/tr><tr><td>Truck Series<\/td><td>Darlington<\/td><td>Corrida<\/td><td>15:00<\/td><td>FOX Sports 2<\/td><\/tr><tr><td>Nascar<\/td><td>Darlington<\/td><td>Corrida<\/td><td>19:00<\/td><td>FOX Sports 2<\/td><\/tr><\/tbody><\/table><\/figure>\n\n\n\n<h3 class=\"wp-block-heading\"><strong>Programa\u00e7\u00e3o do GRANDE PR\u00caMIO<\/strong><\/h3>\n\n\n\n<figure class=\"wp-block-table\"><table><tbody><tr><td>PROGRAMA<\/td><td>ETAPA<\/td><td>ATIVIDADE<\/td><td>HORA<\/td><td>TRANSMISS\u00c3O<\/td><\/tr><tr><td>Briefing<\/td><td>GP da It\u00e1lia<\/td><td>Pr\u00e9-corrida<\/td><td>09:00<\/td><td><a href=\"http:\/\/bit.ly\/GPCanal\">GPTV (YouTube)<\/a><\/td><\/tr><tr><td>Briefing<\/td><td>GP da It\u00e1lia<\/td><td>P\u00f3s-corrida<\/td><td>Ap\u00f3s a chegada<\/td><td><a href=\"http:\/\/bit.ly\/GPCanal\">GPTV (YouTube)<\/a><\/td><\/tr><\/tbody><\/table><\/figure>\n\n\n\n<h3 class=\"wp-block-heading\"><strong>Programa\u00e7\u00e3o da TV no futebol<\/strong><\/h3>\n\n\n\n<p class=\"wp-block-paragraph\">Procurando a programa\u00e7\u00e3o da TV dos jogos da Premier League (Campeonato Ingl\u00eas), de LaLiga (Campeonato Espanhol), da Bundesliga (Campeonato Alem\u00e3o) e da Primeira Liga (Campeonato Portugu\u00eas) na ESPN e no FOX Sports, al\u00e9m dos jogos cl\u00e1ssicos no SporTV?&nbsp;<a rel=\"noreferrer noopener\" href=\"https:\/\/trivela.com.br\/programacao-de-tv\/\" target=\"_blank\">Visite a Trivela<\/a>&nbsp;para o guia de jogos completo.<\/p>\n","protected":false},"excerpt":{"rendered":"<p>Dentro da sequ\u00eancia de corridas da intensa temporada 2020, a F\u00f3rmula 1 chega \u00e0 It\u00e1lia neste fim de semana, para a prova no templo da velocidade: o circuito de Monza. Ainda, a Nascar vai a Darlington, enquanto o Mundial de Superbike corre em Arag\u00e3o o GP de Teruel. Veja como ficam as programa\u00e7\u00f5es em DAZN, SporTV, FOX Sports e Globo<\/p>\n","protected":false},"author":0,"featured_media":1000386648,"comment_status":"closed","ping_status":"closed","sticky":false,"template":"","format":"standard","meta":{"42wp_featured_image_caption":"","42wp_featured_image_credits":"","42wp_featured_video":"","42wp_featured_image_hidden":false,"42wp_authors_list":[],"footnotes":""},"categories":[38],"tags":[147,118,24837,24860,1224,24898,26105,705,1737,950,411,26036,561],"42wp_author":[47109],"class_list":["post-127458","post","type-post","status-publish","format-standard","has-post-thumbnail","hentry","category-programacao-tv","tag-f1","tag-f1-2020","tag-formula-1-2","tag-formula-1-2020-2","tag-globo","tag-gp-da-italia","tag-gp-da-italia-de-f1","tag-imsa","tag-monza","tag-mundial-de-superbike","tag-nascar","tag-programacao-de-tv","tag-sportv","42wp_author-redacao-gp"],"_links":{"self":[{"href":"https:\/\/grandepremio.com\/br\/wp-json\/wp\/v2\/posts\/127458","targetHints":{"allow":["GET"]}}],"collection":[{"href":"https:\/\/grandepremio.com\/br\/wp-json\/wp\/v2\/posts"}],"about":[{"href":"https:\/\/grandepremio.com\/br\/wp-json\/wp\/v2\/types\/post"}],"replies":[{"embeddable":true,"href":"https:\/\/grandepremio.com\/br\/wp-json\/wp\/v2\/comments?post=127458"}],"version-history":[{"count":0,"href":"https:\/\/grandepremio.com\/br\/wp-json\/wp\/v2\/posts\/127458\/revisions"}],"wp:featuredmedia":[{"embeddable":true,"href":"https:\/\/grandepremio.com\/br\/wp-json\/wp\/v2\/media\/1000386648"}],"wp:attachment":[{"href":"https:\/\/grandepremio.com\/br\/wp-json\/wp\/v2\/media?parent=127458"}],"wp:term":[{"taxonomy":"category","embeddable":true,"href":"https:\/\/grandepremio.com\/br\/wp-json\/wp\/v2\/categories?post=127458"},{"taxonomy":"post_tag","embeddable":true,"href":"https:\/\/grandepremio.com\/br\/wp-json\/wp\/v2\/tags?post=127458"},{"taxonomy":"42wp_author","embeddable":true,"href":"https:\/\/grandepremio.com\/br\/wp-json\/wp\/v2\/42wp_author?post=127458"}],"curies":[{"name":"wp","href":"https:\/\/api.w.org\/{rel}","templated":true}]}}