{"id":127475,"date":"2020-09-03T08:20:43","date_gmt":"2020-09-03T11:20:43","guid":{"rendered":"https:\/\/grandepremio.com\/br\/noticias\/em-reestruturacao-williams-anuncia-saida-de-claire-da-chefia-apos-gp-da-italia\/"},"modified":"2020-09-03T10:16:06","modified_gmt":"2020-09-03T13:16:06","slug":"em-reestruturacao-williams-anuncia-saida-de-claire-da-chefia-apos-gp-da-italia","status":"publish","type":"post","link":"https:\/\/grandepremio.com\/br\/f1\/em-reestruturacao-williams-anuncia-saida-de-claire-da-chefia-apos-gp-da-italia\/","title":{"rendered":"Em reestrutura\u00e7\u00e3o, Williams anuncia sa\u00edda de Claire da chefia ap\u00f3s GP da It\u00e1lia"},"content":{"rendered":"\n<figure class=\"wp-block-embed-youtube wp-block-embed is-type-video is-provider-youtube wp-embed-aspect-16-9 wp-has-aspect-ratio\"><div class=\"wp-block-embed__wrapper\">\n<iframe loading=\"lazy\" title=\"WILLIAMS deixa de ser como conhecemos. E isso \u00e9 NORMAL na F1 | GP \u00e0s 10\" width=\"500\" height=\"281\" src=\"https:\/\/www.youtube.com\/embed\/zN0qwm3AZEs?feature=oembed\" frameborder=\"0\" allow=\"accelerometer; autoplay; clipboard-write; encrypted-media; gyroscope; picture-in-picture; web-share\" referrerpolicy=\"strict-origin-when-cross-origin\" allowfullscreen><\/iframe>\n<\/div><\/figure>\n\n\n\n<p class=\"wp-block-paragraph\">A Williams anunciou uma mudan\u00e7a profunda nesta quinta-feira (3). Um comunicado confirmou que o GP da It\u00e1lia desta semana \u00e9 o \u00faltimo com Claire Williams como chefe de equipe, posto que agora fica sem dono durante processo interno de reestrutura\u00e7\u00e3o.<\/p>\n\n\n\n<p class=\"wp-block-paragraph\">A not\u00edcia vem <strong><a href=\"https:\/\/www.grandepremio.com\/br\/f1\/noticias\/williams-anuncia-venda-da-equipe-para-fundo-norte-americano-de-investimentos\/\">duas semanas ap\u00f3s a venda<\/a><\/strong> da Williams. A equipe passou das m\u00e3os da fam\u00edlia para as do Dorilton Capital, grupo de investimento que promete a inje\u00e7\u00e3o de capital necess\u00e1rio. Sem Claire, a F\u00f3rmula 1 vive um dia marcante: a fam\u00edlia Williams perde oficialmente o v\u00ednculo com posi\u00e7\u00f5es de chefia da escuderia. At\u00e9 mesmo o posto simb\u00f3lico de Frank Williams foi abandonado.<\/p>\n\n\n\n<p class=\"wp-block-paragraph\">O comunicado emitido pela equipe indica que as mudan\u00e7as partiram do interesse da pr\u00f3pria fam\u00edlia Williams. Matthew Savage, presidente do Dorilton Capital, diz que &#8220;respeita a decis\u00e3o muito dura da fam\u00edlia Williams de se afastar da equipe e dos neg\u00f3cios ap\u00f3s garantir novos recursos financeiros para o futuro&#8221;.<\/p>\n\n\n\n<p class=\"wp-block-paragraph\">\u201c\u00c9 com cora\u00e7\u00e3o pesado que estou deixando meu papel na equipe\u201d, comentou Claire. \u201cEsperava continuar com meu mandato no futuro e preservar o legado da fam\u00edlia Williams para a pr\u00f3xima gera\u00e7\u00e3o. Entretanto, nossa necessidade de encontrar investimentos neste ano por in\u00fameros fatores, muitos fora de nosso controle, resultou na venda do time para Dorilton Capital. Minha fam\u00edlia sempre priorizou a equipe e os funcion\u00e1rios e essa foi a melhor decis\u00e3o a se tomar. Sei que neles encontramos as pessoas certas para recolocar a Williams de volta ao topo do grid enquanto preservam seu legado\u201d, destacou.<\/p>\n\n\n\n<figure class=\"wp-block-image size-large\"><img decoding=\"async\" src=\"https:\/\/www.grandepremio.com\/br\/wp-content\/uploads\/2020\/05\/ClaireWilliams-1024x768.jpg\" alt=\"Claire Williams\" class=\"wp-image-382163\"\/><figcaption>Claire Williams deixa o posto de chefe de equipe ap\u00f3s o fim de semana (Foto: LAT\/Williams)<\/figcaption><\/figure>\n\n\n\n<p class=\"wp-block-paragraph\">\u201cTomei a decis\u00e3o de deixar o time para permitir um novo come\u00e7o para a Dorilton. N\u00e3o foi uma decis\u00e3o f\u00e1cil, mas acredito que \u00e9 a mais acertada com todos os envolvidos. Fui enormemente privilegiada em ter crescido nesse time e no maravilhoso mundo da F\u00f3rmula 1. Amei cada minuto e vou ser eternamente grata pelas oportunidades que me ofereceram. Mas tamb\u00e9m \u00e9 um esporte extremamente desafiador e agora quero ver o que o mundo guarda para mim. E mais importante, quero passar tempo com minha fam\u00edlia&#8221;, destacou.<\/p>\n\n\n\n<p class=\"wp-block-paragraph\">&#8220;Gostaria de agradecer a Dorilton por seu apoio e entendimento de minha decis\u00e3o. Tamb\u00e9m gostaria de agradecer nossos f\u00e3s que ficaram conosco durante todo esse tempo. Nosso pessoal na Williams sempre foi uma fam\u00edlia, me mantiveram motivada durante os tempos dif\u00edceis e \u00e9 quem mais vou sentir falta. \u00c9 minha esperan\u00e7a genu\u00edna que todo esse processo traga o sucesso que merecem. E, finalmente, gostaria de agradecer meu pai por tudo o que fez pela equipe, esporte e nossa fam\u00edlia&#8221;, encerrou.<\/p>\n\n\n\n<p class=\"wp-block-paragraph\">Claire assumiu oficialmente a condi\u00e7\u00e3o de chefe de equipe em 2013, finalizando processo de transi\u00e7\u00e3o ap\u00f3s anos com Frank Williams como mandat\u00e1rio. Foi sob a gest\u00e3o da dirigente que a escuderia renasceu e acumulou p\u00f3dios em 2014 e 2015. Os anos seguintes, entretanto, reservaram uma derrocada para o fim do grid.<\/p>\n\n\n\n<p class=\"wp-block-paragraph\">A sa\u00edda de Claire \u00e9 uma mudan\u00e7a importante na Williams, mas que traz mais d\u00favidas do que certezas. Nenhum substituto imediato foi anunciado para a posi\u00e7\u00e3o de chefe. Al\u00e9m disso, a real identidade das pessoas por tr\u00e1s do Dorilton Capital <strong><a href=\"https:\/\/www.grandepremio.com\/br\/f1\/noticias\/williams-desmente-participacao-de-ecclestone-em-venda-mas-esconde-novo-dono\/\">segue desconhecida<\/a><\/strong>.<\/p>\n\n\n\n<figure class=\"wp-block-embed-youtube wp-block-embed is-type-video is-provider-youtube wp-embed-aspect-16-9 wp-has-aspect-ratio\"><div class=\"wp-block-embed__wrapper\">\n<iframe loading=\"lazy\" title=\"F1 no BRASIL: QUEM TRANSMITE? F1 na B\u00e9lgica: vexame da FERRARI | Paddock GP #212\" width=\"500\" height=\"281\" src=\"https:\/\/www.youtube.com\/embed\/ojOutGintkc?feature=oembed\" frameborder=\"0\" allow=\"accelerometer; autoplay; clipboard-write; encrypted-media; gyroscope; picture-in-picture; web-share\" referrerpolicy=\"strict-origin-when-cross-origin\" allowfullscreen><\/iframe>\n<\/div><\/figure>\n","protected":false},"excerpt":{"rendered":"<p>O GP da It\u00e1lia \u00e9 o \u00faltimo de Claire Williams como chefe de equipe. A dirigente sai em meio \u00e0s mudan\u00e7as promovidas pelo Dorilton Capital, que comprou a escuderia. A mudan\u00e7a tem import\u00e2ncia simb\u00f3lica tamb\u00e9m: a fam\u00edlia Williams n\u00e3o ocupa mais posi\u00e7\u00f5es na esquadra<\/p>\n","protected":false},"author":0,"featured_media":0,"comment_status":"closed","ping_status":"closed","sticky":false,"template":"","format":"standard","meta":{"42wp_featured_image_caption":"","42wp_featured_image_credits":"","42wp_featured_video":"","42wp_featured_image_hidden":false,"42wp_authors_list":[],"footnotes":""},"categories":[2],"tags":[527,25982,118,24837,800,801],"42wp_author":[47118],"class_list":["post-127475","post","type-post","status-publish","format-standard","hentry","category-f1","tag-claire-williams","tag-dorilton-capital","tag-f1-2020","tag-formula-1-2","tag-george-russell","tag-nicholas-latifi","42wp_author-vitor-fazio"],"_links":{"self":[{"href":"https:\/\/grandepremio.com\/br\/wp-json\/wp\/v2\/posts\/127475","targetHints":{"allow":["GET"]}}],"collection":[{"href":"https:\/\/grandepremio.com\/br\/wp-json\/wp\/v2\/posts"}],"about":[{"href":"https:\/\/grandepremio.com\/br\/wp-json\/wp\/v2\/types\/post"}],"replies":[{"embeddable":true,"href":"https:\/\/grandepremio.com\/br\/wp-json\/wp\/v2\/comments?post=127475"}],"version-history":[{"count":0,"href":"https:\/\/grandepremio.com\/br\/wp-json\/wp\/v2\/posts\/127475\/revisions"}],"wp:attachment":[{"href":"https:\/\/grandepremio.com\/br\/wp-json\/wp\/v2\/media?parent=127475"}],"wp:term":[{"taxonomy":"category","embeddable":true,"href":"https:\/\/grandepremio.com\/br\/wp-json\/wp\/v2\/categories?post=127475"},{"taxonomy":"post_tag","embeddable":true,"href":"https:\/\/grandepremio.com\/br\/wp-json\/wp\/v2\/tags?post=127475"},{"taxonomy":"42wp_author","embeddable":true,"href":"https:\/\/grandepremio.com\/br\/wp-json\/wp\/v2\/42wp_author?post=127475"}],"curies":[{"name":"wp","href":"https:\/\/api.w.org\/{rel}","templated":true}]}}