{"id":127484,"date":"2020-09-02T16:30:54","date_gmt":"2020-09-02T19:30:54","guid":{"rendered":"https:\/\/grandepremio.com\/br\/noticias\/timidez-e-ponto-na-argentina-castilho-relembra-estreia-de-prost-na-formula-1\/"},"modified":"2020-09-02T12:14:41","modified_gmt":"2020-09-02T15:14:41","slug":"timidez-e-ponto-na-argentina-castilho-relembra-estreia-de-prost-na-formula-1","status":"publish","type":"post","link":"https:\/\/grandepremio.com\/br\/f1\/timidez-e-ponto-na-argentina-castilho-relembra-estreia-de-prost-na-formula-1\/","title":{"rendered":"Timidez e ponto na Argentina: Castilho relembra estreia de Prost na F\u00f3rmula 1"},"content":{"rendered":"\n<p class=\"wp-block-paragraph\">No Cadeira Cativa #21, Castilho de Andrade contou detalhes da estreia de um dos maiores pilotos da hist\u00f3ria da F\u00f3rmula 1: Alain Prost. O franc\u00eas chegou na categoria no GP da Argentina de 1980, pela McLaren, e j\u00e1 conseguiu pontuar. Ap\u00f3s a prova, mostrou-se t\u00edmido e gentil diante dos jornalistas.<\/p>\n\n\n\n<p class=\"wp-block-paragraph\">O Cadeira Cativa \u00e9 o programa do&nbsp;<strong>GRANDE PR\u00caMIO<\/strong>&nbsp;<a href=\"https:\/\/www.youtube.com\/playlist?list=PLULYLQYUzB5quTd-TVZPMhYwfGBYPTVy7\">que recebe jornalistas e personalidades marcantes da cobertura de esporte a motor do Brasil<\/a>.<\/p>\n\n\n\n<p class=\"wp-block-paragraph\"><strong>Assista ao trecho completo abaixo:<\/strong><\/p>\n\n\n\n<figure class=\"wp-block-embed-youtube wp-block-embed is-type-video is-provider-youtube wp-embed-aspect-16-9 wp-has-aspect-ratio\"><div class=\"wp-block-embed__wrapper\">\n<iframe loading=\"lazy\" title=\"As ESTREIAS dos grandes ASTROS da F1 | Cadeira Cativa #21\" width=\"500\" height=\"281\" src=\"https:\/\/www.youtube.com\/embed\/PJBciaiExzA?start=1068&amp;feature=oembed\" frameborder=\"0\" allow=\"accelerometer; autoplay; clipboard-write; encrypted-media; gyroscope; picture-in-picture; web-share\" referrerpolicy=\"strict-origin-when-cross-origin\" allowfullscreen><\/iframe>\n<\/div><\/figure>\n\n\n","protected":false},"excerpt":{"rendered":"<p>A estreia de Alain Prost na F\u00f3rmula 1 foi pela McLaren, no GP da Argentina de 1980. E o franc\u00eas conseguiu, logo de cara, o primeiro ponto. O Cadeira Cativa #21 recordou este importante momento na hist\u00f3ria do esporte a motor<\/p>\n","protected":false},"author":0,"featured_media":1000398642,"comment_status":"closed","ping_status":"closed","sticky":false,"template":"","format":"standard","meta":{"42wp_featured_image_caption":"","42wp_featured_image_credits":"","42wp_featured_video":"","42wp_featured_image_hidden":false,"42wp_authors_list":[],"footnotes":""},"categories":[2],"tags":[1189,24900,25283,147,122,24837,4238],"42wp_author":[47109],"class_list":["post-127484","post","type-post","status-publish","format-standard","has-post-thumbnail","hentry","category-f1","tag-alain-prost","tag-cadeira-cativa","tag-castilho-de-andrade","tag-f1","tag-flavio-gomes","tag-formula-1-2","tag-lito-cavalcanti","42wp_author-redacao-gp"],"_links":{"self":[{"href":"https:\/\/grandepremio.com\/br\/wp-json\/wp\/v2\/posts\/127484","targetHints":{"allow":["GET"]}}],"collection":[{"href":"https:\/\/grandepremio.com\/br\/wp-json\/wp\/v2\/posts"}],"about":[{"href":"https:\/\/grandepremio.com\/br\/wp-json\/wp\/v2\/types\/post"}],"replies":[{"embeddable":true,"href":"https:\/\/grandepremio.com\/br\/wp-json\/wp\/v2\/comments?post=127484"}],"version-history":[{"count":0,"href":"https:\/\/grandepremio.com\/br\/wp-json\/wp\/v2\/posts\/127484\/revisions"}],"wp:featuredmedia":[{"embeddable":true,"href":"https:\/\/grandepremio.com\/br\/wp-json\/wp\/v2\/media\/1000398642"}],"wp:attachment":[{"href":"https:\/\/grandepremio.com\/br\/wp-json\/wp\/v2\/media?parent=127484"}],"wp:term":[{"taxonomy":"category","embeddable":true,"href":"https:\/\/grandepremio.com\/br\/wp-json\/wp\/v2\/categories?post=127484"},{"taxonomy":"post_tag","embeddable":true,"href":"https:\/\/grandepremio.com\/br\/wp-json\/wp\/v2\/tags?post=127484"},{"taxonomy":"42wp_author","embeddable":true,"href":"https:\/\/grandepremio.com\/br\/wp-json\/wp\/v2\/42wp_author?post=127484"}],"curies":[{"name":"wp","href":"https:\/\/api.w.org\/{rel}","templated":true}]}}