{"id":127527,"date":"2020-08-31T16:25:23","date_gmt":"2020-08-31T19:25:23","guid":{"rendered":"https:\/\/grandepremio.com\/br\/noticias\/aprendizados-e-nenhum-ponto-o-gp-da-belgica-dos-brasileiros-da-formula-2-e-formula-3\/"},"modified":"2020-08-31T16:25:29","modified_gmt":"2020-08-31T19:25:29","slug":"aprendizados-e-nenhum-ponto-o-gp-da-belgica-dos-brasileiros-da-formula-2-e-formula-3","status":"publish","type":"post","link":"https:\/\/grandepremio.com\/br\/f2\/aprendizados-e-nenhum-ponto-o-gp-da-belgica-dos-brasileiros-da-formula-2-e-formula-3\/","title":{"rendered":"Aprendizados e nenhum ponto: o GP da B\u00e9lgica dos brasileiros da F\u00f3rmula 2 e F\u00f3rmula 3"},"content":{"rendered":"\n<p class=\"wp-block-paragraph\">A F\u00f3rmula 2 e a F\u00f3rmula 3 tiveram etapas de propor\u00e7\u00f5es grandes no \u00faltimo fim de semana em Spa-Francorchamps na B\u00e9lgica, que ajustaram o rumo dos dois campeonatos. Para os cinco brasileiros distribu\u00eddos nas categorias, o saldo foi negativo.<\/p>\n\n\n\n<p class=\"wp-block-paragraph\">Felipe Drugovich se envolveu em acidente com o companheiro de MP, Nobuharu Matsushita, e foi desclassificado por fazer o pit-stop na \u00faltima volta da corrida 1. No domingo, n\u00e3o chegou nos pontos.<\/p>\n\n\n\n<p class=\"wp-block-paragraph\">\u201cTirando a sexta-feira, foi um final de semana bem ruim. No s\u00e1bado tive aquele acidente e hoje, largando no fim do grid, foi dif\u00edcil fazer algo, ainda mais com a quantidade de interven\u00e7\u00f5es do safety-car que teve. Foi pouco tempo de corrida e tamb\u00e9m \u00e9 dif\u00edcil passar quando todo mundo est\u00e1 com o DRS um atr\u00e1s do outro. Fica o aprendizado para a pr\u00f3xima, vamos para Monza, se Deus quiser vai ser bom\u201d, declarou o paranaense, que \u00e9 10\u00ba no campeonato.<\/p>\n\n\n\n<figure class=\"wp-block-image size-large\"><img decoding=\"async\" src=\"https:\/\/www.grandepremio.com\/br\/wp-content\/uploads\/2020\/08\/Drugovich-1024x576.jpg\" alt=\"\" class=\"wp-image-413269\"\/><figcaption>Felipe Drugovich teve fim de semana ruim em Spa (Foto: F2)<\/figcaption><\/figure>\n\n\n\n<p class=\"wp-block-paragraph\">Pedro Piquet, da Charouz, chegou a sonhar com pontos na corrida 1, mas terminou os dois certames do fim de semana em 12\u00ba.<\/p>\n\n\n\n<p class=\"wp-block-paragraph\">&#8220;Estamos com problemas na classifica\u00e7\u00e3o h\u00e1 muito tempo, apesar do nosso ritmo n\u00e3o ter sido ruim. N\u00e3o tive uma m\u00e1 largada, especialmente no s\u00e1bado, mas faltou velocidade de reta, que foi ao nosso favor nas \u00faltimas corridas. Foi legal encontrar Juan Manuel Correa. \u00c9 bom ver que ele est\u00e1 de volta e melhorando. Acho que tivermos velocidade, vamos brigar por posi\u00e7\u00f5es altas em Monza. Nosso carro tem bons freios, o que \u00e9 importante&#8221;, disse o piloto, que viu o companheiro Louis Del\u00e9traz pontuar duas vezes.<\/p>\n\n\n\n<p class=\"wp-block-paragraph\">Guilherme Samaia, da Campos, igualou o melhor resultado da temporada, ficando com o 15\u00ba lugar na corrida 2.<\/p>\n\n\n\n<p class=\"wp-block-paragraph\">J\u00e1 na F\u00f3rmula 1, Igor Fraga teve outro fim de semana complicado. O brasileiro da Charouz foi 19\u00ba no s\u00e1bado e apenas 27\u00ba no domingo. Os companheiros Roman Stanek e Michael Belov tamb\u00e9m sa\u00edram zerados.<\/p>\n\n\n\n<figure class=\"wp-block-image size-large\"><img decoding=\"async\" src=\"https:\/\/www.grandepremio.com\/br\/wp-content\/uploads\/2020\/08\/4-1-1024x576.jpg\" alt=\"\" class=\"wp-image-413281\"\/><figcaption>Igor Fraga tem apenas 1 ponto somado em 2020 (Foto: F3)<\/figcaption><\/figure>\n\n\n\n<p class=\"wp-block-paragraph\">&#8220;Desta vez, a classifica\u00e7\u00e3o foi estranha. N\u00e3o consegui completar a primeira parte pela bandeira vermelha, e na segunda tive de diminuir nos setores 2 e 3, o que me fez perder bastante tempo. Eu n\u00e3o sei se seria suficiente para top-10, mas conseguiria mais que 18\u00ba. Na primeira corrida, tive problemas com desgaste de pneus. De in\u00edcio, ultrapassamos alguns pilotos, mas fomos perdendo novamente. Na corrida 2, tive um problema no fim e precisei ir aos pits. Infelizmente, aconteceu no come\u00e7o da volta, tive de pilotar muito lento por muito tempo. Uma nova oportunidade de melhora acontece em Monza, estou ansioso&#8221;, disse Fraga.<\/p>\n\n\n\n<p class=\"wp-block-paragraph\">Enzo Fittipaldi, da HWA, n\u00e3o pontuou, mas ficou pr\u00f3ximo. Ap\u00f3s o 26\u00ba lugar no s\u00e1bado, ganhou boas posi\u00e7\u00f5es no domingo e fechou em 12\u00ba.<\/p>\n\n\n\n<p class=\"wp-block-paragraph\">\u201cCome\u00e7amos bem com o sexto lugar no treino livre, mas foi um fim de semana dif\u00edcil porque o carro n\u00e3o tinha ritmo para classificar no top-10. Depois do pneu furado na corrida de s\u00e1bado, acabei precisando largar l\u00e1 atr\u00e1s na corrida de domingo. Fico feliz pelas ultrapassagens, mas meu objetivo \u00e9 sempre terminar nos pontos e \u00e9 isso que vamos buscar em Monza, na pr\u00f3xima etapa\u201d, comentou Enzo.<\/p>\n\n\n\n<figure class=\"wp-block-embed-youtube wp-block-embed is-type-video is-provider-youtube wp-embed-aspect-16-9 wp-has-aspect-ratio\"><div class=\"wp-block-embed__wrapper\">\n<iframe loading=\"lazy\" title=\"F1 2020: Hamilton vence de novo - a an\u00e1lise do GP da B\u00e9lgica de F1 | Briefing\" width=\"500\" height=\"281\" src=\"https:\/\/www.youtube.com\/embed\/kXozX6pYwRg?feature=oembed\" frameborder=\"0\" allow=\"accelerometer; autoplay; clipboard-write; encrypted-media; gyroscope; picture-in-picture; web-share\" referrerpolicy=\"strict-origin-when-cross-origin\" allowfullscreen><\/iframe>\n<\/div><\/figure>\n","protected":false},"excerpt":{"rendered":"<p>Nenhum dos cinco brasileiros da F2 e F3 sa\u00edram com pontos do fim de semana em Spa-Francorchamps. Pilotos est\u00e3o com esperan\u00e7a para a rodada dupla de Monza, na It\u00e1lia, que acontece no pr\u00f3ximo fim de semana<\/p>\n","protected":false},"author":0,"featured_media":1000413274,"comment_status":"closed","ping_status":"closed","sticky":false,"template":"","format":"standard","meta":{"42wp_featured_image_caption":"","42wp_featured_image_credits":"","42wp_featured_video":"","42wp_featured_image_hidden":false,"42wp_authors_list":[],"footnotes":""},"categories":[9],"tags":[25062,409,111,1008,1024,289,1023],"42wp_author":[47109],"class_list":["post-127527","post","type-post","status-publish","format-standard","has-post-thumbnail","hentry","category-f2","tag-belgica","tag-enzo-fittipaldi","tag-f2","tag-f3","tag-felipe-drugovich","tag-igor-fraga","tag-pedro-piquet","42wp_author-redacao-gp"],"_links":{"self":[{"href":"https:\/\/grandepremio.com\/br\/wp-json\/wp\/v2\/posts\/127527","targetHints":{"allow":["GET"]}}],"collection":[{"href":"https:\/\/grandepremio.com\/br\/wp-json\/wp\/v2\/posts"}],"about":[{"href":"https:\/\/grandepremio.com\/br\/wp-json\/wp\/v2\/types\/post"}],"replies":[{"embeddable":true,"href":"https:\/\/grandepremio.com\/br\/wp-json\/wp\/v2\/comments?post=127527"}],"version-history":[{"count":0,"href":"https:\/\/grandepremio.com\/br\/wp-json\/wp\/v2\/posts\/127527\/revisions"}],"wp:featuredmedia":[{"embeddable":true,"href":"https:\/\/grandepremio.com\/br\/wp-json\/wp\/v2\/media\/1000413274"}],"wp:attachment":[{"href":"https:\/\/grandepremio.com\/br\/wp-json\/wp\/v2\/media?parent=127527"}],"wp:term":[{"taxonomy":"category","embeddable":true,"href":"https:\/\/grandepremio.com\/br\/wp-json\/wp\/v2\/categories?post=127527"},{"taxonomy":"post_tag","embeddable":true,"href":"https:\/\/grandepremio.com\/br\/wp-json\/wp\/v2\/tags?post=127527"},{"taxonomy":"42wp_author","embeddable":true,"href":"https:\/\/grandepremio.com\/br\/wp-json\/wp\/v2\/42wp_author?post=127527"}],"curies":[{"name":"wp","href":"https:\/\/api.w.org\/{rel}","templated":true}]}}