{"id":127533,"date":"2020-08-31T10:25:37","date_gmt":"2020-08-31T13:25:37","guid":{"rendered":"https:\/\/grandepremio.com\/br\/noticias\/hamilton-se-diz-com-coracao-e-alma-pesados-por-acontecimentos-mundiais-em-2020\/"},"modified":"2020-08-31T10:56:01","modified_gmt":"2020-08-31T13:56:01","slug":"hamilton-se-diz-com-coracao-e-alma-pesados-por-acontecimentos-mundiais-em-2020","status":"publish","type":"post","link":"https:\/\/grandepremio.com\/br\/f1\/hamilton-se-diz-com-coracao-e-alma-pesados-por-acontecimentos-mundiais-em-2020\/","title":{"rendered":"Hamilton se diz com \u201ccora\u00e7\u00e3o e alma pesados\u201d por acontecimentos mundiais em 2020"},"content":{"rendered":"\n<figure class=\"wp-block-embed-youtube wp-block-embed is-type-video is-provider-youtube wp-embed-aspect-16-9 wp-has-aspect-ratio\"><div class=\"wp-block-embed__wrapper\">\n<iframe loading=\"lazy\" title=\"F1 2020: Hamilton vence de novo - a an\u00e1lise do GP da B\u00e9lgica de F1 | Briefing\" width=\"500\" height=\"281\" src=\"https:\/\/www.youtube.com\/embed\/kXozX6pYwRg?feature=oembed\" frameborder=\"0\" allow=\"accelerometer; autoplay; clipboard-write; encrypted-media; gyroscope; picture-in-picture; web-share\" referrerpolicy=\"strict-origin-when-cross-origin\" allowfullscreen><\/iframe>\n<\/div><\/figure>\n\n\n\n<p class=\"wp-block-paragraph\">Lewis Hamilton destacou o grande sofrimento que tem enfrentado com os acontecimentos mundiais em 2020. O brit\u00e2nico afirmou se sentir com cora\u00e7\u00e3o e alma pesados, inclusive desmoronando ap\u00f3s saber da morte de Chadwick Boseman, o Pantera Negra, na \u00faltima semana.<\/p>\n\n\n\n<p class=\"wp-block-paragraph\">O ator que protagonizou o super-her\u00f3i no filme pr\u00f3prio e tamb\u00e9m em outras produ\u00e7\u00f5es do universo da Marvel, morreu no s\u00e1bado aos 43 anos ap\u00f3s lutar por quatro anos contra um c\u00e2ncer de c\u00f3lon.<\/p>\n\n\n\n<p class=\"wp-block-paragraph\">Como forma de homenagem, o ingl\u00eas de Stevenage <a href=\"https:\/\/www.grandepremio.com\/br\/f1\/noticias\/wakanda-forever-hamilton-dedica-pole-na-belgica-a-ator-chadwick-boseman\/\" class=\"rank-math-link\">dedicou sua pole-position do GP da B\u00e9lgica ao amigo<\/a>. Ainda, fez o sinal de \u2018Wakanda Forever\u2019 [Wakanda para Sempre, gesto do Pantera Negra] tanto ap\u00f3s a classifica\u00e7\u00e3o quanto ap\u00f3s a vit\u00f3ria 89 da carreira.<\/p>\n\n\n\n<figure class=\"wp-block-image size-large\"><img decoding=\"async\" src=\"https:\/\/www.grandepremio.com\/br\/wp-content\/uploads\/2020\/08\/Lewis-Hamilton-Mercedes-F1-Belgica-1024x654.jpg\" alt=\"\" class=\"wp-image-412817\"\/><figcaption>Lewis Hamilton disse sofrer com o que tem acontecido no mundo (Foto: Reprodu\u00e7\u00e3o\/F1)<\/figcaption><\/figure>\n\n\n\n<p class=\"wp-block-paragraph\">\u201cTenho sentido meu cora\u00e7\u00e3o e alma muito pesados. Sabe, quando est\u00e1 assistindo o notici\u00e1rio, quando v\u00ea o que est\u00e1 acontecendo com o mundo e se sente afetado por isso. Fiquei t\u00e3o incrivelmente orgulhoso quando Chadwick foi o Pantera Negra, pois quando crian\u00e7a sonhava com super-her\u00f3is e finalmente ver um com a mesma cor que a minha foi um momento marcante\u201d, disse o hexacampe\u00e3o.<\/p>\n\n\n\n<p class=\"wp-block-paragraph\">\u201cEnt\u00e3o, quando acordei e soube da not\u00edcia por um amigo que disse \u2018estou chorando escrevendo essa mensagem sobre Chad\u2019, e ent\u00e3o, lendo as not\u00edcias me despedacei. Eu me lembro, apenas tentei acertar tudo para assegurar de que conseguiria. Claro, n\u00e3o sabe se vai conseguir entregar as voltas, n\u00e3o sabe se vai se distrair. Mas quando encontra seu prop\u00f3sito, seu motivo, seu objetivo, pode ir muito longe\u201d, completou o piloto de 35 anos.<\/p>\n\n\n\n<p class=\"wp-block-paragraph\">Com o triunfo em Spa-Francorchamps, o ingl\u00eas, <a href=\"https:\/\/www.grandepremio.com\/br\/f1\/noticias\/hamilton-ve-corridas-nao-tao-emocionantes-para-fas-e-espera-mudanca-em-2022\/\" class=\"rank-math-link\">que reconheceu que as provas da F\u00f3rmula 1 n\u00e3o est\u00e3o divertidas de se assistir<\/a>, sustenta vantagem de 47 pontos para Max Verstappen, o segundo colocado do <a href=\"https:\/\/www.grandepremio.com\/br\/f1\/classificacao\/?fl=true&amp;utm_source=lance\" class=\"rank-math-link\">Mundial de Pilotos<\/a>. Valtteri Bottas aparece em terceiro, com 50 pontos de desvantagem para o companheiro.<\/p>\n\n\n\n<figure class=\"wp-block-embed-youtube wp-block-embed is-type-video is-provider-youtube wp-embed-aspect-16-9 wp-has-aspect-ratio\"><div class=\"wp-block-embed__wrapper\">\n<iframe loading=\"lazy\" title=\"Como NBA e jogadores exp\u00f5em os pilotos &amp;apos;sapat\u00eanis&amp;apos; da F1 | GP \u00e0s 10\" width=\"500\" height=\"281\" src=\"https:\/\/www.youtube.com\/embed\/QeoG_fHMQPc?feature=oembed\" frameborder=\"0\" allow=\"accelerometer; autoplay; clipboard-write; encrypted-media; gyroscope; picture-in-picture; web-share\" referrerpolicy=\"strict-origin-when-cross-origin\" allowfullscreen><\/iframe>\n<\/div><\/figure>\n","protected":false},"excerpt":{"rendered":"<p>O ingl\u00eas ainda lamentou a morte do amigo Chadwick Boseman, o Pantera Negra, dizendo ter sido dif\u00edcil se concentrar para entregar os melhores resultados no GP da B\u00e9lgica<\/p>\n","protected":false},"author":0,"featured_media":1000412943,"comment_status":"closed","ping_status":"closed","sticky":false,"template":"","format":"standard","meta":{"42wp_featured_image_caption":"","42wp_featured_image_credits":"","42wp_featured_video":"","42wp_featured_image_hidden":false,"42wp_authors_list":[],"footnotes":""},"categories":[2],"tags":[147,118,24837,24860,24899,87,82,108,24908],"42wp_author":[47109],"class_list":["post-127533","post","type-post","status-publish","format-standard","has-post-thumbnail","hentry","category-f1","tag-f1","tag-f1-2020","tag-formula-1-2","tag-formula-1-2020-2","tag-gp-da-belgica-2","tag-lewis-hamilton","tag-mercedes","tag-spa-francorchamps","tag-temporada-2020-formula-1","42wp_author-redacao-gp"],"_links":{"self":[{"href":"https:\/\/grandepremio.com\/br\/wp-json\/wp\/v2\/posts\/127533","targetHints":{"allow":["GET"]}}],"collection":[{"href":"https:\/\/grandepremio.com\/br\/wp-json\/wp\/v2\/posts"}],"about":[{"href":"https:\/\/grandepremio.com\/br\/wp-json\/wp\/v2\/types\/post"}],"replies":[{"embeddable":true,"href":"https:\/\/grandepremio.com\/br\/wp-json\/wp\/v2\/comments?post=127533"}],"version-history":[{"count":0,"href":"https:\/\/grandepremio.com\/br\/wp-json\/wp\/v2\/posts\/127533\/revisions"}],"wp:featuredmedia":[{"embeddable":true,"href":"https:\/\/grandepremio.com\/br\/wp-json\/wp\/v2\/media\/1000412943"}],"wp:attachment":[{"href":"https:\/\/grandepremio.com\/br\/wp-json\/wp\/v2\/media?parent=127533"}],"wp:term":[{"taxonomy":"category","embeddable":true,"href":"https:\/\/grandepremio.com\/br\/wp-json\/wp\/v2\/categories?post=127533"},{"taxonomy":"post_tag","embeddable":true,"href":"https:\/\/grandepremio.com\/br\/wp-json\/wp\/v2\/tags?post=127533"},{"taxonomy":"42wp_author","embeddable":true,"href":"https:\/\/grandepremio.com\/br\/wp-json\/wp\/v2\/42wp_author?post=127533"}],"curies":[{"name":"wp","href":"https:\/\/api.w.org\/{rel}","templated":true}]}}