{"id":127565,"date":"2020-08-30T12:38:23","date_gmt":"2020-08-30T15:38:23","guid":{"rendered":"https:\/\/grandepremio.com\/br\/noticias\/gasly-diz-que-lembrou-dos-momentos-tristes-de-2019-e-dedica-pontos-a-hubert\/"},"modified":"2020-08-30T15:17:37","modified_gmt":"2020-08-30T18:17:37","slug":"gasly-diz-que-lembrou-dos-momentos-tristes-de-2019-e-dedica-pontos-a-hubert","status":"publish","type":"post","link":"https:\/\/grandepremio.com\/br\/f1\/gasly-diz-que-lembrou-dos-momentos-tristes-de-2019-e-dedica-pontos-a-hubert\/","title":{"rendered":"Gasly diz que lembrou &#8220;dos momentos tristes&#8221; de 2019 e dedica pontos a Hubert"},"content":{"rendered":"\n<figure class=\"wp-block-embed-youtube wp-block-embed is-type-video is-provider-youtube wp-embed-aspect-16-9 wp-has-aspect-ratio\"><div class=\"wp-block-embed__wrapper\">\n<iframe loading=\"lazy\" title=\"F1 2020: Hamilton vence de novo - a an\u00e1lise do GP da B\u00e9lgica de F1 | Briefing\" width=\"500\" height=\"281\" src=\"https:\/\/www.youtube.com\/embed\/kXozX6pYwRg?feature=oembed\" frameborder=\"0\" allow=\"accelerometer; autoplay; clipboard-write; encrypted-media; gyroscope; picture-in-picture; web-share\" referrerpolicy=\"strict-origin-when-cross-origin\" allowfullscreen><\/iframe>\n<\/div><\/figure>\n\n\n\n<p class=\"wp-block-paragraph\">Quem garantiu o entretenimento de um mon\u00f3tono <a href=\"https:\/\/www.grandepremio.com\/br\/f1\/noticias\/hamilton-passeia-na-belgica-e-alcanca-89a-vitoria-da-carreira-na-f1-ferrari-se-arrasta\/?fl=true&amp;utm_source=lance\" class=\"rank-math-link\">GP da B\u00e9lgica<\/a>, neste domingo (30), foi Pierre Gasly. Eleito o Piloto do Dia pela vota\u00e7\u00e3o popular da FIA, o franc\u00eas mostrou um tanto de surpresa pelo ritmo da AlphaTauri e fez quest\u00e3o de lembrar do amigo Anthoine Hubert, morto em acidente em Spa, 2019.<\/p>\n\n\n\n<p class=\"wp-block-paragraph\">Gasly vibrou com o come\u00e7o do stint inicial, que durou 28 voltas de pneus duros. Com pneus mais novos no fim da corrida, efetuou uma s\u00e9rie de ultrapassagens. Ap\u00f3s largar em 12\u00ba, chegou ao fim na oitava coloca\u00e7\u00e3o.<\/p>\n\n\n\n<p class=\"wp-block-paragraph\">&#8220;Esper\u00e1vamos dificuldades nas primeiras tr\u00eas voltas, mas foi o contr\u00e1rio. O ritmo era muito bom. Sa\u00ed direto para ganhar algumas posi\u00e7\u00f5es, contou.<\/p>\n\n\n\n<p class=\"wp-block-paragraph\">&#8220;Pensei que ia parar no muro quando mergulhei para cima do P\u00e9rez, foi bem apertado. Sergio joga duro, eu sabia, mas estava comprometido em fazer a manobra funcionar&#8221;, disse.<\/p>\n\n\n\n<p class=\"wp-block-paragraph\">A boa atua\u00e7\u00e3o n\u00e3o tirou Hubert da cabe\u00e7a, contudo. As mem\u00f3rias do acidente fatal do amigo na corrida da F\u00f3rmula 2 em 2019 apareceram.<\/p>\n\n\n\n<p class=\"wp-block-paragraph\">&#8220;Emocionalmente foi uma corrida dif\u00edcil. Spa \u00e9 normalmente a minha pista favorita, mas ainda lembro muito dos momentos tristes do ano passado. Realmente queria ir bem hoje e estou feliz de marcar esses pontos para ele&#8221;, finalizou.<\/p>\n\n\n\n<p class=\"wp-block-paragraph\">Gasly, ali\u00e1s, utilizou <a href=\"https:\/\/www.grandepremio.com\/br\/f1\/noticias\/gasly-apresenta-capacete-com-homenagem-a-amigo-hubert-para-retorno-ao-gp-da-belgica\/?fl=true&amp;utm_source=lance\" class=\"rank-math-link\">capacete especial<\/a> com homenagens a Hubert.<\/p>\n\n\n\n<p class=\"wp-block-paragraph\">O campeonato volta na semana que vem, direto das retas velozes de Monza, no GP da It\u00e1lia.<\/p>\n\n\n\n<figure class=\"wp-block-embed-youtube wp-block-embed is-type-video is-provider-youtube wp-embed-aspect-16-9 wp-has-aspect-ratio\"><div class=\"wp-block-embed__wrapper\">\n<iframe loading=\"lazy\" title=\"Como NBA e jogadores exp\u00f5em os pilotos &amp;apos;sapat\u00eanis&amp;apos; da F1 | GP \u00e0s 10\" width=\"500\" height=\"281\" src=\"https:\/\/www.youtube.com\/embed\/QeoG_fHMQPc?feature=oembed\" frameborder=\"0\" allow=\"accelerometer; autoplay; clipboard-write; encrypted-media; gyroscope; picture-in-picture; web-share\" referrerpolicy=\"strict-origin-when-cross-origin\" allowfullscreen><\/iframe>\n<\/div><\/figure>\n","protected":false},"excerpt":{"rendered":"<p>Piloto da AlphaTauri foi eleito o melhor do dia na vota\u00e7\u00e3o popular da FIA<\/p>\n","protected":false},"author":0,"featured_media":1000412792,"comment_status":"closed","ping_status":"closed","sticky":false,"template":"","format":"standard","meta":{"42wp_featured_image_caption":"","42wp_featured_image_credits":"","42wp_featured_video":"","42wp_featured_image_hidden":false,"42wp_authors_list":[],"footnotes":""},"categories":[2],"tags":[524,106,118,157,22936,159,158,676,24863,489,108],"42wp_author":[47120],"class_list":["post-127565","post","type-post","status-publish","format-standard","has-post-thumbnail","hentry","category-f1","tag-alphatauri","tag-anthoine-hubert","tag-f1-2020","tag-formula-1-2020","tag-gp-da-belgica","tag-horarios-da-f1","tag-horarios-da-formula-1","tag-pierre-gasly","tag-sergio-perez-2","tag-spa","tag-spa-francorchamps","42wp_author-pedro-henrique-marum"],"_links":{"self":[{"href":"https:\/\/grandepremio.com\/br\/wp-json\/wp\/v2\/posts\/127565","targetHints":{"allow":["GET"]}}],"collection":[{"href":"https:\/\/grandepremio.com\/br\/wp-json\/wp\/v2\/posts"}],"about":[{"href":"https:\/\/grandepremio.com\/br\/wp-json\/wp\/v2\/types\/post"}],"replies":[{"embeddable":true,"href":"https:\/\/grandepremio.com\/br\/wp-json\/wp\/v2\/comments?post=127565"}],"version-history":[{"count":0,"href":"https:\/\/grandepremio.com\/br\/wp-json\/wp\/v2\/posts\/127565\/revisions"}],"wp:featuredmedia":[{"embeddable":true,"href":"https:\/\/grandepremio.com\/br\/wp-json\/wp\/v2\/media\/1000412792"}],"wp:attachment":[{"href":"https:\/\/grandepremio.com\/br\/wp-json\/wp\/v2\/media?parent=127565"}],"wp:term":[{"taxonomy":"category","embeddable":true,"href":"https:\/\/grandepremio.com\/br\/wp-json\/wp\/v2\/categories?post=127565"},{"taxonomy":"post_tag","embeddable":true,"href":"https:\/\/grandepremio.com\/br\/wp-json\/wp\/v2\/tags?post=127565"},{"taxonomy":"42wp_author","embeddable":true,"href":"https:\/\/grandepremio.com\/br\/wp-json\/wp\/v2\/42wp_author?post=127565"}],"curies":[{"name":"wp","href":"https:\/\/api.w.org\/{rel}","templated":true}]}}