{"id":127574,"date":"2020-08-30T09:45:22","date_gmt":"2020-08-30T12:45:22","guid":{"rendered":"https:\/\/grandepremio.com\/br\/noticias\/mclaren-confirma-falha-no-escapamento-e-sainz-fica-fora-do-gp-da-belgica\/"},"modified":"2020-08-30T10:29:05","modified_gmt":"2020-08-30T13:29:05","slug":"mclaren-confirma-falha-no-escapamento-e-sainz-fica-fora-do-gp-da-belgica","status":"publish","type":"post","link":"https:\/\/grandepremio.com\/br\/f1\/mclaren-confirma-falha-no-escapamento-e-sainz-fica-fora-do-gp-da-belgica\/","title":{"rendered":"McLaren confirma falha no escapamento, e Sainz fica fora do GP da B\u00e9lgica"},"content":{"rendered":"\n<figure class=\"wp-block-embed-youtube wp-block-embed is-type-video is-provider-youtube wp-embed-aspect-16-9 wp-has-aspect-ratio\"><div class=\"wp-block-embed__wrapper\">\n<iframe loading=\"lazy\" title=\"F1 2020 AO VIVO: Wakanda Forever Hamilton: o pr\u00e9-corrida do GP da B\u00e9lgica de F1 | #Briefing\" width=\"500\" height=\"281\" src=\"https:\/\/www.youtube.com\/embed\/Gg-oEB-VyLw?feature=oembed\" frameborder=\"0\" allow=\"accelerometer; autoplay; clipboard-write; encrypted-media; gyroscope; picture-in-picture; web-share\" referrerpolicy=\"strict-origin-when-cross-origin\" allowfullscreen><\/iframe>\n<\/div><\/figure>\n\n\n\n<p class=\"wp-block-paragraph\">O GP da B\u00e9lgica deste domingo (30) n\u00e3o ter\u00e1 20 carros no grid: Carlos Sainz, <strong><a href=\"https:\/\/www.grandepremio.com\/br\/f1\/noticias\/hamilton-garante-pole-93-da-carreira-com-recorde-na-belgica-ferrari-escapa-da-humilhacao\/?fl=true&amp;utm_source=lance\" class=\"rank-math-link\">que largaria em s\u00e9timo<\/a><\/strong>, fica fora da prova por problemas em sua McLaren.<\/p>\n\n\n\n<p class=\"wp-block-paragraph\">A equipe confirmou que uma falha no escapamento ocorreu e que foi imposs\u00edvel consert\u00e1-la a tempo da largada em Spa-Francorchamps, marcada para 10h10 (de Bras\u00edlia).<\/p>\n\n\n\n<p class=\"wp-block-paragraph\">A falha foi percebida durante a volta de forma\u00e7\u00e3o, em que o espanhol foi avisado pela equipe no r\u00e1dio: &#8220;Box, box, algo est\u00e1 quebrado&#8221;. Ao deixar o carro nos boxes, foi visto, de acordo com jornalistas que est\u00e3o no paddock, indo em dire\u00e7\u00e3o ao motorhome balan\u00e7ando a cabe\u00e7a negativamente.<\/p>\n\n\n\n<figure class=\"wp-block-image size-large\"><img decoding=\"async\" src=\"https:\/\/www.grandepremio.com\/br\/wp-content\/uploads\/2020\/08\/mclaren-carlossainz-01-9-1024x576.jpg\" alt=\"\" class=\"wp-image-412436\"\/><figcaption>Carlos Sainz n\u00e3o larga na B\u00e9lgica (Foto: McLaren)<\/figcaption><\/figure>\n\n\n\n<p class=\"wp-block-paragraph\">Em 2019, ele tamb\u00e9m n\u00e3o correu na B\u00e9lgica: h\u00e1 um ano, teve quebra de motor e n\u00e3o conseguiu largar.<\/p>\n\n\n\n<p class=\"wp-block-paragraph\">O <strong>GRANDE PR\u00caMIO<\/strong>\u00a0traz <strong>AO VIVO<\/strong>\u00a0todos os detalhes da sess\u00e3o classificat\u00f3ria e\u00a0<a rel=\"noreferrer noopener\" href=\"https:\/\/www.youtube.com\/watch?v=Gg-oEB-VyLw\" target=\"_blank\">as \u00faltimas informa\u00e7\u00f5es de Spa-Francorchamps no BRIEFING pr\u00e9-corrida da s\u00e9tima etapa da temporada 2020 da\u00a0<\/a><a rel=\"noreferrer noopener\" href=\"https:\/\/www.grandepremio.com\/br\/f1\/\" target=\"_blank\">F1\u00a0<\/a>no canal do GP no YouTube.<\/p>\n\n\n\n<figure class=\"wp-block-embed-youtube wp-block-embed is-type-video is-provider-youtube wp-embed-aspect-16-9 wp-has-aspect-ratio\"><div class=\"wp-block-embed__wrapper\">\n<iframe loading=\"lazy\" title=\"Como NBA e jogadores exp\u00f5em os pilotos &amp;apos;sapat\u00eanis&amp;apos; da F1 | GP \u00e0s 10\" width=\"500\" height=\"281\" src=\"https:\/\/www.youtube.com\/embed\/QeoG_fHMQPc?feature=oembed\" frameborder=\"0\" allow=\"accelerometer; autoplay; clipboard-write; encrypted-media; gyroscope; picture-in-picture; web-share\" referrerpolicy=\"strict-origin-when-cross-origin\" allowfullscreen><\/iframe>\n<\/div><\/figure>\n","protected":false},"excerpt":{"rendered":"<p>Problemas para a McLaren: Carlos Sainz est\u00e1 fora do GP da B\u00e9lgica e o grid vai ter apenas 19 carros neste domingo<\/p>\n","protected":false},"author":0,"featured_media":1000412438,"comment_status":"closed","ping_status":"closed","sticky":false,"template":"","format":"standard","meta":{"42wp_featured_image_caption":"","42wp_featured_image_credits":"","42wp_featured_video":"","42wp_featured_image_hidden":false,"42wp_authors_list":[],"footnotes":""},"categories":[2],"tags":[546,147,118,24837,24846,24899,90,108],"42wp_author":[47129],"class_list":["post-127574","post","type-post","status-publish","format-standard","has-post-thumbnail","hentry","category-f1","tag-carlos-sainz","tag-f1","tag-f1-2020","tag-formula-1-2","tag-formula-um-2","tag-gp-da-belgica-2","tag-mclaren","tag-spa-francorchamps","42wp_author-felipe-noronha"],"_links":{"self":[{"href":"https:\/\/grandepremio.com\/br\/wp-json\/wp\/v2\/posts\/127574","targetHints":{"allow":["GET"]}}],"collection":[{"href":"https:\/\/grandepremio.com\/br\/wp-json\/wp\/v2\/posts"}],"about":[{"href":"https:\/\/grandepremio.com\/br\/wp-json\/wp\/v2\/types\/post"}],"replies":[{"embeddable":true,"href":"https:\/\/grandepremio.com\/br\/wp-json\/wp\/v2\/comments?post=127574"}],"version-history":[{"count":0,"href":"https:\/\/grandepremio.com\/br\/wp-json\/wp\/v2\/posts\/127574\/revisions"}],"wp:featuredmedia":[{"embeddable":true,"href":"https:\/\/grandepremio.com\/br\/wp-json\/wp\/v2\/media\/1000412438"}],"wp:attachment":[{"href":"https:\/\/grandepremio.com\/br\/wp-json\/wp\/v2\/media?parent=127574"}],"wp:term":[{"taxonomy":"category","embeddable":true,"href":"https:\/\/grandepremio.com\/br\/wp-json\/wp\/v2\/categories?post=127574"},{"taxonomy":"post_tag","embeddable":true,"href":"https:\/\/grandepremio.com\/br\/wp-json\/wp\/v2\/tags?post=127574"},{"taxonomy":"42wp_author","embeddable":true,"href":"https:\/\/grandepremio.com\/br\/wp-json\/wp\/v2\/42wp_author?post=127574"}],"curies":[{"name":"wp","href":"https:\/\/api.w.org\/{rel}","templated":true}]}}