{"id":127577,"date":"2020-08-30T07:51:18","date_gmt":"2020-08-30T10:51:18","guid":{"rendered":"https:\/\/grandepremio.com\/br\/noticias\/spa-tem-domingo-ensolarado-mas-traz-chance-crescente-de-chuva-para-gp-da-belgica\/"},"modified":"2020-08-30T07:51:22","modified_gmt":"2020-08-30T10:51:22","slug":"spa-tem-domingo-ensolarado-mas-traz-chance-crescente-de-chuva-para-gp-da-belgica","status":"publish","type":"post","link":"https:\/\/grandepremio.com\/br\/f1\/spa-tem-domingo-ensolarado-mas-traz-chance-crescente-de-chuva-para-gp-da-belgica\/","title":{"rendered":"Spa tem domingo ensolarado, mas traz chance crescente de chuva para GP da B\u00e9lgica"},"content":{"rendered":"\n<figure class=\"wp-block-embed-youtube wp-block-embed is-type-video is-provider-youtube wp-embed-aspect-16-9 wp-has-aspect-ratio\"><div class=\"wp-block-embed__wrapper\">\n<iframe loading=\"lazy\" title=\"F1 2020 AO VIVO: Wakanda Forever Hamilton: o pr\u00e9-corrida do GP da B\u00e9lgica de F1 | #Briefing\" width=\"500\" height=\"281\" src=\"https:\/\/www.youtube.com\/embed\/Gg-oEB-VyLw?feature=oembed\" frameborder=\"0\" allow=\"accelerometer; autoplay; clipboard-write; encrypted-media; gyroscope; picture-in-picture; web-share\" referrerpolicy=\"strict-origin-when-cross-origin\" allowfullscreen><\/iframe>\n<\/div><\/figure>\n\n\n\n<p class=\"wp-block-paragraph\">O GP da B\u00e9lgica \u00e9, dentre todas as corridas do calend\u00e1rio da F\u00f3rmula 1, uma das mais imprevis\u00edveis no que diz respeito a tempo e temperatura. Ao longo do fim de semana da s\u00e9tima etapa da temporada, a chuva chegou a dar as caras em alguns momentos, mas sequer chegou a atrapalhar os trabalhos da categoria. O domingo (30) da etapa belga amanheceu com sol e temperaturas amenas, mas a possibilidade de chuva existe e aumenta com o desenrolar da corrida.<\/p>\n\n\n\n<p class=\"wp-block-paragraph\">Segundo o site especializado Weather Channel, a temperatura ambiente neste momento, restando pouco mais de 2 horas para a largada do GP da B\u00e9lgica, \u00e9 de 15\u00baC na regi\u00e3o das cidades de Spa e Francorchamps, com c\u00e9u parcialmente nublado e velocidade dos ventos em 6 km\/h na dire\u00e7\u00e3o Noroeste.<\/p>\n\n\n\n<figure class=\"wp-block-image size-large\"><img decoding=\"async\" src=\"https:\/\/www.grandepremio.com\/br\/wp-content\/uploads\/2020\/08\/Spa-1024x683.jpg\" alt=\"FORMULA 1; SPA-FRANCORCHAMPS; GP DA B\u00c9LGICA; DOMINGO\" class=\"wp-image-412693\"\/><figcaption>Spa-Francorchamps amanheceu assim neste domingo de GP da B\u00e9lgica de F1 (Foto: Ferrari)<\/figcaption><\/figure>\n\n\n\n<p class=\"wp-block-paragraph\">Para o momento da largada, a meteorologia indica temperatura ambiente na casa dos 17\u00baC, de modo que desta vez o calor n\u00e3o vai ser um fator decisivo para o desempenho. Entretanto, a possibilidade de chuva, que segundo a publica\u00e7\u00e3o inicia a corrida em 10%, evolui para 15% na hora seguinte e chega a 35% nos minutos finais do GP da B\u00e9lgica.<\/p>\n\n\n\n<p class=\"wp-block-paragraph\">Entretanto, a previs\u00e3o \u00e9 de que a chuva apare\u00e7a com for\u00e7a mesmo depois das 18h locais (13h de Bras\u00edlia), quando os funcion\u00e1rios das equipes j\u00e1 estar\u00e3o embalando os carros para o embarque rumo a Monza para o GP da It\u00e1lia da semana que vem.<\/p>\n\n\n\n<p class=\"wp-block-paragraph\">Com <a href=\"https:\/\/www.grandepremio.com\/br\/f1\/noticias\/hamilton-garante-pole-93-da-carreira-com-recorde-na-belgica-ferrari-escapa-da-humilhacao\/?fl=true&amp;utm_source=lance\" class=\"rank-math-link\">volta demolidora, Lewis Hamilton estabeleceu o recorde de Spa-Francorchamps e vai largar na pole-position do GP da B\u00e9lgica<\/a>. Valtteri Bottas ficou 0s5 atr\u00e1s do companheiro de equipe e estar\u00e1 ao seu lado na primeira fila do grid. <a href=\"https:\/\/www.grandepremio.com\/br\/f1\/noticias\/muito-satisfeito-com-3o-no-grid-em-spa-verstappen-torce-por-chuva-seria-divertido\/?fl=true&amp;utm_source=lance\" class=\"rank-math-link\">Max Verstappen, que foi s\u00f3 0s015 mais lento que o finland\u00eas, parte em terceiro e torce por chuva para ter chances reais de vit\u00f3ria nesta tarde<\/a>. O piloto da Red Bull ter\u00e1 ao seu lado na segunda fila a Renault do seu ex-colega de equipe, Daniel Ricciardo.<\/p>\n\n\n\n<p class=\"wp-block-paragraph\">O GP da B\u00e9lgica tem largada marcada para 10h10 (de Bras\u00edlia) deste domingo. Antes, \u00e0s 9h, o <strong>GRANDE PR\u00caMIO<\/strong> debate <strong>AO VIVO<\/strong> todos os detalhes da sess\u00e3o classificat\u00f3ria e as <a href=\"https:\/\/www.youtube.com\/watch?v=Gg-oEB-VyLw\" class=\"rank-math-link\">\u00faltimas informa\u00e7\u00f5es de Spa-Francorchamps no BRIEFING pr\u00e9-corrida da s\u00e9tima etapa da temporada 2020<\/a> da F1 no <a href=\"https:\/\/www.youtube.com\/c\/GrandePremioTV\" class=\"rank-math-link\">canal do GP no YouTube<\/a>.<\/p>\n\n\n\n<figure class=\"wp-block-embed-youtube wp-block-embed is-type-video is-provider-youtube wp-embed-aspect-16-9 wp-has-aspect-ratio\"><div class=\"wp-block-embed__wrapper\">\n<iframe loading=\"lazy\" title=\"Como NBA e jogadores exp\u00f5em os pilotos &amp;apos;sapat\u00eanis&amp;apos; da F1 | GP \u00e0s 10\" width=\"500\" height=\"281\" src=\"https:\/\/www.youtube.com\/embed\/QeoG_fHMQPc?feature=oembed\" frameborder=\"0\" allow=\"accelerometer; autoplay; clipboard-write; encrypted-media; gyroscope; picture-in-picture; web-share\" referrerpolicy=\"strict-origin-when-cross-origin\" allowfullscreen><\/iframe>\n<\/div><\/figure>\n","protected":false},"excerpt":{"rendered":"<p>A previs\u00e3o do tempo para a s\u00e9tima etapa da temporada \u00e9 de sol entre nuvens, temperaturas amenas e um percentual de chance de chuva que vai evoluir ao longo da corrida em Spa-Francorchamps<\/p>\n","protected":false},"author":0,"featured_media":1000411835,"comment_status":"closed","ping_status":"closed","sticky":false,"template":"","format":"standard","meta":{"42wp_featured_image_caption":"","42wp_featured_image_credits":"","42wp_featured_video":"","42wp_featured_image_hidden":false,"42wp_authors_list":[],"footnotes":""},"categories":[2],"tags":[147,118,24837,24860,24899,24836,2326,25333,108],"42wp_author":[47109],"class_list":["post-127577","post","type-post","status-publish","format-standard","has-post-thumbnail","hentry","category-f1","tag-f1","tag-f1-2020","tag-formula-1-2","tag-formula-1-2020-2","tag-gp-da-belgica-2","tag-grande-premio-2","tag-meteorologia","tag-previsao-do-tempo","tag-spa-francorchamps","42wp_author-redacao-gp"],"_links":{"self":[{"href":"https:\/\/grandepremio.com\/br\/wp-json\/wp\/v2\/posts\/127577","targetHints":{"allow":["GET"]}}],"collection":[{"href":"https:\/\/grandepremio.com\/br\/wp-json\/wp\/v2\/posts"}],"about":[{"href":"https:\/\/grandepremio.com\/br\/wp-json\/wp\/v2\/types\/post"}],"replies":[{"embeddable":true,"href":"https:\/\/grandepremio.com\/br\/wp-json\/wp\/v2\/comments?post=127577"}],"version-history":[{"count":0,"href":"https:\/\/grandepremio.com\/br\/wp-json\/wp\/v2\/posts\/127577\/revisions"}],"wp:featuredmedia":[{"embeddable":true,"href":"https:\/\/grandepremio.com\/br\/wp-json\/wp\/v2\/media\/1000411835"}],"wp:attachment":[{"href":"https:\/\/grandepremio.com\/br\/wp-json\/wp\/v2\/media?parent=127577"}],"wp:term":[{"taxonomy":"category","embeddable":true,"href":"https:\/\/grandepremio.com\/br\/wp-json\/wp\/v2\/categories?post=127577"},{"taxonomy":"post_tag","embeddable":true,"href":"https:\/\/grandepremio.com\/br\/wp-json\/wp\/v2\/tags?post=127577"},{"taxonomy":"42wp_author","embeddable":true,"href":"https:\/\/grandepremio.com\/br\/wp-json\/wp\/v2\/42wp_author?post=127577"}],"curies":[{"name":"wp","href":"https:\/\/api.w.org\/{rel}","templated":true}]}}