{"id":127609,"date":"2020-08-29T08:41:44","date_gmt":"2020-08-29T11:41:44","guid":{"rendered":"https:\/\/grandepremio.com\/br\/noticias\/zendeli-dispara-e-vence-corrida-1-da-formula-3-em-spa-piastri-vira-lider\/"},"modified":"2020-08-29T08:42:58","modified_gmt":"2020-08-29T11:42:58","slug":"zendeli-dispara-e-vence-corrida-1-da-formula-3-em-spa-piastri-vira-lider","status":"publish","type":"post","link":"https:\/\/grandepremio.com\/br\/f3\/zendeli-dispara-e-vence-corrida-1-da-formula-3-em-spa-piastri-vira-lider\/","title":{"rendered":"Zendeli dispara e vence corrida 1 da F\u00f3rmula 3 em Spa. Piastri vira l\u00edder"},"content":{"rendered":"\n<p class=\"wp-block-paragraph\">A chuva na classifica\u00e7\u00e3o ajudou Lirim Zendeli a ser pole-position, mas ainda n\u00e3o estava claro se o ritmo seria suficiente para seguir em alta em condi\u00e7\u00f5es normais. Pois agora est\u00e1: o alem\u00e3o disparou na lideran\u00e7a neste s\u00e1bado (29) na F\u00f3rmula 3, vencendo sem ser amea\u00e7ado na corrida 1 do fim de semana em Spa-Francorchamps.<\/p>\n\n\n\n<p class=\"wp-block-paragraph\">A largada tranquila na frente ajudou Zendeli, que passava a se preocupar apenas com a dist\u00e2ncia para Th\u00e9o Pourchaire, segundo colocado. Caso n\u00e3o abrisse mais de 1s de vantagem, o alem\u00e3o permitiria ao franc\u00eas o uso do DRS. O l\u00edder n\u00e3o dormiu no ponto e foi consistentemente mais r\u00e1pido, eventualmente cruzando a linha de chegada 4s adiante.<\/p>\n\n\n\n<p class=\"wp-block-paragraph\">Trata-se da primeira vit\u00f3ria de Zendeli na F3. O piloto j\u00e1 tinha batido na trave em Silverstone, quando foi ultrapassado na \u00faltima volta por Bent Viscaal. Para Pourchaire, que j\u00e1 foi ao alto do p\u00f3dio duas vezes e pontua frequentemente, o segundo lugar n\u00e3o est\u00e1 ruim.<\/p>\n\n\n\n<figure class=\"wp-block-image size-large\"><img decoding=\"async\" src=\"https:\/\/www.grandepremio.com\/br\/wp-content\/uploads\/2020\/08\/Egk1WSQXYAIBSbZ-1024x576.jpg\" alt=\"\" class=\"wp-image-412205\"\/><figcaption>Lirim Zendeli escapou de Th\u00e9o Pourchaire e venceu a primeira na F3 (Foto: Reprodu\u00e7\u00e3o\/TV)<\/figcaption><\/figure>\n\n\n\n<p class=\"wp-block-paragraph\">O terceiro lugar coube a David Beckmann, que teve prova solit\u00e1ria. O alem\u00e3o n\u00e3o acompanhou os dois primeiros, mas abriu 9s para o quarto colocado, Aleksandr Smolyar.<\/p>\n\n\n\n<p class=\"wp-block-paragraph\">Oscar Piastri surgiu em quinto. N\u00e3o parece grande coisa para um piloto da poderosa Prema, mas significa uma mudan\u00e7a importante no campeonato. Terminando \u00e0 frente de Logan Sargeant, o australiano vira l\u00edder da F3. Entretanto, a vantagem \u00e9 de apenas 5 pontos.<\/p>\n\n\n\n<p class=\"wp-block-paragraph\">Frederik Vesti, companheiro de Prema, surgiu em sexto. Oliver Caldwell foi s\u00e9timo, superando por pouco Sargeant, oitavo. O americano teve problemas de motor ap\u00f3s passar as primeiras voltas em quinto e perdeu rendimento. A zona de pontos teve ainda Liam Lawson e Richard Verschoor.<\/p>\n\n\n\n<p class=\"wp-block-paragraph\">Para os brasileiros, o dia foi decepcionante. Felipe Fraga foi o melhor, mas apenas em 19\u00b0 ap\u00f3s algumas voltas em 15\u00b0. Enzo Fittipaldi, melhor posicionado para pontuar, viu tudo dar errado ao furar um pneu nas primeiras voltas, resultado em um 26\u00b0 lugar ao fim da prova.<\/p>\n","protected":false},"excerpt":{"rendered":"<p>Lirim Zendeli transformou pole em atua\u00e7\u00e3o dominante na corrida, alcan\u00e7ando a primeira vit\u00f3ria na F3. Oscar Piastri, quinto, aproveitou problemas de Logan Sargeant para liderar o campeonato<\/p>\n","protected":false},"author":0,"featured_media":1000412206,"comment_status":"closed","ping_status":"closed","sticky":false,"template":"","format":"standard","meta":{"42wp_featured_image_caption":"","42wp_featured_image_credits":"","42wp_featured_video":"","42wp_featured_image_hidden":false,"42wp_authors_list":[],"footnotes":""},"categories":[10],"tags":[25062,295,24945,25553,2916,108],"42wp_author":[47109],"class_list":["post-127609","post","type-post","status-publish","format-standard","has-post-thumbnail","hentry","category-f3","tag-belgica","tag-f3-2020","tag-formula-3-2","tag-logan-sargeant","tag-oscar-piastri","tag-spa-francorchamps","42wp_author-redacao-gp"],"_links":{"self":[{"href":"https:\/\/grandepremio.com\/br\/wp-json\/wp\/v2\/posts\/127609","targetHints":{"allow":["GET"]}}],"collection":[{"href":"https:\/\/grandepremio.com\/br\/wp-json\/wp\/v2\/posts"}],"about":[{"href":"https:\/\/grandepremio.com\/br\/wp-json\/wp\/v2\/types\/post"}],"replies":[{"embeddable":true,"href":"https:\/\/grandepremio.com\/br\/wp-json\/wp\/v2\/comments?post=127609"}],"version-history":[{"count":0,"href":"https:\/\/grandepremio.com\/br\/wp-json\/wp\/v2\/posts\/127609\/revisions"}],"wp:featuredmedia":[{"embeddable":true,"href":"https:\/\/grandepremio.com\/br\/wp-json\/wp\/v2\/media\/1000412206"}],"wp:attachment":[{"href":"https:\/\/grandepremio.com\/br\/wp-json\/wp\/v2\/media?parent=127609"}],"wp:term":[{"taxonomy":"category","embeddable":true,"href":"https:\/\/grandepremio.com\/br\/wp-json\/wp\/v2\/categories?post=127609"},{"taxonomy":"post_tag","embeddable":true,"href":"https:\/\/grandepremio.com\/br\/wp-json\/wp\/v2\/tags?post=127609"},{"taxonomy":"42wp_author","embeddable":true,"href":"https:\/\/grandepremio.com\/br\/wp-json\/wp\/v2\/42wp_author?post=127609"}],"curies":[{"name":"wp","href":"https:\/\/api.w.org\/{rel}","templated":true}]}}