{"id":127610,"date":"2020-08-29T08:04:50","date_gmt":"2020-08-29T11:04:50","guid":{"rendered":"https:\/\/grandepremio.com\/br\/noticias\/hamilton-lidera-treino-livre-3-na-belgica-ocon-e-segundo-e-vettel-fecha-em-ultimo\/"},"modified":"2020-08-29T08:13:26","modified_gmt":"2020-08-29T11:13:26","slug":"hamilton-lidera-treino-livre-3-na-belgica-ocon-e-segundo-e-vettel-fecha-em-ultimo","status":"publish","type":"post","link":"https:\/\/grandepremio.com\/br\/f1\/hamilton-lidera-treino-livre-3-na-belgica-ocon-e-segundo-e-vettel-fecha-em-ultimo\/","title":{"rendered":"Hamilton lidera treino livre 3 na B\u00e9lgica. Ocon \u00e9 segundo e Vettel fecha em \u00faltimo"},"content":{"rendered":"\n<figure class=\"wp-block-embed-youtube wp-block-embed is-type-video is-provider-youtube wp-embed-aspect-16-9 wp-has-aspect-ratio\"><div class=\"wp-block-embed__wrapper\">\n<iframe loading=\"lazy\" title=\"Como NBA e jogadores exp\u00f5em os pilotos &amp;apos;sapat\u00eanis&amp;apos; da F1 | GP \u00e0s 10\" width=\"500\" height=\"281\" src=\"https:\/\/www.youtube.com\/embed\/QeoG_fHMQPc?feature=oembed\" frameborder=\"0\" allow=\"accelerometer; autoplay; clipboard-write; encrypted-media; gyroscope; picture-in-picture; web-share\" referrerpolicy=\"strict-origin-when-cross-origin\" allowfullscreen><\/iframe>\n<\/div><\/figure>\n\n\n\n<p class=\"wp-block-paragraph\">Lewis Hamilton n\u00e3o teve dificuldades para fazer a volta mais r\u00e1pida do terceiro treino livre do GP da B\u00e9lgica. Na manh\u00e3 deste s\u00e1bado (29), o hexacampe\u00e3o do mundo marcou 1min43s255. Destaque positivo novamente para a Renault, que voltou a se colocar em segundo, mas desta vez com Esteban Ocon, que vem mostrando \u00f3tima performance no primeiro setor. O franc\u00eas foi somente 0s230 mais lento que Hamilton e deixou para tr\u00e1s Lando Norris, da McLaren, e Alexander Albon, da Red Bull, terceiro e quarto, respectivamente. Valtteri Bottas errou na sua simula\u00e7\u00e3o derradeira de classifica\u00e7\u00e3o e foi s\u00f3 o quinto.<\/p>\n\n\n\n<p class=\"wp-block-paragraph\">Mais r\u00e1pido da sexta-feira, Max Verstappen tamb\u00e9m n\u00e3o conseguiu encaixar a melhor performance na sua \u00faltima simula\u00e7\u00e3o de classifica\u00e7\u00e3o e foi apenas o sexto, seguido pela Renault de Daniel Ricciardo. Lance Stroll, da Racing Point, foi o oitavo, \u00e0 frente da McLaren de Carlos Sainz e do seu companheiro de equipe, Sergio P\u00e9rez, d\u00e9cimo. Destaque tamb\u00e9m para Nicholas Latifi, que foi 13\u00ba com a Williams.<\/p>\n\n\n\n<p class=\"wp-block-paragraph\">Pior mesmo foi a Ferrari, que segue dando vexame em Spa-Francorchamps. Charles Leclerc foi o melhor colocado dentre os carros da equipe, mas foi somente o 17\u00ba. Sebastian Vettel foi ao limite, tentou tudo, mas terminou sua volta r\u00e1pida na \u00faltima posi\u00e7\u00e3o, 2s165 mais lento que Hamilton. Inacredit\u00e1vel.<\/p>\n\n\n\n<figure class=\"wp-block-image size-large\"><img decoding=\"async\" src=\"https:\/\/www.grandepremio.com\/br\/wp-content\/uploads\/2020\/08\/mercedes-lewishamilton-01-7-1024x683.jpg\" alt=\"\" class=\"wp-image-411909\"\/><figcaption>Lewis Hamilton foi o mais r\u00e1pido desta manh\u00e3 de s\u00e1bado em Spa (Foto: Mercedes)<\/figcaption><\/figure>\n\n\n\n<p class=\"wp-block-paragraph\">A F\u00f3rmula 1 volta a acelerar logo mais, a partir de 10h (de Bras\u00edlia), com a sess\u00e3o classificat\u00f3ria que vai definir o grid de largada do GP da B\u00e9lgica. O <strong>GRANDE PR\u00caMIO<\/strong> acompanha tudo <a href=\"https:\/\/www.grandepremio.com\/br\/ao-vivo\/f1\/gp-da-belgica-2020-classificacao\/?fl=true&amp;utm_source=lance\" class=\"rank-math-link\">AO VIVO e em TEMPO REAL<\/a>.<\/p>\n\n\n\n<h3 class=\"wp-block-heading\">Saiba como foi o terceiro treino livre do GP da B\u00e9lgica de F1<\/h3>\n\n\n\n<p class=\"wp-block-paragraph\">Com c\u00e9u nublado, 14\u00baC de temperatura ambiente e 18,7\u00baC no asfalto, a F\u00f3rmula 1 abriu os trabalhos do s\u00e1bado com o \u00faltimo treino livre antes da classifica\u00e7\u00e3o em Spa-Francorchamps.<\/p>\n\n\n\n<p class=\"wp-block-paragraph\">Kevin Magnussen, que sofreu com problemas no motor Ferrari na \u00faltima sexta-feira, assim como seu companheiro de equipe na Haas, Romain Grosjean, puxou a fila para o in\u00edcio da sess\u00e3o desta manh\u00e3. Os dois foram os primeiros a registrar tempos no TL3.<\/p>\n\n\n\n<p class=\"wp-block-paragraph\">Magnussen tinha 1min45s984 e era o l\u00edder da tabela de tempos de uma sess\u00e3o bastante esvaziada e sem a\u00e7\u00e3o. Pouco depois de o dinamarqu\u00eas e de Grosjean regressarem aos boxes, uma chuva fina deu as caras em alguns trechos do circuito belga, inclusive no local do pit-lane.<\/p>\n\n\n\n<figure class=\"wp-block-image size-large\"><img decoding=\"async\" src=\"https:\/\/www.grandepremio.com\/br\/wp-content\/uploads\/2020\/08\/SI202008280298_news-1024x601.jpg\" alt=\"F1; F\u00d3RMULA 1; GP DA B\u00c9LGICA; MAX VERSTAPPEN; RED BULL; SEXTA-FEIRA\" class=\"wp-image-411877\"\/><figcaption>Max Verstappen andou novamente muito pr\u00f3ximo aos tempos da Mercedes (Foto: Getty Images\/Red Bull Content Pool)<\/figcaption><\/figure>\n\n\n\n<p class=\"wp-block-paragraph\">Mas o volume de \u00e1gua era muito baixo e insuficiente para molhar a pista. Assim, a maioria dos pilotos voltou \u00e0 pista depois de 20 minutos de treino.<\/p>\n\n\n\n<p class=\"wp-block-paragraph\">Com pneus macios, Valtteri Bottas virou 1min43s813 e colocou a Mercedes na lideran\u00e7a, sendo seguido por Lewis Hamilton, com o brit\u00e2nico sendo 0s609 mais lento que o colega na primeira passagem. Sergio P\u00e9rez, com uma Racing Point que andou bem na sexta-feira, aparecia em terceiro, com Esteban Ocon, da Renault, em quarto. Tudo isso antes de Max Verstappen, o mais r\u00e1pido do TL2, abrir a sua volta.<\/p>\n\n\n\n<p class=\"wp-block-paragraph\">O holand\u00eas perdeu tempo no segundo setor em raz\u00e3o do tr\u00e1fego e n\u00e3o tracionou bem na \u00faltima curva. Ainda assim, virou tempo somente 0s083 mais lento na compara\u00e7\u00e3o com Bottas, subindo para segundo. Em seguida, Hamilton melhorou seu tempo, mas ainda assim ficou longe dos dois l\u00edderes, subindo para terceiro, 0s325 atr\u00e1s do finland\u00eas.<\/p>\n\n\n\n<figure class=\"wp-block-image size-large\"><img decoding=\"async\" src=\"https:\/\/www.grandepremio.com\/br\/wp-content\/uploads\/2020\/08\/renault-estebanocon-01-8-1024x683.jpg\" alt=\"\" class=\"wp-image-411927\"\/><figcaption>Esteban Ocon repetiu o bom desempenho da sexta-feira e andou bem com a Renault nesta manh\u00e3 (Foto: Renault)<\/figcaption><\/figure>\n\n\n\n<p class=\"wp-block-paragraph\">J\u00e1 na segunda metade do treino, Pierre Gasly fez boa volta com os pneus m\u00e9dios e se colocou em quinto, logo \u00e0 frente de Ocon, que tinha a melhor parcial no primeiro setor. Kimi R\u00e4ikk\u00f6nen era o \u00fanico ainda sem registrar tempo, enquanto a Ferrari seguia seu calv\u00e1rio e continuava longe do top-10: Charles Leclerc aparecia em 12\u00ba, 1s8 mais lento que Bottas, enquanto Sebastian Vettel tinha o 15\u00ba tempo, entre as Williams de George Russell e Nicholas Latifi. O tetracampe\u00e3o estava 2s atr\u00e1s do l\u00edder da sess\u00e3o.<\/p>\n\n\n\n<p class=\"wp-block-paragraph\">Os \u00faltimos minutos do treino foram de muito sil\u00eancio na pista. As equipes e pilotos tinham os carros prontos para as simula\u00e7\u00f5es de classifica\u00e7\u00e3o, mas os mantinham nos boxes. Com 8 minutos para a bandeirada, o primeiro a quebrar o sil\u00eancio foi Carlos Sainz, seguido por Esteban Ocon. Foi a senha para que a maioria dos competidores voltasse \u00e0 pista.<\/p>\n\n\n\n<p class=\"wp-block-paragraph\">Com \u00f3tima volta e grande performance, sobretudo no primeiro setor, Ocon marcou 1min43s485 para assumir a lideran\u00e7a da sess\u00e3o com o melhor tempo do fim de semana at\u00e9 ent\u00e3o. O franc\u00eas foi seguido pela McLaren de Norris.<\/p>\n\n\n\n<p class=\"wp-block-paragraph\">Mas a marca de Ocon durou somente at\u00e9 Hamilton passar em 1min43s255 para tomar a dianteira. J\u00e1 a Ferrari n\u00e3o evoluiu nem com os pneus macios. Leclerc aparecia somente em 17\u00ba lugar, 1s892 mais lento que Hamilton. E Vettel, mesmo andando no limite, virou mais de 2s acima da marca do l\u00edder da sess\u00e3o, ficando no inacredit\u00e1vel \u00faltimo lugar. <\/p>\n\n\n\n<p class=\"wp-block-paragraph\"><strong>F\u00f3rmula 1 2020, GP da B\u00e9lgica, Spa-Francorchamps, treino livre 3:<\/strong><\/p>\n\n\n\n<figure class=\"wp-block-table\"><table><tbody><tr><td>1<\/td><td>L HAMILTON<\/td><td>Mercedes<\/td><td>1:43.255<\/td><td>&nbsp;<\/td><td>9<\/td><\/tr><tr><td>2<\/td><td>E OCON<\/td><td>Renault<\/td><td>1:43.485<\/td><td>+0.230<\/td><td>9<\/td><\/tr><tr><td>3<\/td><td>L NORRIS<\/td><td>McLaren Renault<\/td><td>1:43.641<\/td><td>+0.386<\/td><td>12<\/td><\/tr><tr><td>4<\/td><td>A ALBON<\/td><td>Red Bull Honda<\/td><td>1:43.731<\/td><td>+0.476<\/td><td>13<\/td><\/tr><tr><td>5<\/td><td>V BOTTAS<\/td><td>Mercedes<\/td><td>1:43.813<\/td><td>+0.558<\/td><td>9<\/td><\/tr><tr><td>6<\/td><td>M VERSTAPPEN<\/td><td>Red Bull Honda<\/td><td>1:43.896<\/td><td>+0.641<\/td><td>10<\/td><\/tr><tr><td>7<\/td><td>D RICCIARDO<\/td><td>Renault<\/td><td>1:43.973<\/td><td>+0.718<\/td><td>8<\/td><\/tr><tr><td>8<\/td><td>L STROLL<\/td><td>Racing Point Mercedes<\/td><td>1:43.988<\/td><td>+0.733<\/td><td>12<\/td><\/tr><tr><td>9<\/td><td>C SAINZ JR<\/td><td>McLaren Renault<\/td><td>1:44.006<\/td><td>+0.751<\/td><td>13<\/td><\/tr><tr><td>10<\/td><td>S P\u00c9REZ<\/td><td>Racing Point Mercedes<\/td><td>1:44.180<\/td><td>+0.925<\/td><td>12<\/td><\/tr><tr><td>11<\/td><td>P GASLY<\/td><td>AlphaTauri Honda<\/td><td>1:44.508<\/td><td>+1.253<\/td><td>14<\/td><\/tr><tr><td>12<\/td><td>D KVYAT<\/td><td>AlphaTauri Honda<\/td><td>1:44.543<\/td><td>+1.288<\/td><td>14<\/td><\/tr><tr><td>13<\/td><td>N LATIFI<\/td><td>Williams Mercedes<\/td><td>1:44.771<\/td><td>+1.516<\/td><td>11<\/td><\/tr><tr><td>14<\/td><td>K MAGNUSSEN<\/td><td>Haas Ferrari<\/td><td>1:44.841<\/td><td>+1.586<\/td><td>10<\/td><\/tr><tr><td>15<\/td><td>R GROSJEAN<\/td><td>Haas Ferrari<\/td><td>1:44.844<\/td><td>+1.589<\/td><td>16<\/td><\/tr><tr><td>16<\/td><td>K R\u00c4IKK\u00d6NEN<\/td><td>Alfa Romeo Ferrari<\/td><td>1:44.932<\/td><td>+1.677<\/td><td>11<\/td><\/tr><tr><td>17<\/td><td>C LECLERC<\/td><td>Ferrari<\/td><td>1:45.147<\/td><td>+1.892<\/td><td>12<\/td><\/tr><tr><td>18<\/td><td>G RUSSELL<\/td><td>Williams Mercedes<\/td><td>1:45.157<\/td><td>+1.902<\/td><td>11<\/td><\/tr><tr><td>19<\/td><td>A GIOVINAZZI<\/td><td>Alfa Romeo Ferrari<\/td><td>1:45.190<\/td><td>+1.935<\/td><td>13<\/td><\/tr><tr><td>20<\/td><td>S VETTEL<\/td><td>Ferrari<\/td><td>1:45.420<\/td><td>+2.165<\/td><td>12<\/td><\/tr><tr><td>&nbsp;<\/td><td>&nbsp;<\/td><td>Tempo 107%<\/td><td>1:50.483<\/td><td>+7.228<\/td><td>&nbsp;<\/td><\/tr><\/tbody><\/table><\/figure>\n\n\n\n<figure class=\"wp-block-embed-youtube wp-block-embed is-type-video is-provider-youtube wp-embed-aspect-16-9 wp-has-aspect-ratio\"><div class=\"wp-block-embed__wrapper\">\n<iframe loading=\"lazy\" title=\"WILLIAMS deixa de ser como conhecemos. E isso \u00e9 NORMAL na F1 | GP \u00e0s 10\" width=\"500\" height=\"281\" src=\"https:\/\/www.youtube.com\/embed\/zN0qwm3AZEs?feature=oembed\" frameborder=\"0\" allow=\"accelerometer; autoplay; clipboard-write; encrypted-media; gyroscope; picture-in-picture; web-share\" referrerpolicy=\"strict-origin-when-cross-origin\" allowfullscreen><\/iframe>\n<\/div><\/figure>\n","protected":false},"excerpt":{"rendered":"<p>Lewis Hamilton foi o mais r\u00e1pido do treino livre que abriu os trabalhos deste s\u00e1bado em Spa-Francorchamps. Destaque positivo para Esteban Ocon, com uma Renault que vem voando no primeiro setor. E a Ferrari segue dando vexame na B\u00e9lgica<\/p>\n","protected":false},"author":0,"featured_media":1000411910,"comment_status":"closed","ping_status":"closed","sticky":false,"template":"","format":"standard","meta":{"42wp_featured_image_caption":"","42wp_featured_image_credits":"","42wp_featured_video":"","42wp_featured_image_hidden":false,"42wp_authors_list":[],"footnotes":""},"categories":[2],"tags":[654,457,524,456,546,209,211,781,3860,302,147,118,207,24837,24860,25823,800,24899,24836,119,117,24834,485,87,203,90,82,801,676,310,204,229,120,210,24863,108,3381,975,2317,612,215],"42wp_author":[47110],"class_list":["post-127610","post","type-post","status-publish","format-standard","has-post-thumbnail","hentry","category-f1","tag-alexander-albon","tag-alfa-romeo","tag-alphatauri","tag-antonio-giovinazzi","tag-carlos-sainz","tag-charles-leclerc","tag-daniel-ricciardo","tag-daniil-kvyat","tag-eau-rouge","tag-esteban-ocon","tag-f1","tag-f1-2020","tag-ferrari","tag-formula-1-2","tag-formula-1-2020-2","tag-formula-1-ao-vivo-2","tag-george-russell","tag-gp-da-belgica-2","tag-grande-premio-2","tag-haas","tag-kevin-magnussen","tag-kimi-raikkonen-2","tag-lance-stroll","tag-lewis-hamilton","tag-max-verstappen","tag-mclaren","tag-mercedes","tag-nicholas-latifi","tag-pierre-gasly","tag-racing-point","tag-red-bull","tag-renault","tag-romain-grosjean","tag-sebastian-vettel","tag-sergio-perez-2","tag-spa-francorchamps","tag-treino","tag-treino-livre","tag-treino-livre-3","tag-valtteri-bottas","tag-williams","42wp_author-fernando-silva"],"_links":{"self":[{"href":"https:\/\/grandepremio.com\/br\/wp-json\/wp\/v2\/posts\/127610","targetHints":{"allow":["GET"]}}],"collection":[{"href":"https:\/\/grandepremio.com\/br\/wp-json\/wp\/v2\/posts"}],"about":[{"href":"https:\/\/grandepremio.com\/br\/wp-json\/wp\/v2\/types\/post"}],"replies":[{"embeddable":true,"href":"https:\/\/grandepremio.com\/br\/wp-json\/wp\/v2\/comments?post=127610"}],"version-history":[{"count":0,"href":"https:\/\/grandepremio.com\/br\/wp-json\/wp\/v2\/posts\/127610\/revisions"}],"wp:featuredmedia":[{"embeddable":true,"href":"https:\/\/grandepremio.com\/br\/wp-json\/wp\/v2\/media\/1000411910"}],"wp:attachment":[{"href":"https:\/\/grandepremio.com\/br\/wp-json\/wp\/v2\/media?parent=127610"}],"wp:term":[{"taxonomy":"category","embeddable":true,"href":"https:\/\/grandepremio.com\/br\/wp-json\/wp\/v2\/categories?post=127610"},{"taxonomy":"post_tag","embeddable":true,"href":"https:\/\/grandepremio.com\/br\/wp-json\/wp\/v2\/tags?post=127610"},{"taxonomy":"42wp_author","embeddable":true,"href":"https:\/\/grandepremio.com\/br\/wp-json\/wp\/v2\/42wp_author?post=127610"}],"curies":[{"name":"wp","href":"https:\/\/api.w.org\/{rel}","templated":true}]}}