{"id":127632,"date":"2020-08-28T09:06:59","date_gmt":"2020-08-28T12:06:59","guid":{"rendered":"https:\/\/grandepremio.com\/br\/noticias\/ticktum-perde-treino-apos-teste-inconclusivo-para-covid-19-e-vira-duvida-em-spa\/"},"modified":"2020-08-28T09:07:04","modified_gmt":"2020-08-28T12:07:04","slug":"ticktum-perde-treino-apos-teste-inconclusivo-para-covid-19-e-vira-duvida-em-spa","status":"publish","type":"post","link":"https:\/\/grandepremio.com\/br\/f2\/ticktum-perde-treino-apos-teste-inconclusivo-para-covid-19-e-vira-duvida-em-spa\/","title":{"rendered":"Ticktum perde treino ap\u00f3s teste inconclusivo para Covid-19 e vira d\u00favida em Spa"},"content":{"rendered":"\n<figure class=\"wp-block-embed-youtube wp-block-embed is-type-video is-provider-youtube wp-embed-aspect-16-9 wp-has-aspect-ratio\"><div class=\"wp-block-embed__wrapper\">\n<iframe loading=\"lazy\" title=\"As ESTREIAS dos grandes ASTROS da F1 | Cadeira Cativa #21\" width=\"500\" height=\"281\" src=\"https:\/\/www.youtube.com\/embed\/PJBciaiExzA?feature=oembed\" frameborder=\"0\" allow=\"accelerometer; autoplay; clipboard-write; encrypted-media; gyroscope; picture-in-picture; web-share\" referrerpolicy=\"strict-origin-when-cross-origin\" allowfullscreen><\/iframe>\n<\/div><\/figure>\n\n\n\n<p class=\"wp-block-paragraph\">Ap\u00f3s um teste inconclusivo de Covid-19, Dan Ticktum perdeu o treino livre da F\u00f3rmula 2 em Spa-Francorchamps, na B\u00e9lgica, nesta sexta-feira (28).<\/p>\n\n\n\n<p class=\"wp-block-paragraph\">O brit\u00e2nico ausentou-se da sess\u00e3o de 45 minutos, deixando a DAMS apenas com J\u00fcri Vips na pista. A F\u00f3rmula 2, em breve comunicado, confirmou a situa\u00e7\u00e3o do piloto.<\/p>\n\n\n\n<p class=\"wp-block-paragraph\">&#8220;Devido a um teste inconclusivo de Covid-19, o piloto Dan Ticktum, da DAMS, n\u00e3o far\u00e1 parte do treino livre de hoje enquanto aguarda o resultado da contraprova&#8221;, disse a nota.<\/p>\n\n\n\n<figure class=\"wp-block-image size-large\"><img decoding=\"async\" src=\"https:\/\/www.grandepremio.com\/br\/wp-content\/uploads\/2020\/05\/DanTicktumF2.jpg\" alt=\"DAN TICKTUM; F2; SILVERSTONE; VIT\u00d3RIA; CORRIDA 2;\" class=\"wp-image-402393\"\/><figcaption>Dan Ticktum comemora vit\u00f3ria em Silverstone. Brit\u00e2nico \u00e9 atualmente o d\u00e9cimo no campeonato (Foto: Dutch Photo\/Dams)<\/figcaption><\/figure>\n\n\n\n<p class=\"wp-block-paragraph\">Ticktum \u00e9 o segundo piloto a ter um teste inconclusivo antes de uma etapa. O primeiro foi Sergio P\u00e9rez, da F\u00f3rmula 1, antes do GP da Inglaterra. O mexicano refez o teste e teve resultado positivo, perdendo as duas corridas da categoria em Silverstone.<\/p>\n\n\n\n<p class=\"wp-block-paragraph\">Todos os integrantes de equipes da F\u00f3rmula 1, F\u00f3rmula 2, F\u00f3rmula 3 e Porsche Supercup s\u00e3o testados a cada cinco dias, respeitando os protocolos sanit\u00e1rios da FIA para eventos durante a pandemia de Covid-19.<\/p>\n\n\n\n<p class=\"wp-block-paragraph\">A situa\u00e7\u00e3o tamb\u00e9m \u00e9 complicada para DAMS. A equipe perdeu Sean Gelael, o outro piloto titular, por seis semanas ap\u00f3s a fratura de uma v\u00e9rtebra durante um acidente no GP da Espanha. J\u00fcri Vips foi chamado para substituir o indon\u00e9sio.<\/p>\n","protected":false},"excerpt":{"rendered":"<p>Dan Ticktum foi barrado da sess\u00e3o de treino livre da F\u00f3rmula 2 ap\u00f3s o teste para Covid-19 ser inconclusivo. O piloto da DAMS, equipe que j\u00e1 corre desfalcada do titular Sean Gelael, agora aguarda a contraprova<\/p>\n","protected":false},"author":0,"featured_media":0,"comment_status":"closed","ping_status":"closed","sticky":false,"template":"","format":"standard","meta":{"42wp_featured_image_caption":"","42wp_featured_image_credits":"","42wp_featured_video":"","42wp_featured_image_hidden":false,"42wp_authors_list":[],"footnotes":""},"categories":[9],"tags":[24858,1539,985,111,112,24951,25932,24899,108],"42wp_author":[47109],"class_list":["post-127632","post","type-post","status-publish","format-standard","hentry","category-f2","tag-covid-19","tag-dams","tag-dan-ticktum","tag-f2","tag-f2-2020","tag-formula-2-2","tag-formula-2-2020-3","tag-gp-da-belgica-2","tag-spa-francorchamps","42wp_author-redacao-gp"],"_links":{"self":[{"href":"https:\/\/grandepremio.com\/br\/wp-json\/wp\/v2\/posts\/127632","targetHints":{"allow":["GET"]}}],"collection":[{"href":"https:\/\/grandepremio.com\/br\/wp-json\/wp\/v2\/posts"}],"about":[{"href":"https:\/\/grandepremio.com\/br\/wp-json\/wp\/v2\/types\/post"}],"replies":[{"embeddable":true,"href":"https:\/\/grandepremio.com\/br\/wp-json\/wp\/v2\/comments?post=127632"}],"version-history":[{"count":0,"href":"https:\/\/grandepremio.com\/br\/wp-json\/wp\/v2\/posts\/127632\/revisions"}],"wp:attachment":[{"href":"https:\/\/grandepremio.com\/br\/wp-json\/wp\/v2\/media?parent=127632"}],"wp:term":[{"taxonomy":"category","embeddable":true,"href":"https:\/\/grandepremio.com\/br\/wp-json\/wp\/v2\/categories?post=127632"},{"taxonomy":"post_tag","embeddable":true,"href":"https:\/\/grandepremio.com\/br\/wp-json\/wp\/v2\/tags?post=127632"},{"taxonomy":"42wp_author","embeddable":true,"href":"https:\/\/grandepremio.com\/br\/wp-json\/wp\/v2\/42wp_author?post=127632"}],"curies":[{"name":"wp","href":"https:\/\/api.w.org\/{rel}","templated":true}]}}