{"id":127638,"date":"2020-08-27T16:32:53","date_gmt":"2020-08-27T19:32:53","guid":{"rendered":"https:\/\/grandepremio.com\/br\/noticias\/globo-decide-nao-renovar-contrato-e-deixa-de-transmitir-formula-1-em-2021\/"},"modified":"2020-08-27T22:43:34","modified_gmt":"2020-08-28T01:43:34","slug":"globo-decide-nao-renovar-contrato-e-deixa-de-transmitir-formula-1-em-2021","status":"publish","type":"post","link":"https:\/\/grandepremio.com\/br\/f1\/globo-decide-nao-renovar-contrato-e-deixa-de-transmitir-formula-1-em-2021\/","title":{"rendered":"Globo decide n\u00e3o renovar contrato e deixa de transmitir F\u00f3rmula 1 em 2021"},"content":{"rendered":"\n<p class=\"wp-block-paragraph\">A TV Globo n\u00e3o vai mais exibir a F\u00f3rmula 1 a partir de 2021. A emissora carioca desistiu da compra dos direitos de transmiss\u00e3o da maior categoria do esporte a motor. A informa\u00e7\u00e3o \u00e9 do site Meio &amp; Mensagem e confirmada pelo <strong>GRANDE PR\u00caMIO<\/strong>. A negocia\u00e7\u00e3o estava sendo feita junto ao Liberty Media, o grupo detentor dos direitos comerciais do Mundial, mas n\u00e3o houve acordo devido aos valores pedidos pelos americanos para a renova\u00e7\u00e3o do contrato. Dessa forma, o campeonato perde um dos \u00fanicos canais abertos a mostrar a F1 no mundo. <\/p>\n\n\n\n<p class=\"wp-block-paragraph\">O <strong>GRANDE PR\u00caMIO<\/strong> soube tamb\u00e9m que a decis\u00e3o de n\u00e3o renovar com o Mundial j\u00e1 havia sido tomada pela c\u00fapula da emissora \u2014 a fam\u00edlia Marinho \u2014 antes mesmo do atrasado in\u00edcio da temporada 2020, em julho, e que a situa\u00e7\u00e3o s\u00f3 viria a mudar se o Liberty Media fizesse uma nova proposta financeira que satisfizesse as novas condi\u00e7\u00f5es do grupo, que j\u00e1 cortou contratos com a Fifa e a Conmebol, no futebol, e est\u00e1 agindo da mesma forma com acordos altamente dispendiosos em todas as \u00e1reas, inclusive as art\u00edsticas.<\/p>\n\n\n\n<figure class=\"wp-block-image size-large\"><img decoding=\"async\" src=\"https:\/\/www.grandepremio.com\/br\/wp-content\/uploads\/2019\/10\/2019620856305_Chase-Carey_DMa.jpg\" alt=\"\" class=\"wp-image-356897\"\/><figcaption>A Globo desistiu dos direitos de transmiss\u00e3o da F1. Chase Carey \u00e9 o chef\u00e3o da categoria (Foto: F1)<\/figcaption><\/figure>\n\n\n\n<p class=\"wp-block-paragraph\">Tamb\u00e9m de acordo com o Meio &amp; Mensagem, a Globo j\u00e1 informou aos seus patrocinadores da atual temporada de que n\u00e3o vai seguir com a exibi\u00e7\u00e3o do campeonato no ano que vem. Em 2020, a emissora do Rio de Janeiro vendeu apenas cinco de suas seis cotas de patroc\u00ednio. Ainda assim, segundo o pre\u00e7o de tabela, viu uma receita de R$ 494,75 milh\u00f5es, o que seria suficiente para cobrir o pre\u00e7o do direito de transmiss\u00e3o da F\u00f3rmula 1 oferecido pelo Liberty Media. <br><br>Mas internamente, a Globo tem de dividir este bolo com as 118 afiliadas para transmitir a corrida em todo o territ\u00f3rio nacional. Segundo a dire\u00e7\u00e3o, a conta acaba n\u00e3o fechando.<br><br>O<strong> GP<\/strong> tamb\u00e9m apurou que a chance de uma TV aberta transmitir a F\u00f3rmula 1 em 2021 no Brasil \u00e9 reduzida porque as outras quatro emissoras \u2014 SBT, Record, Bandeirantes e RedeTV! \u2014 ou n\u00e3o t\u00eam o dinheiro necess\u00e1rio para pagar os direitos ou, mesmo tendo, teriam como prioridade apostar no futebol para alavancar a audi\u00eancia.<\/p>\n\n\n\n<p class=\"wp-block-paragraph\">A Disney, dona dos canais ESPN e FOX Sports no Brasil, est\u00e1 monitorando a situa\u00e7\u00e3o. A F\u00f3rmula 1 \u00e9 exibida nos EUA pelo primeiro canal usando toda a base da Sky Sports e pelo segundo canal na Am\u00e9rica Latina.<\/p>\n\n\n\n<p class=\"wp-block-paragraph\"><strong>Leia tamb\u00e9m<\/strong>:<\/p>\n\n\n\n<blockquote class=\"wp-block-quote is-layout-flow wp-block-quote-is-layout-flow\"><p><a href=\"https:\/\/teleguiado.com\/televisao\/2020\/08\/formula-1-e-globo-saem-derrotadas-em-eventual-ruptura.html\" class=\"rank-math-link\"><strong>Por que F\u00f3rmula 1 e Globo saem perdendo com ruptura<\/strong><\/a><\/p><\/blockquote>\n\n\n\n<h4 class=\"wp-block-heading\"><strong>Temporada afetada pela pandemia<\/strong><\/h4>\n\n\n\n<p class=\"wp-block-paragraph\">A temporada 2020 da F\u00f3rmula 1 foi sem precedentes. Por conta da pandemia do novo coronav\u00edrus, o calend\u00e1rio passou por diversas transforma\u00e7\u00f5es at\u00e9 ser finalizado no in\u00edcio da semana com as adi\u00e7\u00f5es de Turquia, Bahrein e Abu Dhabi. Originalmente previsto para come\u00e7ar em mar\u00e7o, na Austr\u00e1lia, o campeonato s\u00f3 teve in\u00edcio em 5 de julho, com dois finais de semanas consecutivos no Red Bull Ring.<\/p>\n\n\n\n<p class=\"wp-block-paragraph\">Assim, em meio ainda aos cuidados por causa da Covid-19, a F1 reduziu de 22 para 17 as etapas em 2020, mas nada que impedisse a maior maratona que a categoria j\u00e1 teve em termos de provas consecutivas: com o GP da B\u00e9lgica, o da It\u00e1lia e o da Toscana, a temporada vai para a terceira sequ\u00eancia de tr\u00eas corridas. Tudo em um espa\u00e7o de apenas 11 semanas.<\/p>\n\n\n\n<p class=\"wp-block-paragraph\">Com a programa\u00e7\u00e3o apertada e a pandemia ainda longe de ter sido controlada especialmente no Brasil, nos EUA e no M\u00e9xico, o Mundial tamb\u00e9m optou por um campeonato inteiramente europeu e asi\u00e1tico, abrindo m\u00e3o das etapas americanas, inclusive do GP do Canad\u00e1 e, claro, da corrida que seria disputada em Interlagos.<\/p>\n\n\n\n<p class=\"wp-block-paragraph\"><strong>A hist\u00f3ria das transmiss\u00f5es<\/strong><\/p>\n\n\n\n<p class=\"wp-block-paragraph\">A hist\u00f3ria da F\u00f3rmula 1 na Globo se confunde com as transmiss\u00f5es da categoria para o Brasil. Apesar da TV Record transmitir a primeira corrida para o pa\u00eds, o GP da Inglaterra de 1970 que marcou a estreia de Emerson Fittipaldi na categoria, a Globo passaria a contar com os direitos em parceria com a Tupi a partir de 1972. Durante aquela d\u00e9cada, a Globo televisionou corridas junto a outras emissoras e deixou de passar tantas outras provas em detrimento da programa\u00e7\u00e3o habitual.<\/p>\n\n\n\n<p class=\"wp-block-paragraph\">A grande virada viria com a entrada nos anos 1980. A Bandeirantes adquiriu os direitos em 1980 e transmitiu todas as corridas de forma exclusiva naquele ano. A Globo voltou a carga em 1981 e assumiu as r\u00e9deas de vez para se tornar a emissora respons\u00e1vel nos \u00faltimos 40 anos. Ali\u00e1s, o retorno da F1 foi um dos fatores para a contrata\u00e7\u00e3o de Galv\u00e3o Bueno naquele come\u00e7o de d\u00e9cada.<\/p>\n\n\n\n<p class=\"wp-block-paragraph\">Da\u00ed em diante, a Globo transmitiu a esmagadora maioria das corridas e acompanhou os tr\u00eas t\u00edtulos mundiais de Nelson Piquet e Ayrton Senna, os sete de Michael Schumacher e os seis de Lewis Hamilton, al\u00e9m de vit\u00f3rias de Rubens Barrichello e Felipe Massa.<\/p>\n\n\n\n<figure class=\"wp-block-embed-youtube wp-block-embed is-type-video is-provider-youtube wp-embed-aspect-16-9 wp-has-aspect-ratio\"><div class=\"wp-block-embed__wrapper\">\n<iframe loading=\"lazy\" title=\"F1 na B\u00e9lgica, a Indy 500 de SATO e MIGUEL OLIVEIRA na MotoGP | Paddock GP #211\" width=\"500\" height=\"281\" src=\"https:\/\/www.youtube.com\/embed\/59gfgzFnHIg?feature=oembed\" frameborder=\"0\" allow=\"accelerometer; autoplay; clipboard-write; encrypted-media; gyroscope; picture-in-picture; web-share\" referrerpolicy=\"strict-origin-when-cross-origin\" allowfullscreen><\/iframe>\n<\/div><\/figure>\n\n\n\n<p class=\"wp-block-paragraph\"><br><\/p>\n","protected":false},"excerpt":{"rendered":"<p>A F\u00f3rmula 1 vai deixar de ser exibida pela Globo em 2021. A emissora optou por n\u00e3o renovar o contrato que acaba ao fim da temporada deste ano. Assim, a categoria perde uma das \u00fanicas transmiss\u00f5es em canal aberto no mundo<\/p>\n","protected":false},"author":0,"featured_media":1000407753,"comment_status":"closed","ping_status":"closed","sticky":false,"template":"","format":"standard","meta":{"42wp_featured_image_caption":"","42wp_featured_image_credits":"","42wp_featured_video":"","42wp_featured_image_hidden":false,"42wp_authors_list":[],"footnotes":""},"categories":[2],"tags":[118,156,24837,25081,3724],"42wp_author":[47115,47117,47120,47109,47136],"class_list":["post-127638","post","type-post","status-publish","format-standard","has-post-thumbnail","hentry","category-f1","tag-f1-2020","tag-f1-2021","tag-formula-1-2","tag-horarios-da-f1-2","tag-mundial-de-f1","42wp_author-evelyn-guimaraes","42wp_author-gabriel-curty","42wp_author-pedro-henrique-marum","42wp_author-redacao-gp","42wp_author-victor-martins"],"_links":{"self":[{"href":"https:\/\/grandepremio.com\/br\/wp-json\/wp\/v2\/posts\/127638","targetHints":{"allow":["GET"]}}],"collection":[{"href":"https:\/\/grandepremio.com\/br\/wp-json\/wp\/v2\/posts"}],"about":[{"href":"https:\/\/grandepremio.com\/br\/wp-json\/wp\/v2\/types\/post"}],"replies":[{"embeddable":true,"href":"https:\/\/grandepremio.com\/br\/wp-json\/wp\/v2\/comments?post=127638"}],"version-history":[{"count":0,"href":"https:\/\/grandepremio.com\/br\/wp-json\/wp\/v2\/posts\/127638\/revisions"}],"wp:featuredmedia":[{"embeddable":true,"href":"https:\/\/grandepremio.com\/br\/wp-json\/wp\/v2\/media\/1000407753"}],"wp:attachment":[{"href":"https:\/\/grandepremio.com\/br\/wp-json\/wp\/v2\/media?parent=127638"}],"wp:term":[{"taxonomy":"category","embeddable":true,"href":"https:\/\/grandepremio.com\/br\/wp-json\/wp\/v2\/categories?post=127638"},{"taxonomy":"post_tag","embeddable":true,"href":"https:\/\/grandepremio.com\/br\/wp-json\/wp\/v2\/tags?post=127638"},{"taxonomy":"42wp_author","embeddable":true,"href":"https:\/\/grandepremio.com\/br\/wp-json\/wp\/v2\/42wp_author?post=127638"}],"curies":[{"name":"wp","href":"https:\/\/api.w.org\/{rel}","templated":true}]}}