{"id":127639,"date":"2020-08-27T15:39:14","date_gmt":"2020-08-27T18:39:14","guid":{"rendered":"https:\/\/grandepremio.com\/br\/noticias\/chefe-da-haas-deixa-futuro-de-grosjean-e-magnussen-em-aberto-tudo-e-possivel\/"},"modified":"2020-08-27T15:44:06","modified_gmt":"2020-08-27T18:44:06","slug":"chefe-da-haas-deixa-futuro-de-grosjean-e-magnussen-em-aberto-tudo-e-possivel","status":"publish","type":"post","link":"https:\/\/grandepremio.com\/br\/f1\/chefe-da-haas-deixa-futuro-de-grosjean-e-magnussen-em-aberto-tudo-e-possivel\/","title":{"rendered":"Chefe da Haas deixa futuro de Grosjean e Magnussen em aberto: &#8220;Tudo \u00e9 poss\u00edvel&#8221;"},"content":{"rendered":"\n<p class=\"wp-block-paragraph\">A Haas <a href=\"https:\/\/www.grandepremio.com\/br\/f1\/noticias\/apos-assinatura-do-pacto-da-concordia-haas-confirma-presenca-na-f1-ate-2025\/\" class=\"rank-math-link\">assinou o Pacto de Conc\u00f3rdia <\/a>e, assim, confirmou presen\u00e7a no grid da <a href=\"https:\/\/www.grandepremio.com\/br\/f1\/?fl=true&amp;utm_source=lance\" class=\"rank-math-link\">F\u00f3rmula 1<\/a> at\u00e9 2025. Com isso, <a href=\"https:\/\/www.grandepremio.com\/br\/f1\/noticias\/grosjean-fica-intrigado-com-melhora-da-haas-nao-sei-de-onde-veio-essa-performance\/\" class=\"rank-math-link\">passa a ser um dos principais<\/a> focos de aten\u00e7\u00e3o no mercado de pilotos, com as duas vagas ainda em aberto para o pr\u00f3ximo campeonato. De acordo com o chefe de equipe, G\u00fcnther Steiner, absolutamente tudo pode acontecer nos dois cockpits da equipe para o ano que vem.<\/p>\n\n\n\n<p class=\"wp-block-paragraph\">Confiante em mudan\u00e7as na <a href=\"https:\/\/www.grandepremio.com\/br\/f1\/noticias\/haas-elogia-otimo-trabalho-do-liberty-e-diz-que-novas-regras-vao-equilibrar-pelotao\/\" class=\"rank-math-link\">F1 que a coloquem mais pr\u00f3xima do resto do grid<\/a>, a Haas ainda n\u00e3o fechou e sequer come\u00e7ou as conversas sobre a dupla de 2021. Existe a chance de que Kevin Magnussen e Romain Grosjean fiquem, mas, de acordo com Steiner, at\u00e9 mesmo uma dupla de novatos n\u00e3o seria algo imposs\u00edvel.<\/p>\n\n\n\n<p class=\"wp-block-paragraph\">&#8220;Estamos analisando tudo. Ainda estamos avaliando os pilotos, n\u00e3o tomamos uma decis\u00e3o. Acabamos de assinar o Pacto da Conc\u00f3rdia, ainda n\u00e3o falei com o Gene [Haas] sobre nossa dupla. Mas \u00e9 algo que vai acontecer em breve. Assim que ele puder vir a alguma corrida n\u00f3s vamos sentar e discutir isso. No momento, tudo em aberto, podemos manter nossos titulares, ter dois novatos, quem tiver interesse na vaga pode se candidatar. Tudo \u00e9 poss\u00edvel no momento&#8221;, disse Steiner na coletiva antes do GP da B\u00e9lgica.<\/p>\n\n\n\n<figure class=\"wp-block-image size-large\"><img decoding=\"async\" src=\"https:\/\/www.grandepremio.com\/br\/wp-content\/uploads\/2019\/06\/2019624839237_063_1154644530_DMa.jpg\" alt=\"\" class=\"wp-image-364675\"\/><figcaption>Guenther Steiner, chefe da Haas, deixou em aberto o futuro da dupla de pilotos (Foto: Haas)<\/figcaption><\/figure>\n\n\n\n<p class=\"wp-block-paragraph\">Abordado sobre a continuidade ou n\u00e3o na equipe, Grosjean, que \u00e9 titular da Haas desde a chegada do time ao grid da F1, admitiu que a equipe americana \u00e9 praticamente sua \u00fanica possibilidade de seguir no grid em 2021.<\/p>\n\n\n\n<p class=\"wp-block-paragraph\">&#8220;Acho que n\u00e3o temos muitas vagas dispon\u00edveis no grid. \u00c9 uma \u00f3tima not\u00edcia que a Haas vai ficar na F1 e aumenta nossas chances. Acho que vamos conversar sobre renova\u00e7\u00e3o em breve. No momento, com rodadas triplas acontecendo, estamos focados nas corridas e em darmos o melhor&#8221;, explicou.<\/p>\n\n\n\n<p class=\"wp-block-paragraph\">Magnussen, que anotou o \u00fanico ponto da Haas em 2020, acompanhou Grosjean no pensamento de que a Haas n\u00e3o ter conversado ainda sobre a renova\u00e7\u00e3o \u00e9 natural pela maratona do calend\u00e1rio.<\/p>\n\n\n\n<p class=\"wp-block-paragraph\">&#8220;Temos passado por tempos bem corridos com as rodadas triplas, agora vem mais uma. N\u00e3o havia motivo ainda para falarem de pilotos enquanto o futuro do time era o mais importante a ser definido. Agora eu acho que as conversas v\u00e3o come\u00e7ar, vamos ver&#8221;, comentou.<\/p>\n","protected":false},"excerpt":{"rendered":"<p>A Haas pode apostar em novatos ou seguir com a mesma escala\u00e7\u00e3o para 2021. De acordo com o chefe G\u00fcnther Steiner, &#8220;tudo \u00e9 poss\u00edvel&#8221; no time para as pr\u00f3ximas temporadas<\/p>\n","protected":false},"author":0,"featured_media":1000395629,"comment_status":"closed","ping_status":"closed","sticky":false,"template":"","format":"standard","meta":{"42wp_featured_image_caption":"","42wp_featured_image_credits":"","42wp_featured_video":"","42wp_featured_image_hidden":false,"42wp_authors_list":[],"footnotes":""},"categories":[2],"tags":[147,118,156,24837,1285,1256,119,117,120],"42wp_author":[47109],"class_list":["post-127639","post","type-post","status-publish","format-standard","has-post-thumbnail","hentry","category-f1","tag-f1","tag-f1-2020","tag-f1-2021","tag-formula-1-2","tag-formula-1-2021","tag-gunther-steiner","tag-haas","tag-kevin-magnussen","tag-romain-grosjean","42wp_author-redacao-gp"],"_links":{"self":[{"href":"https:\/\/grandepremio.com\/br\/wp-json\/wp\/v2\/posts\/127639","targetHints":{"allow":["GET"]}}],"collection":[{"href":"https:\/\/grandepremio.com\/br\/wp-json\/wp\/v2\/posts"}],"about":[{"href":"https:\/\/grandepremio.com\/br\/wp-json\/wp\/v2\/types\/post"}],"replies":[{"embeddable":true,"href":"https:\/\/grandepremio.com\/br\/wp-json\/wp\/v2\/comments?post=127639"}],"version-history":[{"count":0,"href":"https:\/\/grandepremio.com\/br\/wp-json\/wp\/v2\/posts\/127639\/revisions"}],"wp:featuredmedia":[{"embeddable":true,"href":"https:\/\/grandepremio.com\/br\/wp-json\/wp\/v2\/media\/1000395629"}],"wp:attachment":[{"href":"https:\/\/grandepremio.com\/br\/wp-json\/wp\/v2\/media?parent=127639"}],"wp:term":[{"taxonomy":"category","embeddable":true,"href":"https:\/\/grandepremio.com\/br\/wp-json\/wp\/v2\/categories?post=127639"},{"taxonomy":"post_tag","embeddable":true,"href":"https:\/\/grandepremio.com\/br\/wp-json\/wp\/v2\/tags?post=127639"},{"taxonomy":"42wp_author","embeddable":true,"href":"https:\/\/grandepremio.com\/br\/wp-json\/wp\/v2\/42wp_author?post=127639"}],"curies":[{"name":"wp","href":"https:\/\/api.w.org\/{rel}","templated":true}]}}