{"id":127648,"date":"2020-08-27T11:50:12","date_gmt":"2020-08-27T14:50:12","guid":{"rendered":"https:\/\/grandepremio.com\/br\/noticias\/gasly-revela-dificuldade-em-volta-a-spa-apos-morte-de-hubert-imagens-vem-a-cabeca\/"},"modified":"2020-08-27T13:19:30","modified_gmt":"2020-08-27T16:19:30","slug":"gasly-revela-dificuldade-em-volta-a-spa-apos-morte-de-hubert-imagens-vem-a-cabeca","status":"publish","type":"post","link":"https:\/\/grandepremio.com\/br\/f1\/gasly-revela-dificuldade-em-volta-a-spa-apos-morte-de-hubert-imagens-vem-a-cabeca\/","title":{"rendered":"Gasly revela dificuldade em volta a Spa ap\u00f3s morte de Hubert: &#8220;Imagens v\u00eam \u00e0 cabe\u00e7a&#8221;"},"content":{"rendered":"\n<figure class=\"wp-block-embed-youtube wp-block-embed is-type-video is-provider-youtube wp-embed-aspect-16-9 wp-has-aspect-ratio\"><div class=\"wp-block-embed__wrapper\">\n<iframe loading=\"lazy\" title=\"WILLIAMS deixa de ser como conhecemos. E isso \u00e9 NORMAL na F1 | GP \u00e0s 10\" width=\"500\" height=\"281\" src=\"https:\/\/www.youtube.com\/embed\/zN0qwm3AZEs?feature=oembed\" frameborder=\"0\" allow=\"accelerometer; autoplay; clipboard-write; encrypted-media; gyroscope; picture-in-picture; web-share\" referrerpolicy=\"strict-origin-when-cross-origin\" allowfullscreen><\/iframe>\n<\/div><\/figure>\n\n\n\n<p class=\"wp-block-paragraph\">A ida para Spa-Francorchamps nesta semana \u00e9 obviamente emocional para todo o circo das F\u00f3rmulas 1 , 2 e 3 por completo, mas talvez mais para Pierre Gasly. O motivo \u00e9 claro: o franc\u00eas era muito pr\u00f3ximo a Anthoine Hubert, <strong><a href=\"https:\/\/www.grandepremio.com\/br\/f2\/noticias\/um-ano-apos-morte-f2-cria-campanha-para-celebrar-hubert-e-reitera-aposentadoria-do-19\/?fl=true&amp;utm_source=lance\" class=\"rank-math-link\">que faleceu em acidente na pista belga em 2019<\/a><\/strong>.<\/p>\n\n\n\n<p class=\"wp-block-paragraph\">Assim, <strong><a href=\"https:\/\/www.grandepremio.com\/br\/f1\/noticias\/foto-gasly-deixa-buque-de-flores-em-ponto-de-acidente-fatal-de-hubert-em-spa\/?fl=true&amp;utm_source=lance\" class=\"rank-math-link\">ele deixou buqu\u00ea de flores na \u00e1rea de escape da Raidillon<\/a><\/strong>, ponto do acidente, nesta quinta-feira (27), homenageando o amigo. E, depois, comentou sobre o que sente ao voltar ao local.<\/p>\n\n\n\n<p class=\"wp-block-paragraph\">&#8220;Tem sido muito dif\u00edcil e estranho, porque Spa \u00e9 minha pista favorita e eu sempre tenho grandes lembran\u00e7as de minha primeira vit\u00f3ria em monoposto, na F4, e outras como na GP2. Esse ano \u00e9 algo diferente, porque assim que eu coloquei meus p\u00e9s no paddock essas imagens vieram \u00e0 minha cabe\u00e7a, e eu n\u00e3o quero aceit\u00e1-las, ou tenho dificuldade em aceit\u00e1-las&#8221;, disse.<\/p>\n\n\n\n<p class=\"wp-block-paragraph\">&#8220;Durante a caminhada pela pista eu tinha tais imagens na mente e tudo que eu queria \u00e9 que elas nunca viessem a existir. Infelizmente \u00e9 o perigo de nosso esporte. \u00c9 s\u00f3 dif\u00edcil de aceitar. Mesmo o que fiz para esse final de semana, como o capacete especial, ou deixar as flores, parece errado&#8221;, continuou.<\/p>\n\n\n\n<figure class=\"wp-block-image size-large\"><img decoding=\"async\" src=\"https:\/\/www.grandepremio.com\/br\/wp-content\/uploads\/2020\/08\/Ega7GafWAAAHRf7-1024x576.jpg\" alt=\"\" class=\"wp-image-411516\"\/><figcaption>Pierre Gasly era amigo \u00edntimo de Anthoine Hubert, morto um ano atr\u00e1s (Foto: Reprodu\u00e7\u00e3o)<\/figcaption><\/figure>\n\n\n\n<p class=\"wp-block-paragraph\">Gasly tamb\u00e9m lembrou de momentos ao lado de Hubert, ou mesmo como foi o amigo que lhe ajudou quando foi rebaixado pela Red Bull.<\/p>\n\n\n\n<p class=\"wp-block-paragraph\">&#8220;Estava pensando em como estava com ele em Budapeste ano passado. Jantei com ele no domingo e nos divertimos com sua namorada e outros amigos depois do GP da Hungria. Foi a \u00faltima vez que o vi. Ele tamb\u00e9m foi um dos primeiros a me mandar mensagem quando a Red Bull decidiu me colocar de volta na Toro Rosso (hoje AlphaTauri). Para mim, \u00e9 s\u00f3 dif\u00edcil aceitar que ele n\u00e3o est\u00e1 mais conosco&#8221;, finalizou o franc\u00eas.<\/p>\n\n\n\n<figure class=\"wp-block-embed-dailymotion wp-block-embed is-type-video is-provider-dailymotion wp-embed-aspect-16-9 wp-has-aspect-ratio\"><div class=\"wp-block-embed__wrapper\">\n<iframe loading=\"lazy\" title=\"Chuva, pneus e acertos: O QUE esperar do GP da B\u00e9lgica | GP \u00e0s 10\" frameborder=\"0\" width=\"500\" height=\"281\" src=\"https:\/\/geo.dailymotion.com\/player.html?video=x7vsyq3&#038;\" allowfullscreen allow=\"autoplay; fullscreen; picture-in-picture; web-share\"><\/iframe>\n<\/div><\/figure>\n","protected":false},"excerpt":{"rendered":"<p>Pierre Gasly e Anthoine Hubert eram muito pr\u00f3ximos. Por isso, o piloto da AlphaTauri comentou sobre como \u00e9 duro ter que aceitar que o amigo faleceu em acidente no ano passado<\/p>\n","protected":false},"author":0,"featured_media":1000407234,"comment_status":"closed","ping_status":"closed","sticky":false,"template":"","format":"standard","meta":{"42wp_featured_image_caption":"","42wp_featured_image_credits":"","42wp_featured_video":"","42wp_featured_image_hidden":false,"42wp_authors_list":[],"footnotes":""},"categories":[2],"tags":[106,147,118,24837,24846,24899,676,108],"42wp_author":[47109],"class_list":["post-127648","post","type-post","status-publish","format-standard","has-post-thumbnail","hentry","category-f1","tag-anthoine-hubert","tag-f1","tag-f1-2020","tag-formula-1-2","tag-formula-um-2","tag-gp-da-belgica-2","tag-pierre-gasly","tag-spa-francorchamps","42wp_author-redacao-gp"],"_links":{"self":[{"href":"https:\/\/grandepremio.com\/br\/wp-json\/wp\/v2\/posts\/127648","targetHints":{"allow":["GET"]}}],"collection":[{"href":"https:\/\/grandepremio.com\/br\/wp-json\/wp\/v2\/posts"}],"about":[{"href":"https:\/\/grandepremio.com\/br\/wp-json\/wp\/v2\/types\/post"}],"replies":[{"embeddable":true,"href":"https:\/\/grandepremio.com\/br\/wp-json\/wp\/v2\/comments?post=127648"}],"version-history":[{"count":0,"href":"https:\/\/grandepremio.com\/br\/wp-json\/wp\/v2\/posts\/127648\/revisions"}],"wp:featuredmedia":[{"embeddable":true,"href":"https:\/\/grandepremio.com\/br\/wp-json\/wp\/v2\/media\/1000407234"}],"wp:attachment":[{"href":"https:\/\/grandepremio.com\/br\/wp-json\/wp\/v2\/media?parent=127648"}],"wp:term":[{"taxonomy":"category","embeddable":true,"href":"https:\/\/grandepremio.com\/br\/wp-json\/wp\/v2\/categories?post=127648"},{"taxonomy":"post_tag","embeddable":true,"href":"https:\/\/grandepremio.com\/br\/wp-json\/wp\/v2\/tags?post=127648"},{"taxonomy":"42wp_author","embeddable":true,"href":"https:\/\/grandepremio.com\/br\/wp-json\/wp\/v2\/42wp_author?post=127648"}],"curies":[{"name":"wp","href":"https:\/\/api.w.org\/{rel}","templated":true}]}}