{"id":127650,"date":"2020-08-27T10:40:24","date_gmt":"2020-08-27T13:40:24","guid":{"rendered":"https:\/\/grandepremio.com\/br\/noticias\/poderia-ter-sido-com-um-de-nos-latifi-lembra-corrida-que-matou-hubert-na-f2\/"},"modified":"2020-08-27T11:06:47","modified_gmt":"2020-08-27T14:06:47","slug":"poderia-ter-sido-com-um-de-nos-latifi-lembra-corrida-que-matou-hubert-na-f2","status":"publish","type":"post","link":"https:\/\/grandepremio.com\/br\/f1\/poderia-ter-sido-com-um-de-nos-latifi-lembra-corrida-que-matou-hubert-na-f2\/","title":{"rendered":"&#8220;Poderia ter sido com um de n\u00f3s&#8221;: Latifi lembra corrida que matou Hubert na F2"},"content":{"rendered":"\n<figure class=\"wp-block-embed-youtube wp-block-embed is-type-video is-provider-youtube wp-embed-aspect-16-9 wp-has-aspect-ratio\"><div class=\"wp-block-embed__wrapper\">\n<iframe loading=\"lazy\" title=\"WILLIAMS deixa de ser como conhecemos. E isso \u00e9 NORMAL na F1 | GP \u00e0s 10\" width=\"500\" height=\"281\" src=\"https:\/\/www.youtube.com\/embed\/zN0qwm3AZEs?feature=oembed\" frameborder=\"0\" allow=\"accelerometer; autoplay; clipboard-write; encrypted-media; gyroscope; picture-in-picture; web-share\" referrerpolicy=\"strict-origin-when-cross-origin\" allowfullscreen><\/iframe>\n<\/div><\/figure>\n\n\n\n<p class=\"wp-block-paragraph\">Apenas um piloto do grid atual da F\u00f3rmula 1 estava na pista quando <strong><a href=\"https:\/\/www.grandepremio.com\/br\/f2\/noticias\/um-ano-apos-morte-f2-cria-campanha-para-celebrar-hubert-e-reitera-aposentadoria-do-19\/?fl=true&amp;utm_source=lance\" class=\"rank-math-link\">o acidente que tirou a vida de Anthoine Hubert ocorreu<\/a><\/strong>, h\u00e1 um ano, na F2. Este \u00e9 Nicholas Latifi, e o canadense comentou nesta quinta-feira (27), dia em que voltou a Spa-Francorchamps, sobre o que sente ao lembrar de tal fato.<\/p>\n\n\n\n<p class=\"wp-block-paragraph\">Segundo o novato da Williams, \u00e9 inevit\u00e1vel que &#8220;emo\u00e7\u00f5es se fa\u00e7am presentes e ofusquem o resto&#8221; desde o momento em que pisou no circuito belga.<\/p>\n\n\n\n<figure class=\"wp-block-image size-large\"><img decoding=\"async\" src=\"https:\/\/www.grandepremio.com\/br\/wp-content\/uploads\/2020\/08\/Ega7GafWAAAHRf7-1024x576.jpg\" alt=\"\" class=\"wp-image-411516\"\/><figcaption>Se Latifi estava na prova, Pierre Gasly era amigo \u00edntimo de Anthoine Hubert, e colocou flores na curva do acidente nesta quinta (Foto: Reprodu\u00e7\u00e3o)<\/figcaption><\/figure>\n\n\n\n<p class=\"wp-block-paragraph\">&#8220;Eu estava na corrida e imediatamente ap\u00f3s tudo que ocorreu veio o pensamento de que poderia ter acontecido com qualquer um de n\u00f3s se algo tivesse sido diferente naquela corrida&#8221;, comentou.<\/p>\n\n\n\n<p class=\"wp-block-paragraph\">&#8220;\u00c9 diferente (estar em Spa). Mesmo durante a caminhada pela pista nesta manh\u00e3, subindo a pista, bati o olho na Eau Rouge e os pensamentos voltaram. <strong><a href=\"https:\/\/www.grandepremio.com\/br\/f2\/noticias\/fia-dobra-barreira-de-pneus-e-aumenta-protecao-no-trecho-do-acidente-fatal-de-hubert\/?fl=true&amp;utm_source=lance\" class=\"rank-math-link\">Tenho certeza de que todos v\u00e3o correr para honrar Hubert<\/a><\/strong>&#8220;, completou.<\/p>\n\n\n\n<p class=\"wp-block-paragraph\">Latifi acabou vice-campe\u00e3o da F2 em 2019, s\u00f3 atr\u00e1s de Nyck de Vries. Neste ano, j\u00e1 na F1, ainda n\u00e3o pontuou com a Williams.<\/p>\n\n\n\n<figure class=\"wp-block-embed-dailymotion wp-block-embed is-type-video is-provider-dailymotion wp-embed-aspect-16-9 wp-has-aspect-ratio\"><div class=\"wp-block-embed__wrapper\">\n<iframe loading=\"lazy\" title=\"Chuva, pneus e acertos: O QUE esperar do GP da B\u00e9lgica | GP \u00e0s 10\" frameborder=\"0\" width=\"500\" height=\"281\" src=\"https:\/\/geo.dailymotion.com\/player.html?video=x7vsyq3&#038;\" allowfullscreen allow=\"autoplay; fullscreen; picture-in-picture; web-share\"><\/iframe>\n<\/div><\/figure>\n","protected":false},"excerpt":{"rendered":"<p>Nicholas Latifi era membro do grid da prova em Spa-Francorchamps que vitimou Anthoine Hubert h\u00e1 um ano. Por isso, na volta da F\u00f3rmula 1 para a B\u00e9lgica, ele comentou sobre o que sente<\/p>\n","protected":false},"author":0,"featured_media":1000401640,"comment_status":"closed","ping_status":"closed","sticky":false,"template":"","format":"standard","meta":{"42wp_featured_image_caption":"","42wp_featured_image_credits":"","42wp_featured_video":"","42wp_featured_image_hidden":false,"42wp_authors_list":[],"footnotes":""},"categories":[2],"tags":[487,106,147,118,111,24837,25933,24846,801,108,215],"42wp_author":[47109],"class_list":["post-127650","post","type-post","status-publish","format-standard","has-post-thumbnail","hentry","category-f1","tag-acidente","tag-anthoine-hubert","tag-f1","tag-f1-2020","tag-f2","tag-formula-1-2","tag-formula-2-3","tag-formula-um-2","tag-nicholas-latifi","tag-spa-francorchamps","tag-williams","42wp_author-redacao-gp"],"_links":{"self":[{"href":"https:\/\/grandepremio.com\/br\/wp-json\/wp\/v2\/posts\/127650","targetHints":{"allow":["GET"]}}],"collection":[{"href":"https:\/\/grandepremio.com\/br\/wp-json\/wp\/v2\/posts"}],"about":[{"href":"https:\/\/grandepremio.com\/br\/wp-json\/wp\/v2\/types\/post"}],"replies":[{"embeddable":true,"href":"https:\/\/grandepremio.com\/br\/wp-json\/wp\/v2\/comments?post=127650"}],"version-history":[{"count":0,"href":"https:\/\/grandepremio.com\/br\/wp-json\/wp\/v2\/posts\/127650\/revisions"}],"wp:featuredmedia":[{"embeddable":true,"href":"https:\/\/grandepremio.com\/br\/wp-json\/wp\/v2\/media\/1000401640"}],"wp:attachment":[{"href":"https:\/\/grandepremio.com\/br\/wp-json\/wp\/v2\/media?parent=127650"}],"wp:term":[{"taxonomy":"category","embeddable":true,"href":"https:\/\/grandepremio.com\/br\/wp-json\/wp\/v2\/categories?post=127650"},{"taxonomy":"post_tag","embeddable":true,"href":"https:\/\/grandepremio.com\/br\/wp-json\/wp\/v2\/tags?post=127650"},{"taxonomy":"42wp_author","embeddable":true,"href":"https:\/\/grandepremio.com\/br\/wp-json\/wp\/v2\/42wp_author?post=127650"}],"curies":[{"name":"wp","href":"https:\/\/api.w.org\/{rel}","templated":true}]}}