{"id":127661,"date":"2020-08-27T08:10:23","date_gmt":"2020-08-27T11:10:23","guid":{"rendered":"https:\/\/grandepremio.com\/br\/noticias\/foto-gasly-deixa-buque-de-flores-em-ponto-de-acidente-fatal-de-hubert-em-spa\/"},"modified":"2020-08-27T08:10:25","modified_gmt":"2020-08-27T11:10:25","slug":"foto-gasly-deixa-buque-de-flores-em-ponto-de-acidente-fatal-de-hubert-em-spa","status":"publish","type":"post","link":"https:\/\/grandepremio.com\/br\/f1\/foto-gasly-deixa-buque-de-flores-em-ponto-de-acidente-fatal-de-hubert-em-spa\/","title":{"rendered":"FOTO: Gasly deixa buqu\u00ea de flores em ponto de acidente fatal de Hubert em Spa"},"content":{"rendered":"\n<p class=\"wp-block-paragraph\">Um ano depois, Pierre Gasly est\u00e1 de volta ao aut\u00f3dromo de Spa-Francorchamps. Dessa vez, com lembran\u00e7as p\u00e9ssimas da \u00faltima visita: j\u00e1 se passou um ano desde a morte de Anthoine Hubert na pista belga. Pierre aproveitou a oportunidade para deixar buqu\u00ea de flores na \u00e1rea de escape da Raidillon, ponto do acidente.<\/p>\n\n\n\n<p class=\"wp-block-paragraph\">O acidente de Hubert aconteceu na primeira corrida do fim de semana da F2 em Spa, em 31 de agosto de 2019. Anthoine foi surpreendido por Giuliano Alesi, que bateu na Eau Rouge e voltou ao tra\u00e7ado. Para desviar do carro desgovernado, o franc\u00eas foi direto contra a barreira de pneus da Raidillon, poucos metros adiante. J\u00e1 quase estacion\u00e1rio, o piloto foi atingido em cheio por Juan Manuel Correa, causando o sempre temer\u00e1rio impacto em \u2018T\u2019. Anthoine foi transferido para o centro m\u00e9dico de Spa-Francorchamps, onde morreu aos 22 anos.<\/p>\n\n\n\n<figure class=\"wp-block-image size-large\"><img decoding=\"async\" src=\"https:\/\/www.grandepremio.com\/br\/wp-content\/uploads\/2019\/10\/20199388245_GASLY_DMa.jpg\" alt=\"\" class=\"wp-image-340223\"\/><figcaption>Anthoine Hubert e Pierre Gasly se conheciam desde a inf\u00e2ncia (Foto: Reprodu\u00e7\u00e3o\/Acervo pessoal)<\/figcaption><\/figure>\n\n\n\n<p class=\"wp-block-paragraph\">Para Gasly, o choque foi enorme. Os dois se conheciam desde a inf\u00e2ncia, quando come\u00e7aram a correr juntos e desenvolveram amizade. Na adolesc\u00eancia, chegaram at\u00e9 mesmo a morar juntos. Ap\u00f3s o acidente fatal, Pierre pediu ao amigo m\u00fatuo Charles Leclerc que vencesse o GP da B\u00e9lgica para homenagear Hubert. E assim foi: um dia depois, o monegasco venceu pela primeira vez na F1 em um fim de semana sombrio para o esporte a motor.<\/p>\n\n\n\n<p class=\"wp-block-paragraph\">Gasly, por sua vez, encontrou outras formas de recordar Hubert. O atual piloto da AlphaTauri competiu com capacete rosa, remetendo ao do amigo usado na F2. Adesivos no carro seguiram remetendo ao amigo perdido.<\/p>\n\n\n\n<p class=\"wp-block-paragraph\">As flores de Gasly n\u00e3o ser\u00e3o a \u00fanica lembran\u00e7a a Hubert em Spa. A F2 j\u00e1 anunciou a <strong><a href=\"https:\/\/www.grandepremio.com\/br\/f2\/noticias\/um-ano-apos-morte-f2-cria-campanha-para-celebrar-hubert-e-reitera-aposentadoria-do-19\/?fl=true&amp;utm_source=lance\" class=\"rank-math-link\">distribui\u00e7\u00e3o de adesivos<\/a><\/strong>, que ser\u00e3o vistos nos carros tanto da categoria quanto da F1 e da F3. Al\u00e9m disso, um minuto de sil\u00eancio ser\u00e1 respeitado tanto no s\u00e1bado quanto no domingo.<\/p>\n","protected":false},"excerpt":{"rendered":"<p>Pierre Gasly foi \u00e0 barreira de pneus da Raidillon para recordar Anthoine Hubert, morto 12 meses atr\u00e1s em acidente na F\u00f3rmula 2. Os dois eram amigos de inf\u00e2ncia, o que deixou Pierre abalado<\/p>\n","protected":false},"author":0,"featured_media":1000411516,"comment_status":"closed","ping_status":"closed","sticky":false,"template":"","format":"standard","meta":{"42wp_featured_image_caption":"","42wp_featured_image_credits":"","42wp_featured_video":"","42wp_featured_image_hidden":false,"42wp_authors_list":[],"footnotes":""},"categories":[2],"tags":[487,106,24837,24951,24899,105,676,108],"42wp_author":[47109],"class_list":["post-127661","post","type-post","status-publish","format-standard","has-post-thumbnail","hentry","category-f1","tag-acidente","tag-anthoine-hubert","tag-formula-1-2","tag-formula-2-2","tag-gp-da-belgica-2","tag-morte","tag-pierre-gasly","tag-spa-francorchamps","42wp_author-redacao-gp"],"_links":{"self":[{"href":"https:\/\/grandepremio.com\/br\/wp-json\/wp\/v2\/posts\/127661","targetHints":{"allow":["GET"]}}],"collection":[{"href":"https:\/\/grandepremio.com\/br\/wp-json\/wp\/v2\/posts"}],"about":[{"href":"https:\/\/grandepremio.com\/br\/wp-json\/wp\/v2\/types\/post"}],"replies":[{"embeddable":true,"href":"https:\/\/grandepremio.com\/br\/wp-json\/wp\/v2\/comments?post=127661"}],"version-history":[{"count":0,"href":"https:\/\/grandepremio.com\/br\/wp-json\/wp\/v2\/posts\/127661\/revisions"}],"wp:featuredmedia":[{"embeddable":true,"href":"https:\/\/grandepremio.com\/br\/wp-json\/wp\/v2\/media\/1000411516"}],"wp:attachment":[{"href":"https:\/\/grandepremio.com\/br\/wp-json\/wp\/v2\/media?parent=127661"}],"wp:term":[{"taxonomy":"category","embeddable":true,"href":"https:\/\/grandepremio.com\/br\/wp-json\/wp\/v2\/categories?post=127661"},{"taxonomy":"post_tag","embeddable":true,"href":"https:\/\/grandepremio.com\/br\/wp-json\/wp\/v2\/tags?post=127661"},{"taxonomy":"42wp_author","embeddable":true,"href":"https:\/\/grandepremio.com\/br\/wp-json\/wp\/v2\/42wp_author?post=127661"}],"curies":[{"name":"wp","href":"https:\/\/api.w.org\/{rel}","templated":true}]}}