{"id":127662,"date":"2020-08-27T07:44:22","date_gmt":"2020-08-27T10:44:22","guid":{"rendered":"https:\/\/grandepremio.com\/br\/noticias\/dovizioso-diz-sofrer-com-inconsistencia-da-ducati-em-2020-muito-decepcionado\/"},"modified":"2020-08-27T07:45:18","modified_gmt":"2020-08-27T10:45:18","slug":"dovizioso-diz-sofrer-com-inconsistencia-da-ducati-em-2020-muito-decepcionado","status":"publish","type":"post","link":"https:\/\/grandepremio.com\/br\/motogp\/dovizioso-diz-sofrer-com-inconsistencia-da-ducati-em-2020-muito-decepcionado\/","title":{"rendered":"Dovizioso diz sofrer com inconsist\u00eancia da Ducati em 2020: \u201cMuito decepcionado\u201d"},"content":{"rendered":"\n<p class=\"wp-block-paragraph\">Andrea Dovizioso n\u00e3o est\u00e1 satisfeito com o desempenho da Ducati na temporada 2020 da MotoGP. O italiano destacou a inconsist\u00eancia apresentada nas primeiras etapas e afirmou que a equipe n\u00e3o tem a situa\u00e7\u00e3o sob controle no campeonato.<\/p>\n\n\n\n<p class=\"wp-block-paragraph\">O piloto de Forli foi um dos \u00fanicos do grid que j\u00e1 subiu duas vezes no p\u00f3dio, sendo terceiro no GP da Espanha e vencendo o GP da \u00c1ustria. Entretanto, seus demais resultados s\u00e3o uma sexta, 11\u00aa e quinta coloca\u00e7\u00f5es.<\/p>\n\n\n\n<p class=\"wp-block-paragraph\">Na classifica\u00e7\u00e3o, o #4 da Ducati aparece na vice-lideran\u00e7a, apenas tr\u00eas pontos atr\u00e1s do l\u00edder Fabio Quartararo, que venceu as duas primeiras corridas do ano, mas <a href=\"https:\/\/www.grandepremio.com\/br\/motogp\/noticias\/quartararo-lamenta-problemas-graves-da-yamaha-impossivel-brigar-pelo-titulo\/\" class=\"rank-math-link\">tamb\u00e9m tem enfrentado problemas com a Yamaha<\/a>.<\/p>\n\n\n\n<figure class=\"wp-block-image size-large\"><img decoding=\"async\" src=\"https:\/\/www.grandepremio.com\/br\/wp-content\/uploads\/2020\/08\/SI202008210309_news-1024x682.jpg\" alt=\"\" class=\"wp-image-409363\"\/><figcaption>Andrea Dovizioso v\u00ea situa\u00e7\u00e3o incomum para Ducati (Foto: Red Bull Content Pool)<\/figcaption><\/figure>\n\n\n\n<p class=\"wp-block-paragraph\">\u201cPara mim, a situa\u00e7\u00e3o no campeonato \u00e9 boa, mas quando se tem essa sensa\u00e7\u00e3o e muitos altos e baixos, n\u00e3o se tem o controle da situa\u00e7\u00e3o. N\u00e3o tenho um bom feeling neste momento, pois n\u00e3o sinto que temos a situa\u00e7\u00e3o no controle para avan\u00e7ar em algumas pistas\u201d, falou.<\/p>\n\n\n\n<p class=\"wp-block-paragraph\">\u201cE em cada corrida tamb\u00e9m h\u00e1 muitos altos e baixos. Isso nunca aconteceu comigo ou conosco nos \u00faltimos quatro ou cinco anos, e estou sofrendo com isso e muito decepcionado, pois nada at\u00e9 agora, desde a primeira corrida, \u00e9 consistente, e acho que \u00e9 algo incomum. Ent\u00e3o n\u00e3o tenho resposta e n\u00e3o gosto disso\u201d, completou o competidor. <\/p>\n\n\n\n<p class=\"wp-block-paragraph\">A pr\u00f3xima etapa do Mundial de Motovelocidade \u00e9 o GP de San Marino e Riviera di Rimini, em Misano. A corrida, primeira da rodada dupla no circuito, acontece no dia 13 de setembro.<\/p>\n\n\n\n<figure class=\"wp-block-embed-dailymotion wp-block-embed is-type-video is-provider-dailymotion wp-embed-aspect-16-9 wp-has-aspect-ratio\"><div class=\"wp-block-embed__wrapper\">\n<iframe loading=\"lazy\" title=\"VACILOS e PLAYERS mant\u00eam 2020 aberto e chance para Marc M\u00e1rquez | GP \u00e0s 10\" frameborder=\"0\" width=\"500\" height=\"281\" src=\"https:\/\/geo.dailymotion.com\/player.html?video=x7vp9by&#038;\" allowfullscreen allow=\"autoplay; fullscreen; picture-in-picture; web-share\"><\/iframe>\n<\/div><\/figure>\n","protected":false},"excerpt":{"rendered":"<p>O italiano falou dos diversos altos e baixos que tem sofrido na temporada e disse que a equipe n\u00e3o tem a situa\u00e7\u00e3o sob controle<\/p>\n","protected":false},"author":0,"featured_media":1000407153,"comment_status":"closed","ping_status":"closed","sticky":false,"template":"","format":"standard","meta":{"42wp_featured_image_caption":"","42wp_featured_image_credits":"","42wp_featured_video":"","42wp_featured_image_hidden":false,"42wp_authors_list":[],"footnotes":""},"categories":[8],"tags":[143,131,79,174,78,173,554,889],"42wp_author":[47109],"class_list":["post-127662","post","type-post","status-publish","format-standard","has-post-thumbnail","hentry","category-motogp","tag-andrea-dovizioso","tag-ducati","tag-moto-gp","tag-moto-gp-2020","tag-motogp","tag-motogp-2020","tag-motogp-ao-vivo","tag-temporada-2020-motogp","42wp_author-redacao-gp"],"_links":{"self":[{"href":"https:\/\/grandepremio.com\/br\/wp-json\/wp\/v2\/posts\/127662","targetHints":{"allow":["GET"]}}],"collection":[{"href":"https:\/\/grandepremio.com\/br\/wp-json\/wp\/v2\/posts"}],"about":[{"href":"https:\/\/grandepremio.com\/br\/wp-json\/wp\/v2\/types\/post"}],"replies":[{"embeddable":true,"href":"https:\/\/grandepremio.com\/br\/wp-json\/wp\/v2\/comments?post=127662"}],"version-history":[{"count":0,"href":"https:\/\/grandepremio.com\/br\/wp-json\/wp\/v2\/posts\/127662\/revisions"}],"wp:featuredmedia":[{"embeddable":true,"href":"https:\/\/grandepremio.com\/br\/wp-json\/wp\/v2\/media\/1000407153"}],"wp:attachment":[{"href":"https:\/\/grandepremio.com\/br\/wp-json\/wp\/v2\/media?parent=127662"}],"wp:term":[{"taxonomy":"category","embeddable":true,"href":"https:\/\/grandepremio.com\/br\/wp-json\/wp\/v2\/categories?post=127662"},{"taxonomy":"post_tag","embeddable":true,"href":"https:\/\/grandepremio.com\/br\/wp-json\/wp\/v2\/tags?post=127662"},{"taxonomy":"42wp_author","embeddable":true,"href":"https:\/\/grandepremio.com\/br\/wp-json\/wp\/v2\/42wp_author?post=127662"}],"curies":[{"name":"wp","href":"https:\/\/api.w.org\/{rel}","templated":true}]}}