{"id":127664,"date":"2020-08-27T05:52:59","date_gmt":"2020-08-27T08:52:59","guid":{"rendered":"https:\/\/grandepremio.com\/br\/noticias\/um-ano-apos-morte-f2-cria-campanha-para-celebrar-hubert-e-reitera-aposentadoria-do-19\/"},"modified":"2020-08-27T07:16:19","modified_gmt":"2020-08-27T10:16:19","slug":"um-ano-apos-morte-f2-cria-campanha-para-celebrar-hubert-e-reitera-aposentadoria-do-19","status":"publish","type":"post","link":"https:\/\/grandepremio.com\/br\/f2\/um-ano-apos-morte-f2-cria-campanha-para-celebrar-hubert-e-reitera-aposentadoria-do-19\/","title":{"rendered":"F2 cria campanha para celebrar Hubert um ano ap\u00f3s morte e reitera aposentadoria do #19"},"content":{"rendered":"\n<p class=\"wp-block-paragraph\">O fim de semana do GP da B\u00e9lgica traz tristes mem\u00f3rias de 12 meses atr\u00e1s, quando um forte acidente na F\u00f3rmula 2 levou \u00e0 morte de Anthoine Hubert. Com a categoria retornando ao aut\u00f3dromo de Spa-Francorchamps, o momento \u00e9 de homenagens: o fim de semana ter\u00e1 uma campanha envolvendo F1, F2 e F3 para saudar o franc\u00eas.<\/p>\n\n\n\n<p class=\"wp-block-paragraph\">A campanha se dar\u00e1 principalmente atrav\u00e9s do uso de adesivos com \u2018AH19\u2019 \u2013 as iniciais do nome de Hubert mais o n\u00famero do carro na temporada 2019. Al\u00e9m disso, minutos de sil\u00eancio ser\u00e3o observados tanto no s\u00e1bado quanto no domingo.<\/p>\n\n\n\n<p class=\"wp-block-paragraph\">\u201cEm um sinal de uni\u00e3o, as equipes da F1, F2 e F3 v\u00e3o mostrar o logo em seus carros ao longo do fim de semana, mostrando que o Anthoine sempre far\u00e1 parte de nossa fam\u00edlia\u201d, explicou a F2 atrav\u00e9s de comunicado. \u201cUm minuto de sil\u00eancio ser\u00e1 respeito antes da corrida de s\u00e1bado, com a fam\u00edlia da F2 relembrando Anthoine e mostrando apoio inabal\u00e1vel. No domingo, a F1 tamb\u00e9m vai ter um minuto de sil\u00eancio antes do GP\u201d, seguiu.<\/p>\n\n\n\n<figure class=\"wp-block-image size-large\"><img decoding=\"async\" src=\"https:\/\/www.grandepremio.com\/br\/wp-content\/uploads\/2020\/08\/EgaSfxlXcAANxbu-1024x1024.jpg\" alt=\"\" class=\"wp-image-411483\"\/><figcaption>A F\u00f3rmula 2 criou logo que vai virar adesivo nos carros de cada equipe (Foto: Reprodu\u00e7\u00e3o)<\/figcaption><\/figure>\n\n\n\n<p class=\"wp-block-paragraph\">A categoria tamb\u00e9m reiterou a aposentadoria do n\u00famero #19 como definitiva. A categoria j\u00e1 tinha anunciado a medida no come\u00e7o do ano, mas sem deixar claro se haveria um retorno no futuro. A medida \u00e9 in\u00e9dita no campeonato.<\/p>\n\n\n\n<p class=\"wp-block-paragraph\">Hubert era um piloto em franca ascens\u00e3o em 2019. Piloto ligado \u00e0 Renault, o franc\u00eas fazia uma temporada de estreia promissora na F2, conseguindo duas vit\u00f3rias nas provas de grid invertido. O sonho da F1 chegou ao fim em 31 de agosto de 2019: Anthoine foi surpreendido por Giuliano Alesi, que bateu na Eau Rouge e voltou ao tra\u00e7ado. Para desviar do carro desgovernado, o franc\u00eas foi direto contra a barreira de pneus da Raidillon, poucos metros adiante. J\u00e1 quase estacion\u00e1rio, o piloto foi atingido em cheio por Juan Manuel Correa, causando o sempre temer\u00e1rio impacto em \u2018T\u2019. <\/p>\n\n\n\n<p class=\"wp-block-paragraph\">Anthoine foi transferido para o centro m\u00e9dico de Spa-Francorchamps, onde morreu aos 22 anos. Correa sobreviveu, mas com les\u00f5es graves nas duas pernas, que ainda impedem o retorno \u00e0s pistas. As consequ\u00eancias do acidente fizeram a FIA <strong><a href=\"https:\/\/www.grandepremio.com\/br\/f2\/noticias\/fia-dobra-barreira-de-pneus-e-aumenta-protecao-no-trecho-do-acidente-fatal-de-hubert\/\" class=\"rank-math-link\">repensar a barreira de pneus no trecho<\/a><\/strong>.<\/p>\n","protected":false},"excerpt":{"rendered":"<p>Anthoine Hubert ser\u00e1 relembrado por F1, F2 e F3 em Spa-Francorchamps. Um ano ap\u00f3s a morte, as categorias correm com adesivos nos carros e prometem realizar minuto de sil\u00eancio<\/p>\n","protected":false},"author":0,"featured_media":0,"comment_status":"closed","ping_status":"closed","sticky":false,"template":"","format":"standard","meta":{"42wp_featured_image_caption":"","42wp_featured_image_credits":"","42wp_featured_video":"","42wp_featured_image_hidden":false,"42wp_authors_list":[],"footnotes":""},"categories":[9],"tags":[106,25062,112,24951,1717,107,105,108],"42wp_author":[47109],"class_list":["post-127664","post","type-post","status-publish","format-standard","hentry","category-f2","tag-anthoine-hubert","tag-belgica","tag-f2-2020","tag-formula-2-2","tag-homenagem","tag-juan-manuel-correa","tag-morte","tag-spa-francorchamps","42wp_author-redacao-gp"],"_links":{"self":[{"href":"https:\/\/grandepremio.com\/br\/wp-json\/wp\/v2\/posts\/127664","targetHints":{"allow":["GET"]}}],"collection":[{"href":"https:\/\/grandepremio.com\/br\/wp-json\/wp\/v2\/posts"}],"about":[{"href":"https:\/\/grandepremio.com\/br\/wp-json\/wp\/v2\/types\/post"}],"replies":[{"embeddable":true,"href":"https:\/\/grandepremio.com\/br\/wp-json\/wp\/v2\/comments?post=127664"}],"version-history":[{"count":0,"href":"https:\/\/grandepremio.com\/br\/wp-json\/wp\/v2\/posts\/127664\/revisions"}],"wp:attachment":[{"href":"https:\/\/grandepremio.com\/br\/wp-json\/wp\/v2\/media?parent=127664"}],"wp:term":[{"taxonomy":"category","embeddable":true,"href":"https:\/\/grandepremio.com\/br\/wp-json\/wp\/v2\/categories?post=127664"},{"taxonomy":"post_tag","embeddable":true,"href":"https:\/\/grandepremio.com\/br\/wp-json\/wp\/v2\/tags?post=127664"},{"taxonomy":"42wp_author","embeddable":true,"href":"https:\/\/grandepremio.com\/br\/wp-json\/wp\/v2\/42wp_author?post=127664"}],"curies":[{"name":"wp","href":"https:\/\/api.w.org\/{rel}","templated":true}]}}