{"id":127685,"date":"2020-08-26T08:51:30","date_gmt":"2020-08-26T11:51:30","guid":{"rendered":"https:\/\/grandepremio.com\/br\/noticias\/formula-1-flexibiliza-regra-e-permite-que-equipes-tenham-mais-integrantes-a-partir-da-belgica\/"},"modified":"2020-08-26T10:23:08","modified_gmt":"2020-08-26T13:23:08","slug":"formula-1-flexibiliza-regra-e-permite-que-equipes-tenham-mais-integrantes-a-partir-da-belgica","status":"publish","type":"post","link":"https:\/\/grandepremio.com\/br\/f1\/formula-1-flexibiliza-regra-e-permite-que-equipes-tenham-mais-integrantes-a-partir-da-belgica\/","title":{"rendered":"F\u00f3rmula 1 flexibiliza regra e permite mais integrantes nas equipes a partir da B\u00e9lgica"},"content":{"rendered":"\n<figure class=\"wp-block-embed-youtube wp-block-embed is-type-video is-provider-youtube wp-embed-aspect-16-9 wp-has-aspect-ratio\"><div class=\"wp-block-embed__wrapper\">\n<iframe loading=\"lazy\" title=\"WILLIAMS deixa de ser como conhecemos. E isso \u00e9 NORMAL na F1 | GP \u00e0s 10\" width=\"500\" height=\"281\" src=\"https:\/\/www.youtube.com\/embed\/zN0qwm3AZEs?start=57&amp;feature=oembed\" frameborder=\"0\" allow=\"accelerometer; autoplay; clipboard-write; encrypted-media; gyroscope; picture-in-picture; web-share\" referrerpolicy=\"strict-origin-when-cross-origin\" allowfullscreen><\/iframe>\n<\/div><\/figure>\n\n\n\n<p class=\"wp-block-paragraph\">A pandemia da Covid-19 fez a F\u00f3rmula 1 mudar algumas coisas dentro do paddock durante um fim de semana de corrida. Sem p\u00fablico, com menos funcion\u00e1rios e instala\u00e7\u00f5es padronizadas nos circuitos, a categoria passou pelas seis primeiras etapas do ano. No GP da B\u00e9lgica, por\u00e9m, mudan\u00e7as devem acontecer, com mais integrantes nos times e estruturas pr\u00f3prias. <\/p>\n\n\n\n<p class=\"wp-block-paragraph\">Durante as prepara\u00e7\u00f5es para correr durante a pandemia, a Federa\u00e7\u00e3o Internacional de Automobilismo e as equipes da F\u00f3rmula 1 concordaram em fechar os port\u00f5es para o p\u00fablico, al\u00e9m de restringir a 80 o n\u00famero de pessoas em cada time.<\/p>\n\n\n\n<p class=\"wp-block-paragraph\">Entre essas 80 pessoas permitidas, 60 devem estar associadas a opera\u00e7\u00f5es no carro e sujeitas a restri\u00e7\u00f5es de toque de recolher. Os outros 20 integrantes s\u00e3o pilotos, dirigentes, fisioterapeutas, assessores e qualquer outro funcion\u00e1rio da equipe.<\/p>\n\n\n\n<figure class=\"wp-block-image size-large\"><img decoding=\"async\" src=\"https:\/\/www.grandepremio.com\/br\/wp-content\/uploads\/2020\/08\/redbull-maxverstappen-01-1-1024x683.jpg\" alt=\"\" class=\"wp-image-402452\"\/><figcaption>Integrantes da Red Bull presentes em Silverstone comemoram vit\u00f3ria de Max Verstappen no GP dos 70 Anos (Foto: Getty Images\/Red Bull Content Pool)<\/figcaption><\/figure>\n\n\n\n<p class=\"wp-block-paragraph\">Para o GP da B\u00e9lgica, os times concordaram em usar suas pr\u00f3prias instala\u00e7\u00f5es e fornecimento de refei\u00e7\u00f5es. Com isso, o n\u00famero de integrantes aumenta para 90 no circuito de Spa-Francorchamps. O novo n\u00famero foi aprovado em reuni\u00e3o e j\u00e1 adicionado \u00e0s regulamenta\u00e7\u00f5es esportivas.<\/p>\n\n\n\n<p class=\"wp-block-paragraph\">Apesar das mudan\u00e7as, a presen\u00e7a de p\u00fablico continua proibida no tradicional circuito belga. Ser\u00e1 a s\u00e9tima etapa consecutiva da F\u00f3rmula 1 sem f\u00e3s presentes nas arquibancadas. A expectativa \u00e9 que os primeiros torcedores nos aut\u00f3dromos sejam vistos no fim de setembro, durante o fim de semana do GP da R\u00fassia.<\/p>\n","protected":false},"excerpt":{"rendered":"<p>A partir deste fim de semana, na etapa de Spa-Francorchamps, as equipes da F\u00f3rmula 1 v\u00e3o poder contar com mais dez funcion\u00e1rios no circuito, al\u00e9m de disponibilizar instala\u00e7\u00f5es pr\u00f3prias. A \u00fanica regra que se mant\u00e9m \u00e9 a aus\u00eancia de p\u00fablico na etapa belga<\/p>\n","protected":false},"author":0,"featured_media":1000407911,"comment_status":"closed","ping_status":"closed","sticky":false,"template":"","format":"standard","meta":{"42wp_featured_image_caption":"","42wp_featured_image_credits":"","42wp_featured_video":"","42wp_featured_image_hidden":false,"42wp_authors_list":[],"footnotes":""},"categories":[2],"tags":[147,118,24837,24860,24899],"42wp_author":[47109],"class_list":["post-127685","post","type-post","status-publish","format-standard","has-post-thumbnail","hentry","category-f1","tag-f1","tag-f1-2020","tag-formula-1-2","tag-formula-1-2020-2","tag-gp-da-belgica-2","42wp_author-redacao-gp"],"_links":{"self":[{"href":"https:\/\/grandepremio.com\/br\/wp-json\/wp\/v2\/posts\/127685","targetHints":{"allow":["GET"]}}],"collection":[{"href":"https:\/\/grandepremio.com\/br\/wp-json\/wp\/v2\/posts"}],"about":[{"href":"https:\/\/grandepremio.com\/br\/wp-json\/wp\/v2\/types\/post"}],"replies":[{"embeddable":true,"href":"https:\/\/grandepremio.com\/br\/wp-json\/wp\/v2\/comments?post=127685"}],"version-history":[{"count":0,"href":"https:\/\/grandepremio.com\/br\/wp-json\/wp\/v2\/posts\/127685\/revisions"}],"wp:featuredmedia":[{"embeddable":true,"href":"https:\/\/grandepremio.com\/br\/wp-json\/wp\/v2\/media\/1000407911"}],"wp:attachment":[{"href":"https:\/\/grandepremio.com\/br\/wp-json\/wp\/v2\/media?parent=127685"}],"wp:term":[{"taxonomy":"category","embeddable":true,"href":"https:\/\/grandepremio.com\/br\/wp-json\/wp\/v2\/categories?post=127685"},{"taxonomy":"post_tag","embeddable":true,"href":"https:\/\/grandepremio.com\/br\/wp-json\/wp\/v2\/tags?post=127685"},{"taxonomy":"42wp_author","embeddable":true,"href":"https:\/\/grandepremio.com\/br\/wp-json\/wp\/v2\/42wp_author?post=127685"}],"curies":[{"name":"wp","href":"https:\/\/api.w.org\/{rel}","templated":true}]}}