{"id":127703,"date":"2020-08-25T13:00:03","date_gmt":"2020-08-25T16:00:03","guid":{"rendered":"https:\/\/grandepremio.com\/br\/noticias\/motogp-sem-marc-marquez-ve-campeonato-maluco-e-de-prognostico-impossivel\/"},"modified":"2020-08-25T12:38:30","modified_gmt":"2020-08-25T15:38:30","slug":"motogp-sem-marc-marquez-ve-campeonato-maluco-e-de-prognostico-impossivel","status":"publish","type":"post","link":"https:\/\/grandepremio.com\/br\/motogp\/motogp-sem-marc-marquez-ve-campeonato-maluco-e-de-prognostico-impossivel\/","title":{"rendered":"MotoGP sem Marc M\u00e1rquez v\u00ea campeonato maluco e de progn\u00f3stico imposs\u00edvel"},"content":{"rendered":"\n<p class=\"wp-block-paragraph\">O Paddock GP #211 falou sobre a disputa do t\u00edtulo da MotoGP. Sem Marc M\u00e1rquez, o campeonato \u00e9 maluco e de progn\u00f3stico dif\u00edcil para as pr\u00f3ximas etapas.<\/p>\n\n\n\n<p class=\"wp-block-paragraph\"><strong>Assista ao trecho completo abaixo:<\/strong><\/p>\n\n\n\n<figure class=\"wp-block-embed-youtube wp-block-embed is-type-video is-provider-youtube wp-embed-aspect-16-9 wp-has-aspect-ratio\"><div class=\"wp-block-embed__wrapper\">\n<iframe loading=\"lazy\" title=\"F1 na B\u00e9lgica, a Indy 500 de SATO e MIGUEL OLIVEIRA na MotoGP | Paddock GP #211\" width=\"500\" height=\"281\" src=\"https:\/\/www.youtube.com\/embed\/59gfgzFnHIg?feature=oembed\" frameborder=\"0\" allow=\"accelerometer; autoplay; clipboard-write; encrypted-media; gyroscope; picture-in-picture; web-share\" referrerpolicy=\"strict-origin-when-cross-origin\" allowfullscreen><\/iframe>\n<\/div><\/figure>\n\n\n","protected":false},"excerpt":{"rendered":"<p>Com Marc M\u00e1rquez ausente por les\u00e3o, a MotoGP encontra um campeonato de diferentes vencedores e de palpites cada vez mais dif\u00edceis<\/p>\n","protected":false},"author":0,"featured_media":1000400140,"comment_status":"closed","ping_status":"closed","sticky":false,"template":"","format":"standard","meta":{"42wp_featured_image_caption":"","42wp_featured_image_credits":"","42wp_featured_video":"","42wp_featured_image_hidden":false,"42wp_authors_list":[],"footnotes":""},"categories":[8],"tags":[24996,78,1537],"42wp_author":[47109],"class_list":["post-127703","post","type-post","status-publish","format-standard","has-post-thumbnail","hentry","category-motogp","tag-marc-marquez-2","tag-motogp","tag-paddock-gp","42wp_author-redacao-gp"],"_links":{"self":[{"href":"https:\/\/grandepremio.com\/br\/wp-json\/wp\/v2\/posts\/127703","targetHints":{"allow":["GET"]}}],"collection":[{"href":"https:\/\/grandepremio.com\/br\/wp-json\/wp\/v2\/posts"}],"about":[{"href":"https:\/\/grandepremio.com\/br\/wp-json\/wp\/v2\/types\/post"}],"replies":[{"embeddable":true,"href":"https:\/\/grandepremio.com\/br\/wp-json\/wp\/v2\/comments?post=127703"}],"version-history":[{"count":0,"href":"https:\/\/grandepremio.com\/br\/wp-json\/wp\/v2\/posts\/127703\/revisions"}],"wp:featuredmedia":[{"embeddable":true,"href":"https:\/\/grandepremio.com\/br\/wp-json\/wp\/v2\/media\/1000400140"}],"wp:attachment":[{"href":"https:\/\/grandepremio.com\/br\/wp-json\/wp\/v2\/media?parent=127703"}],"wp:term":[{"taxonomy":"category","embeddable":true,"href":"https:\/\/grandepremio.com\/br\/wp-json\/wp\/v2\/categories?post=127703"},{"taxonomy":"post_tag","embeddable":true,"href":"https:\/\/grandepremio.com\/br\/wp-json\/wp\/v2\/tags?post=127703"},{"taxonomy":"42wp_author","embeddable":true,"href":"https:\/\/grandepremio.com\/br\/wp-json\/wp\/v2\/42wp_author?post=127703"}],"curies":[{"name":"wp","href":"https:\/\/api.w.org\/{rel}","templated":true}]}}