{"id":127726,"date":"2020-08-24T10:21:22","date_gmt":"2020-08-24T13:21:22","guid":{"rendered":"https:\/\/grandepremio.com\/br\/noticias\/chefe-promete-fantastico-tsunoda-em-uma-alphatauri-mais-cedo-ou-mais-tarde\/"},"modified":"2020-08-24T10:22:45","modified_gmt":"2020-08-24T13:22:45","slug":"chefe-promete-fantastico-tsunoda-em-uma-alphatauri-mais-cedo-ou-mais-tarde","status":"publish","type":"post","link":"https:\/\/grandepremio.com\/br\/f1\/chefe-promete-fantastico-tsunoda-em-uma-alphatauri-mais-cedo-ou-mais-tarde\/","title":{"rendered":"Chefe promete \u201cfant\u00e1stico\u201d Tsunoda em uma AlphaTauri \u201cmais cedo ou mais tarde\u201d"},"content":{"rendered":"\n<p class=\"wp-block-paragraph\">Yuki Tsunoda, membro da academia de pilotos da Red Bull, est\u00e1 cada vez mais valorizado. O japon\u00eas, quarto colocado na temporada da F\u00f3rmula 2, j\u00e1 come\u00e7a at\u00e9 mesmo a ver as portas da F1 se abrindo: de acordo com Franz Tost, chefe da AlphaTauri, o piloto de 20 anos vai receber uma chance no carro italiano \u201ccedo ou tarde\u201d.<\/p>\n\n\n\n<p class=\"wp-block-paragraph\">Tsunoda j\u00e1 se credencia como o novo grande nome de uma Red Bull que sofre para encontrar novos talentos. A cereja no bolo \u00e9 que, al\u00e9m dos bons resultados e do v\u00ednculo com a marca de energ\u00e9ticos, Yuki tem tamb\u00e9m forte apoio da Honda para ajudar no lobby rumo \u00e0 F1.<\/p>\n\n\n\n<p class=\"wp-block-paragraph\">\u201cAcima de tudo, Red Bull e Honda apoiam o Tsunoda porque ele \u00e9 um piloto fant\u00e1stico\u201d, disse Tost, chefe da AlphaTauri. \u201c\u00c9 um piloto muito talentoso, muito habilidoso, e isso j\u00e1 ficou claro na F\u00f3rmula 3 ano passado. Na \u00c1ustria esse ano [na F2] eu me lembro que ele estava liderando na chuva, mas infelizmente entrou tarde demais nos boxes por algum problema no r\u00e1dio. Ele trocou os pneus tarde demais e terminou em segundo, mas a\u00ed chegamos em Silverstone e ele venceu\u201d, destacou.<\/p>\n\n\n\n<figure class=\"wp-block-image size-large\"><img decoding=\"async\" src=\"https:\/\/www.grandepremio.com\/br\/wp-content\/uploads\/2020\/07\/YukiTsunoda.jpg\" alt=\"Yuki Tsunoda\" class=\"wp-image-394646\"\/><figcaption>Yuki Tsunoda j\u00e1 chama aten\u00e7\u00e3o na F1 (Foto: F\u00f3rmula 2)<\/figcaption><\/figure>\n\n\n\n<p class=\"wp-block-paragraph\">\u201cEle est\u00e1 melhorando suas performances. Ele est\u00e1 cada vez mais experiente e, claro, cedo ou tarde o espero em um carro da AlphaTauri\u201d, seguiu.<\/p>\n\n\n\n<p class=\"wp-block-paragraph\">As declara\u00e7\u00f5es de Tost v\u00eam em um momento interessante. Daniil Kvyat ouviu cr\u00edticas do consultor Helmut Marko, insatisfeito com as performances na AlphaTauri.<\/p>\n\n\n\n<p class=\"wp-block-paragraph\">\u201cO Daniil n\u00e3o est\u00e1 andando como esper\u00e1vamos\u201d, disse Marko, questionado pelo jornal Salzburger Nachrichten. \u201cS\u00f3 que ainda nem chegamos ao fim da primeira metade [da temporada]. O Tsunoda na F2 e o Lawson na F3 est\u00e3o em posi\u00e7\u00f5es que garantem a superlicen\u00e7a, mas n\u00e3o estamos pensando em substituir o Kvyat\u201d, encerrou.<\/p>\n\n\n\n<p class=\"wp-block-paragraph\">Tanto F1 quanto F2 voltam \u00e0s pistas nesta semana ap\u00f3s alguns dias de folga. As categorias partem para Spa-Francorchamps.<\/p>\n","protected":false},"excerpt":{"rendered":"<p>Yuki Tsunoda, quarto colocado na F2, impressiona Franz Tost. O chefe da AlphaTauri j\u00e1 quer uma chance de analisar de perto o japon\u00eas, apoiado tanto pela Red Bull quanto pela Honda<\/p>\n","protected":false},"author":0,"featured_media":0,"comment_status":"closed","ping_status":"closed","sticky":false,"template":"","format":"standard","meta":{"42wp_featured_image_caption":"","42wp_featured_image_credits":"","42wp_featured_video":"","42wp_featured_image_hidden":false,"42wp_authors_list":[],"footnotes":""},"categories":[2],"tags":[524,781,112,24951,525,371,597],"42wp_author":[47109],"class_list":["post-127726","post","type-post","status-publish","format-standard","hentry","category-f1","tag-alphatauri","tag-daniil-kvyat","tag-f2-2020","tag-formula-2-2","tag-franz-tost","tag-teste","tag-yuki-tsunoda","42wp_author-redacao-gp"],"_links":{"self":[{"href":"https:\/\/grandepremio.com\/br\/wp-json\/wp\/v2\/posts\/127726","targetHints":{"allow":["GET"]}}],"collection":[{"href":"https:\/\/grandepremio.com\/br\/wp-json\/wp\/v2\/posts"}],"about":[{"href":"https:\/\/grandepremio.com\/br\/wp-json\/wp\/v2\/types\/post"}],"replies":[{"embeddable":true,"href":"https:\/\/grandepremio.com\/br\/wp-json\/wp\/v2\/comments?post=127726"}],"version-history":[{"count":0,"href":"https:\/\/grandepremio.com\/br\/wp-json\/wp\/v2\/posts\/127726\/revisions"}],"wp:attachment":[{"href":"https:\/\/grandepremio.com\/br\/wp-json\/wp\/v2\/media?parent=127726"}],"wp:term":[{"taxonomy":"category","embeddable":true,"href":"https:\/\/grandepremio.com\/br\/wp-json\/wp\/v2\/categories?post=127726"},{"taxonomy":"post_tag","embeddable":true,"href":"https:\/\/grandepremio.com\/br\/wp-json\/wp\/v2\/tags?post=127726"},{"taxonomy":"42wp_author","embeddable":true,"href":"https:\/\/grandepremio.com\/br\/wp-json\/wp\/v2\/42wp_author?post=127726"}],"curies":[{"name":"wp","href":"https:\/\/api.w.org\/{rel}","templated":true}]}}