{"id":127736,"date":"2020-08-24T06:11:37","date_gmt":"2020-08-24T09:11:37","guid":{"rendered":"https:\/\/grandepremio.com\/br\/noticias\/oliveira-diz-que-viu-potencial-para-vencer-na-motogp-ha-algumas-corridas\/"},"modified":"2020-08-24T06:11:40","modified_gmt":"2020-08-24T09:11:40","slug":"oliveira-diz-que-viu-potencial-para-vencer-na-motogp-ha-algumas-corridas","status":"publish","type":"post","link":"https:\/\/grandepremio.com\/br\/motogp\/oliveira-diz-que-viu-potencial-para-vencer-na-motogp-ha-algumas-corridas\/","title":{"rendered":"Oliveira diz que viu potencial para vencer na MotoGP \u201ch\u00e1 algumas corridas\u201d"},"content":{"rendered":"\n<figure class=\"wp-block-video\"><video class=\"video-js vjs-big-play-centered\" data-gp-vjs=\"1\" controls src=\"https:\/\/www.grandepremio.com\/br\/wp-content\/uploads\/2020\/08\/Oliveira_fim.mp4\"><\/video><\/figure>\n\n\n\n<p class=\"wp-block-paragraph\">Miguel Oliveira viveu um domingo (23) especial no Red Bull Ring. Aos 25 anos, o <a href=\"https:\/\/www.grandepremio.com\/br\/motogp\/noticias\/oliveira-da-bote-duplo-na-ultima-curva-e-vence-gp-da-estiria-marcado-por-acidente-de-vinales\/\">piloto se tornou o primeiro portugu\u00eas a vencer na MotoGP<\/a>, liderou o primeiro p\u00f3dio duplo da KTM e tamb\u00e9m deu \u00e0 Tech3 a primeira vit\u00f3ria na classe rainha. O resultado, por\u00e9m, n\u00e3o chega como surpresa, j\u00e1 que o companheiro de Iker Lecuona percebeu \u201ch\u00e1 algumas corridas\u201d que tinha potencial para chegar ao topo do p\u00f3dio.<\/p>\n\n\n\n<p class=\"wp-block-paragraph\">No GP da Est\u00edria, Miguel conseguiu a vit\u00f3ria com um bote duplo para cima Jack Miller e Pol Espargar\u00f3 apenas na \u00faltima curva do tra\u00e7ado austr\u00edaco. At\u00e9 ent\u00e3o, o piloto de Pragal tinha como melhor resultado um sexto lugar no GP da Tch\u00e9quia.<\/p>\n\n\n\n<figure class=\"wp-block-image size-large\"><img decoding=\"async\" src=\"https:\/\/www.grandepremio.com\/br\/wp-content\/uploads\/2020\/08\/SI202008230214_news-1024x694.jpg\" alt=\"\" class=\"wp-image-410295\"\/><figcaption>Oliveira comemora primeira vit\u00f3ria na MotoGP  (Foto: Red Bull Content Pool)<\/figcaption><\/figure>\n\n\n\n<p class=\"wp-block-paragraph\">Questionado sobre o que lhe passou pela cabe\u00e7a ap\u00f3s a bandeirada, Oliveira respondeu: \u201cEstava s\u00f3 gritando e com uma pura alegria por finalmente ter conseguido\u201d.<\/p>\n\n\n\n<p class=\"wp-block-paragraph\">\u201cVi isso chegando h\u00e1 algumas corridas. Senti que t\u00ednhamos o potencial para fazer isso, ent\u00e3o finalmente conseguir \u00e9 um impulso enorme para continuar assim\u201d, comentou.<\/p>\n\n\n\n<p class=\"wp-block-paragraph\"><a href=\"https:\/\/www.grandepremio.com\/br\/motogp\/noticias\/vinales-fica-sem-freio-se-joga-no-chao-e-ve-yamaha-bater-e-pegar-fogo-no-gp-da-estiria\/?fl=true&amp;utm_source=lance\">Quando a corrida foi paralisada por conta do acidente de Maverick Vi\u00f1ales<\/a>, Oliveira tinha a RC16 cal\u00e7ada com um par de pneus m\u00e9dios. Para as 12 voltas finais, por\u00e9m, o portugu\u00eas entrou na pista com um dianteiro duro.<\/p>\n\n\n\n<p class=\"wp-block-paragraph\">\u201cEstou feliz por termos tido uma segunda chance, porque eu pude mudar o pneu dianteiro\u201d, explicou. \u201cSa\u00ed com o m\u00e9dio dianteiro e n\u00e3o senti que era a escolha certa. Quando paramos, troquei para um duro e me senti imediatamente melhor. Isso me permitiu estar na frente e lutar pelo p\u00f3dio\u201d, seguiu.<\/p>\n\n\n\n<p class=\"wp-block-paragraph\">\u201cNas \u00faltimas voltas, estava s\u00f3 tirando vantagem da briga diante de mim. Sabia que aqui em Spielberg, nas \u00faltimas curvas, se um piloto est\u00e1 muito pr\u00f3ximo, ele vai arriscar. Conhecendo Jack e conhecendo Pol, sabia que eles iriam se complicar um pouco\u201d, falou. \u201cEnt\u00e3o disse: \u2018Ok, vou ficar aqui e trabalhar um pouco na sa\u00edda\u2019. Fiquei muito feliz quando cruzei a linha, muito emocionado\u201d, frisou.<\/p>\n\n\n\n<p class=\"wp-block-paragraph\">Dona de uma longa tradi\u00e7\u00e3o na MotoGP, a Tech3 ainda n\u00e3o tinha conseguido vencer, apesar de ter contado com pilotos como Andrea Dovizioso, Cal Crutchlow, Johann Zarco e Pol Espargar\u00f3 nos anos em que foi sat\u00e9lite da Yamaha. <\/p>\n\n\n\n<p class=\"wp-block-paragraph\">Perguntado sobre o significado de vencer com a escuderia francesa, Oliveira respondeu: \u201c\u00c9 \u00f3timo. Se olhar para o nome dos pilotos que j\u00e1 correram l\u00e1, \u00e9 bem especial. Nenhum deles foi capaz de vencer. Ent\u00e3o acho que ganhei um lugar especial no cora\u00e7\u00e3o de todos eles, mas ganhei um lugar especial no escrit\u00f3rio\u201d.<\/p>\n\n\n\n<h4 class=\"wp-block-heading\"><strong><a href=\"https:\/\/www.grandepremio.com\/br\/galeria\/motogp\/as-imagens-do-domingo-de-gp-da-estiria-da-motogp\/\">As imagens do GP da Est\u00edria de MotoGP deste domingo no Red Bull Ring<\/a><\/strong><\/h4>\n\n\n\n<figure class=\"wp-block-image size-large is-style-rounded\"><a href=\"https:\/\/www.grandepremio.com\/br\/galeria\/motogp\/as-imagens-do-domingo-de-gp-da-estiria-da-motogp\/?fl=true&amp;utm_source=lance\"><img decoding=\"async\" src=\"https:\/\/www.grandepremio.com\/br\/wp-content\/uploads\/2020\/08\/355256_Miguel-Oliveira_Pol-Espargaro_Team-Photo_KTM-RC16_MotoGP_Red-Bull-Ring-Spielberg-_AUT_2020-08-23-1-1024x682.jpg\" alt=\"\" class=\"wp-image-410520\"\/><\/a><figcaption>Miguel Oliveira e Pol Espargar\u00f3 conseguiram o primeiro p\u00f3dio duplo da KTM na MotoGP (Foto: KTM)<\/figcaption><\/figure>\n\n\n\n<figure class=\"wp-block-embed-dailymotion wp-block-embed is-type-video is-provider-dailymotion wp-embed-aspect-16-9 wp-has-aspect-ratio\"><div class=\"wp-block-embed__wrapper\">\n<iframe loading=\"lazy\" title=\"Ducati precisa aprender a VALORIZAR pilotos por T\u00cdTULO na MotoGP | GP \u00e0s 10\" frameborder=\"0\" width=\"500\" height=\"281\" src=\"https:\/\/geo.dailymotion.com\/player.html?video=x7vnerb&#038;\" allowfullscreen allow=\"autoplay; fullscreen; picture-in-picture; web-share\"><\/iframe>\n<\/div><\/figure>\n\n\n","protected":false},"excerpt":{"rendered":"<p>Portugu\u00eas conseguiu no GP da Est\u00edria a primeira vit\u00f3ria na classe rainha. O piloto avaliou que a troca de pneu dianteiro na paralisa\u00e7\u00e3o em bandeira vermelha foi chave no Red Bull Ring<\/p>\n","protected":false},"author":0,"featured_media":1000410293,"comment_status":"closed","ping_status":"closed","sticky":false,"template":"","format":"standard","meta":{"42wp_featured_image_caption":"","42wp_featured_image_credits":"","42wp_featured_video":"","42wp_featured_image_hidden":false,"42wp_authors_list":[],"footnotes":""},"categories":[8],"tags":[25063,132,79,174,78,173,25821,25819,847,1763,4613,138],"42wp_author":[47113],"class_list":["post-127736","post","type-post","status-publish","format-standard","has-post-thumbnail","hentry","category-motogp","tag-estiria","tag-ktm","tag-moto-gp","tag-moto-gp-2020","tag-motogp","tag-motogp-2020","tag-motogp-2020-transmissao-brasil","tag-motogp-hoje","tag-mundial-de-motovelocidade","tag-red-bull-ring","tag-spielberg","tag-tech3","42wp_author-juliana-tesser"],"_links":{"self":[{"href":"https:\/\/grandepremio.com\/br\/wp-json\/wp\/v2\/posts\/127736","targetHints":{"allow":["GET"]}}],"collection":[{"href":"https:\/\/grandepremio.com\/br\/wp-json\/wp\/v2\/posts"}],"about":[{"href":"https:\/\/grandepremio.com\/br\/wp-json\/wp\/v2\/types\/post"}],"replies":[{"embeddable":true,"href":"https:\/\/grandepremio.com\/br\/wp-json\/wp\/v2\/comments?post=127736"}],"version-history":[{"count":0,"href":"https:\/\/grandepremio.com\/br\/wp-json\/wp\/v2\/posts\/127736\/revisions"}],"wp:featuredmedia":[{"embeddable":true,"href":"https:\/\/grandepremio.com\/br\/wp-json\/wp\/v2\/media\/1000410293"}],"wp:attachment":[{"href":"https:\/\/grandepremio.com\/br\/wp-json\/wp\/v2\/media?parent=127736"}],"wp:term":[{"taxonomy":"category","embeddable":true,"href":"https:\/\/grandepremio.com\/br\/wp-json\/wp\/v2\/categories?post=127736"},{"taxonomy":"post_tag","embeddable":true,"href":"https:\/\/grandepremio.com\/br\/wp-json\/wp\/v2\/tags?post=127736"},{"taxonomy":"42wp_author","embeddable":true,"href":"https:\/\/grandepremio.com\/br\/wp-json\/wp\/v2\/42wp_author?post=127736"}],"curies":[{"name":"wp","href":"https:\/\/api.w.org\/{rel}","templated":true}]}}