{"id":127764,"date":"2020-08-23T12:38:09","date_gmt":"2020-08-23T15:38:09","guid":{"rendered":"https:\/\/grandepremio.com\/br\/noticias\/auer-triunfa-em-disputa-com-glock-e-parte-para-vitoria-no-dtm-em-lausitzring\/"},"modified":"2020-08-23T12:38:18","modified_gmt":"2020-08-23T15:38:18","slug":"auer-triunfa-em-disputa-com-glock-e-parte-para-vitoria-no-dtm-em-lausitzring","status":"publish","type":"post","link":"https:\/\/grandepremio.com\/br\/dtm\/auer-triunfa-em-disputa-com-glock-e-parte-para-vitoria-no-dtm-em-lausitzring\/","title":{"rendered":"Auer triunfa em disputa com Glock e parte para vit\u00f3ria no DTM em Lausitzring"},"content":{"rendered":"\n<p class=\"wp-block-paragraph\">Lucas Auer e Timo Glock n\u00e3o largaram neste domingo (23) como potenciais vencedores na corrida 2 do DTM em Lausitzring, mas usaram a estrat\u00e9gia para ganhar terreno e aparecer em primeiro e segundo. Naquela que se tornou uma disputa acirrada, com v\u00e1rios trocos de um no outro, foi Auer quem saiu por cima e garantiu o triunfo.<\/p>\n\n\n\n<p class=\"wp-block-paragraph\">Auer e Glock ganharam terreno ao adiantar seus pit-stops obrigat\u00f3rios, com o ex-F1 aparecendo como l\u00edder. Os dois precisavam brigar, mas preferencialmente sem perder muito tempo: Ren\u00e9 Rast e Robin Frijns, que largaram nas primeiras posi\u00e7\u00f5es, vinham com pneus melhor conservados e se aproximavam rapidamente.<\/p>\n\n\n\n<p class=\"wp-block-paragraph\">Auer eventualmente confirmou a lideran\u00e7a, cruzando a linha de chegada apenas 1s2 \u00e0 frente de Glock. Frijns, com uma ultrapassagem arrojada sobre Rast, acabou em terceiro. O top-5 teve ainda Jamie Green, superado na pen\u00faltima curva e Nico M\u00fcller.<\/p>\n\n\n\n<figure class=\"wp-block-image size-large\"><img decoding=\"async\" src=\"https:\/\/www.grandepremio.com\/br\/wp-content\/uploads\/2020\/08\/DTM-1598188313-1024x682.jpg\" alt=\"\" class=\"wp-image-410331\"\/><figcaption>Lucas Auer j\u00e1 acumula cinco vit\u00f3rias no DTM (Foto: DTM)<\/figcaption><\/figure>\n\n\n\n<p class=\"wp-block-paragraph\">Robert Kubica, em temporada de estreia no DTM, segue com dificuldades. O polon\u00eas voltou a terminar em \u00faltimo, repetindo a primeira corrida da rodada dupla em Lausitzring. O polon\u00eas e Fabio Scherer s\u00e3o os \u00fanicos ainda sem pontos ap\u00f3s seis corridas.<\/p>\n\n\n\n<p class=\"wp-block-paragraph\">O resultado mant\u00e9m M\u00fcller na lideran\u00e7a, mesmo terminando pela primeira vez uma corrida fora do p\u00f3dio. O su\u00ed\u00e7o chega aos 133 pontos, com vantagem at\u00e9 maior sobre Rast, com 97.<\/p>\n\n\n\n<p class=\"wp-block-paragraph\">A categoria toma agora uns dias de folga. A pr\u00f3xima etapa \u00e9 dentro de duas semanas, na rodada dupla de Assen nos dias 5 e 6 de setembro.<\/p>\n","protected":false},"excerpt":{"rendered":"<p>Lucas Auer combinou uma boa estrat\u00e9gia com manobras certeiras contra Timo Glock para vencer. Robin Frijns completou o p\u00f3dio, enquanto Robert Kubica voltou a ser 16\u00b0 e \u00faltimo<\/p>\n","protected":false},"author":0,"featured_media":1000410332,"comment_status":"closed","ping_status":"closed","sticky":false,"template":"","format":"standard","meta":{"42wp_featured_image_caption":"","42wp_featured_image_credits":"","42wp_featured_video":"","42wp_featured_image_hidden":false,"42wp_authors_list":[],"footnotes":""},"categories":[13],"tags":[970,707,412,3934,1550,25001,1593,2458],"42wp_author":[47109],"class_list":["post-127764","post","type-post","status-publish","format-standard","has-post-thumbnail","hentry","category-dtm","tag-audi","tag-bmw","tag-dtm","tag-lausitzring","tag-lucas-auer","tag-rene-rast-2","tag-robin-frijns","tag-timo-glock","42wp_author-redacao-gp"],"_links":{"self":[{"href":"https:\/\/grandepremio.com\/br\/wp-json\/wp\/v2\/posts\/127764","targetHints":{"allow":["GET"]}}],"collection":[{"href":"https:\/\/grandepremio.com\/br\/wp-json\/wp\/v2\/posts"}],"about":[{"href":"https:\/\/grandepremio.com\/br\/wp-json\/wp\/v2\/types\/post"}],"replies":[{"embeddable":true,"href":"https:\/\/grandepremio.com\/br\/wp-json\/wp\/v2\/comments?post=127764"}],"version-history":[{"count":0,"href":"https:\/\/grandepremio.com\/br\/wp-json\/wp\/v2\/posts\/127764\/revisions"}],"wp:featuredmedia":[{"embeddable":true,"href":"https:\/\/grandepremio.com\/br\/wp-json\/wp\/v2\/media\/1000410332"}],"wp:attachment":[{"href":"https:\/\/grandepremio.com\/br\/wp-json\/wp\/v2\/media?parent=127764"}],"wp:term":[{"taxonomy":"category","embeddable":true,"href":"https:\/\/grandepremio.com\/br\/wp-json\/wp\/v2\/categories?post=127764"},{"taxonomy":"post_tag","embeddable":true,"href":"https:\/\/grandepremio.com\/br\/wp-json\/wp\/v2\/tags?post=127764"},{"taxonomy":"42wp_author","embeddable":true,"href":"https:\/\/grandepremio.com\/br\/wp-json\/wp\/v2\/42wp_author?post=127764"}],"curies":[{"name":"wp","href":"https:\/\/api.w.org\/{rel}","templated":true}]}}