{"id":127765,"date":"2020-08-23T12:10:57","date_gmt":"2020-08-23T15:10:57","guid":{"rendered":"https:\/\/grandepremio.com\/br\/noticias\/marc-marquez-fala-em-temporada-perdida-e-admite-erro-em-tentar-antecipar-volta\/"},"modified":"2020-08-23T12:11:01","modified_gmt":"2020-08-23T15:11:01","slug":"marc-marquez-fala-em-temporada-perdida-e-admite-erro-em-tentar-antecipar-volta","status":"publish","type":"post","link":"https:\/\/grandepremio.com\/br\/motogp\/marc-marquez-fala-em-temporada-perdida-e-admite-erro-em-tentar-antecipar-volta\/","title":{"rendered":"Marc M\u00e1rquez fala em \u201ctemporada perdida\u201d e admite erro em tentar antecipar volta"},"content":{"rendered":"\n<p class=\"wp-block-paragraph\">Marc M\u00e1rquez deu a primeira entrevista ap\u00f3s passar por uma segunda cirurgia no \u00famero do bra\u00e7o direito. O espanhol de Cervera reconheceu que n\u00e3o \u00e9 seu melhor momento, mas falou em ter paci\u00eancia, j\u00e1 que \u201ca temporada est\u00e1 perdida\u201d.<\/p>\n\n\n\n<p class=\"wp-block-paragraph\">O piloto da Honda <a href=\"https:\/\/www.grandepremio.com\/br\/motogp\/noticias\/marc-marquez-fratura-braco-direito-apos-forte-acidente-durante-gp-da-espanha\/\">quebrou o bra\u00e7o ainda no primeiro GP desta temporada 2020<\/a>. Operado na Espanha, <a href=\"https:\/\/www.grandepremio.com\/br\/motogp\/noticias\/flexoes-no-hospital-e-teste-fisico-exigente-como-marc-marquez-tentou-correr-em-jerez\/\">Marc tentou voltar para a RC213V apenas quatro dias depois<\/a>, mas n\u00e3o resistiu \u00e0s dores e abandonou o GP da Andaluzia. O hexacampe\u00e3o da MotoGP, por\u00e9m, seguiu treinando e era esperado no GP da Tch\u00e9quia, mas dias antes da corrida, a <a href=\"https:\/\/www.grandepremio.com\/br\/motogp\/noticias\/marc-marquez-passa-por-nova-cirurgia-no-braco-direito-e-vira-duvida-para-gp-da-tchequia\/\">f\u00e1brica da asa dourada anunciou uma segunda cirurgia ap\u00f3s Marc danificar a placa<\/a> em um <a href=\"https:\/\/www.grandepremio.com\/br\/motogp\/noticias\/honda-revela-como-marc-marquez-quebrou-placa-de-titanio-no-braco-tentando-abrir-janela\/\">incidente dom\u00e9stico<\/a>.<\/p>\n\n\n\n<figure class=\"wp-block-image size-large\"><img decoding=\"async\" src=\"https:\/\/www.grandepremio.com\/br\/wp-content\/uploads\/2020\/07\/MarcTer\u00e7a-1024x576.jpg\" alt=\"\" class=\"wp-image-400540\"\/><figcaption>Marc M\u00e1rquez come\u00e7ou a fazer flex\u00f5es ainda no hospital ap\u00f3s a cirurgia (Foto: Repodu\u00e7\u00e3o)<\/figcaption><\/figure>\n\n\n\n<p class=\"wp-block-paragraph\">Inicialmente, esperava-se que o piloto voltasse em setembro, nas corridas de Misano, mas a Honda anunciou no s\u00e1bado (23) que a recupera\u00e7\u00e3o ainda vai levar \u201cmais dois ou tr\u00eas meses\u201d.<\/p>\n\n\n\n<p class=\"wp-block-paragraph\">Neste domingo, o irm\u00e3o de \u00c1lex deu a primeira entrevista ap\u00f3s a segunda cirurgia e reconheceu que \u00e9 dif\u00edcil ficar assistindo as corridas do sof\u00e1 de casa.<\/p>\n\n\n\n<p class=\"wp-block-paragraph\">\u201cLogicamente, n\u00e3o \u00e9 dos melhores momentos em termos de \u00e2nimo. A gente gosta de estar na pista\u201d, disse M\u00e1rquez em entrevista ao servi\u00e7o de streaming espanhol DAZN. \u201c\u00c9 estranho, ainda mais depois de oito anos na MotoGP sem perder uma corrida. \u00c9 preciso ter paci\u00eancia, respeitar o corpo\u201d, ponderou.<\/p>\n\n\n\n<p class=\"wp-block-paragraph\"><a href=\"https:\/\/www.grandepremio.com\/br\/motogp\/noticias\/agente-evita-apontar-culpados-mas-insiste-que-marc-marquez-seguiu-conselhos-medicos\/\">Assim como o agente Emilio Alzamora fez mais cedo em entrevista \u00e0 TV italiana<\/a>, Marc frisou que seguiu as recomenda\u00e7\u00f5es m\u00e9dicas que recebeu ap\u00f3s a primeira interven\u00e7\u00e3o cir\u00fargica.<\/p>\n\n\n\n<p class=\"wp-block-paragraph\">\u201cNa primeira opera\u00e7\u00e3o, n\u00f3s seguimos as recomenda\u00e7\u00f5es dos m\u00e9dicos, que disseram que eu poderia subir na moto. Nem eles mesmos esperavam que a placa fosse romper. Mas assim foi\u201d, comentou. \u201cEu sigo confiando neles. Na segunda opera\u00e7\u00e3o, est\u00e3o mais cautelosos. Uma vez que a temporada est\u00e1 perdida, \u00e9 recuperar e voltar mais forte\u201d, falou.<\/p>\n\n\n\n<p class=\"wp-block-paragraph\">Questionado sobre a tentativa de correr no GP da Andaluzia, M\u00e1rquez respondeu: \u201cTe dou um exemplo: se te operam a perna e o m\u00e9dico diz que voc\u00ea pode caminhar sem muletas, o que voc\u00ea faz?\u201d.<\/p>\n\n\n\n<p class=\"wp-block-paragraph\">\u201cTinha o mesmo risco em Jerez, Brno ou \u00c1ustria. O osso estaria igualmente fr\u00e1gil. A placa n\u00e3o aguentou o que os m\u00e9dicos esperavam. Foi um erro, sim, mas agora \u00e9 f\u00e1cil falar\u201d, considerou. \u201cConfiei totalmente nos m\u00e9dicos. Tive mil opera\u00e7\u00f5es e uma sai mal. Como saiu mal a corrida de Jerez. Vou seguir as orienta\u00e7\u00f5es deles, como sempre fa\u00e7o\u201d, concluiu.<\/p>\n\n\n\n<figure class=\"wp-block-embed-dailymotion wp-block-embed is-type-video is-provider-dailymotion wp-embed-aspect-16-9 wp-has-aspect-ratio\"><div class=\"wp-block-embed__wrapper\">\n<iframe loading=\"lazy\" title=\"Ducati precisa aprender a VALORIZAR pilotos por T\u00cdTULO na MotoGP | GP \u00e0s 10\" frameborder=\"0\" width=\"500\" height=\"281\" src=\"https:\/\/geo.dailymotion.com\/player.html?video=x7vnerb&#038;\" allowfullscreen allow=\"autoplay; fullscreen; picture-in-picture; web-share\"><\/iframe>\n<\/div><\/figure>\n\n\n","protected":false},"excerpt":{"rendered":"<p>O hexacampe\u00e3o da MotoGP insistiu que os m\u00e9dicos n\u00e3o esperavam que a placa de tit\u00e2nio colocada para estabilizar a fratura no bra\u00e7o direito pudesse ser danificada pelo esfor\u00e7o<\/p>\n","protected":false},"author":0,"featured_media":1000400141,"comment_status":"closed","ping_status":"closed","sticky":false,"template":"","format":"standard","meta":{"42wp_featured_image_caption":"","42wp_featured_image_credits":"","42wp_featured_video":"","42wp_featured_image_hidden":false,"42wp_authors_list":[],"footnotes":""},"categories":[8],"tags":[25063,130,24996,79,174,78,173,25821,25819,847,1763,4613],"42wp_author":[47113],"class_list":["post-127765","post","type-post","status-publish","format-standard","has-post-thumbnail","hentry","category-motogp","tag-estiria","tag-honda","tag-marc-marquez-2","tag-moto-gp","tag-moto-gp-2020","tag-motogp","tag-motogp-2020","tag-motogp-2020-transmissao-brasil","tag-motogp-hoje","tag-mundial-de-motovelocidade","tag-red-bull-ring","tag-spielberg","42wp_author-juliana-tesser"],"_links":{"self":[{"href":"https:\/\/grandepremio.com\/br\/wp-json\/wp\/v2\/posts\/127765","targetHints":{"allow":["GET"]}}],"collection":[{"href":"https:\/\/grandepremio.com\/br\/wp-json\/wp\/v2\/posts"}],"about":[{"href":"https:\/\/grandepremio.com\/br\/wp-json\/wp\/v2\/types\/post"}],"replies":[{"embeddable":true,"href":"https:\/\/grandepremio.com\/br\/wp-json\/wp\/v2\/comments?post=127765"}],"version-history":[{"count":0,"href":"https:\/\/grandepremio.com\/br\/wp-json\/wp\/v2\/posts\/127765\/revisions"}],"wp:featuredmedia":[{"embeddable":true,"href":"https:\/\/grandepremio.com\/br\/wp-json\/wp\/v2\/media\/1000400141"}],"wp:attachment":[{"href":"https:\/\/grandepremio.com\/br\/wp-json\/wp\/v2\/media?parent=127765"}],"wp:term":[{"taxonomy":"category","embeddable":true,"href":"https:\/\/grandepremio.com\/br\/wp-json\/wp\/v2\/categories?post=127765"},{"taxonomy":"post_tag","embeddable":true,"href":"https:\/\/grandepremio.com\/br\/wp-json\/wp\/v2\/tags?post=127765"},{"taxonomy":"42wp_author","embeddable":true,"href":"https:\/\/grandepremio.com\/br\/wp-json\/wp\/v2\/42wp_author?post=127765"}],"curies":[{"name":"wp","href":"https:\/\/api.w.org\/{rel}","templated":true}]}}