{"id":127770,"date":"2020-08-23T10:58:28","date_gmt":"2020-08-23T13:58:28","guid":{"rendered":"https:\/\/grandepremio.com\/br\/noticias\/com-quatro-vencedores-em-cinco-corridas-motogp-tem-inicio-mais-equilibrado-desde-2008\/"},"modified":"2020-08-23T11:25:49","modified_gmt":"2020-08-23T14:25:49","slug":"com-quatro-vencedores-em-cinco-corridas-motogp-tem-inicio-mais-equilibrado-desde-2008","status":"publish","type":"post","link":"https:\/\/grandepremio.com\/br\/motogp\/com-quatro-vencedores-em-cinco-corridas-motogp-tem-inicio-mais-equilibrado-desde-2008\/","title":{"rendered":"Com quatro vencedores em cinco GPs, MotoGP tem in\u00edcio mais equilibrado desde 2008"},"content":{"rendered":"\n<p class=\"wp-block-paragraph\"><a href=\"https:\/\/www.grandepremio.com\/br\/motogp\/noticias\/oliveira-da-bote-duplo-na-ultima-curva-e-vence-gp-da-estiria-marcado-por-acidente-de-vinales\/?fl=true&amp;utm_source=lance\">Miguel Oliveira venceu o GP da Est\u00edria da MotoGP<\/a>. Neste domingo (23), o portugu\u00eas tratou de crescer na parte final da disputa e fez ultrapassagem dupla em cima de Jack Miller e Pol Espargar\u00f3 na \u00faltima curva, para triunfar na \u00c1ustria.<\/p>\n\n\n\n<p class=\"wp-block-paragraph\">Com a conquista, o piloto n\u00e3o s\u00f3 ganhou pela primeira vez na classe rainha do Mundial de Motovelocidade, como tamb\u00e9m trouxe o primeiro sucesso de Portugal na principal classe, al\u00e9m de ter sido a vit\u00f3ria inaugural da Tech3.<\/p>\n\n\n\n<p class=\"wp-block-paragraph\">Com a exibi\u00e7\u00e3o em Spielberg, Oliveira tornou-se o quarto vencedor em cinco corridas da temporada da MotoGP. Feito esse que n\u00e3o acontecia desde 2008, quando Sergio Gadea, Simone Corsi, Andrea Iannone e Mike di Meglio subiram ao degrau mais alto do p\u00f3dio.<\/p>\n\n\n\n<figure class=\"wp-block-image size-large\"><img decoding=\"async\" src=\"https:\/\/www.grandepremio.com\/br\/wp-content\/uploads\/2020\/08\/000_1WO838-1024x682.jpg\" alt=\"\" class=\"wp-image-410204\"\/><figcaption>Miguel Oliveira ganha GP da Est\u00edria e garante primeira de Portugal na MotoGP (Foto: AFP)<\/figcaption><\/figure>\n\n\n\n<p class=\"wp-block-paragraph\">No campeonato corrente, Fabio Quartararo foi o piloto que abriu o calend\u00e1rio com vit\u00f3ria. O franc\u00eas da SRT emendou dois triunfos em Jerez de la Frontera, no GP da Espanha e GP da Andaluzia. O franc\u00eas tamb\u00e9m alcan\u00e7ou marcas not\u00e1veis: sua primeira na MotoGP, a da equipe e a primeira vez que um piloto do pa\u00eds conquistou duas provas na classe rainha.<\/p>\n\n\n\n<p class=\"wp-block-paragraph\">Na terceira etapa do ano, foi a vez da estrela de Brad Binder brilhar. Apenas em sua terceira prova na maior das classes, o sul-africano n\u00e3o s\u00f3 ganhou pela primeira vez como tamb\u00e9m <a href=\"https:\/\/www.grandepremio.com\/br\/motogp\/noticias\/binder-faz-historia-e-garante-primeira-vitoria-da-africa-do-sul-na-motogp\/\">garantiu a primeira para a \u00c1frica do Sul.<\/a><\/p>\n\n\n\n<p class=\"wp-block-paragraph\">Andrea Dovizioso venceu a primeira da rodada dupla no Red Bull Ring, no GP da \u00c1ustria, um dia ap\u00f3s anunciar o div\u00f3rcio com a Ducati para 2021, com Oliveira brilhando no GP da Est\u00edria do domingo.<\/p>\n\n\n\n<p class=\"wp-block-paragraph\">A corrida em Spielberg tamb\u00e9m foi marcada por um impressionante acidente envolvendo Maverick Vi\u00f1ales. O espanhol ficou sem freio na 16\u00aa volta, se jogou no asfalto e viu sua moto acertar a barreira de prote\u00e7\u00e3o antes de pegar fogo. O piloto nada sofreu e a disputa foi interrompida com bandeira vermelha.<\/p>\n\n\n","protected":false},"excerpt":{"rendered":"<p>Miguel Oliveira tamb\u00e9m trouxe o primeiro triunfo da Tech3 e a de Portugal na classe rainha do Mundial de Motovelocidade<\/p>\n","protected":false},"author":0,"featured_media":1000410203,"comment_status":"closed","ping_status":"closed","sticky":false,"template":"","format":"standard","meta":{"42wp_featured_image_caption":"","42wp_featured_image_credits":"","42wp_featured_video":"","42wp_featured_image_hidden":false,"42wp_authors_list":[],"footnotes":""},"categories":[8],"tags":[143,133,151,142,131,25063,110,130,144,132,24996,25020,149,79,174,78,173,25821,25819,847,1763,4613,134,138,80,172],"42wp_author":[47123],"class_list":["post-127770","post","type-post","status-publish","format-standard","has-post-thumbnail","hentry","category-motogp","tag-andrea-dovizioso","tag-aprilia","tag-brad-binder","tag-danilo-petrucci","tag-ducati","tag-estiria","tag-fabio-quartararo","tag-honda","tag-johann-zarco","tag-ktm","tag-marc-marquez-2","tag-maverick-vinales-2","tag-miguel-oliveira","tag-moto-gp","tag-moto-gp-2020","tag-motogp","tag-motogp-2020","tag-motogp-2020-transmissao-brasil","tag-motogp-hoje","tag-mundial-de-motovelocidade","tag-red-bull-ring","tag-spielberg","tag-suzuki","tag-tech3","tag-valentino-rossi","tag-yamaha","42wp_author-nathalia-de-vivo"],"_links":{"self":[{"href":"https:\/\/grandepremio.com\/br\/wp-json\/wp\/v2\/posts\/127770","targetHints":{"allow":["GET"]}}],"collection":[{"href":"https:\/\/grandepremio.com\/br\/wp-json\/wp\/v2\/posts"}],"about":[{"href":"https:\/\/grandepremio.com\/br\/wp-json\/wp\/v2\/types\/post"}],"replies":[{"embeddable":true,"href":"https:\/\/grandepremio.com\/br\/wp-json\/wp\/v2\/comments?post=127770"}],"version-history":[{"count":0,"href":"https:\/\/grandepremio.com\/br\/wp-json\/wp\/v2\/posts\/127770\/revisions"}],"wp:featuredmedia":[{"embeddable":true,"href":"https:\/\/grandepremio.com\/br\/wp-json\/wp\/v2\/media\/1000410203"}],"wp:attachment":[{"href":"https:\/\/grandepremio.com\/br\/wp-json\/wp\/v2\/media?parent=127770"}],"wp:term":[{"taxonomy":"category","embeddable":true,"href":"https:\/\/grandepremio.com\/br\/wp-json\/wp\/v2\/categories?post=127770"},{"taxonomy":"post_tag","embeddable":true,"href":"https:\/\/grandepremio.com\/br\/wp-json\/wp\/v2\/tags?post=127770"},{"taxonomy":"42wp_author","embeddable":true,"href":"https:\/\/grandepremio.com\/br\/wp-json\/wp\/v2\/42wp_author?post=127770"}],"curies":[{"name":"wp","href":"https:\/\/api.w.org\/{rel}","templated":true}]}}