{"id":127776,"date":"2020-08-23T08:06:35","date_gmt":"2020-08-23T11:06:35","guid":{"rendered":"https:\/\/grandepremio.com\/br\/noticias\/martin-e-punido-e-bezzecchi-herda-vitoria-no-gp-da-estiria-de-moto2-marini-e-7o\/"},"modified":"2020-08-23T09:23:51","modified_gmt":"2020-08-23T12:23:51","slug":"martin-e-punido-e-bezzecchi-herda-vitoria-no-gp-da-estiria-de-moto2-marini-e-7o","status":"publish","type":"post","link":"https:\/\/grandepremio.com\/br\/motogp\/martin-e-punido-e-bezzecchi-herda-vitoria-no-gp-da-estiria-de-moto2-marini-e-7o\/","title":{"rendered":"Mart\u00edn \u00e9 punido e Bezzecchi herda vit\u00f3ria no GP da Est\u00edria de Moto2. Marini \u00e9 7\u00ba"},"content":{"rendered":"\n<p class=\"wp-block-paragraph\">Jorge Mart\u00edn ganhou, mas n\u00e3o levou neste domingo (23). O espanhol da Ajo recebeu a bandeirada na frente no GP da Est\u00edria, mas acabou punido por extrapolar os limites da pista e, assim, Marco Bezzecchi herdou a vit\u00f3ria no Red Bull Ring.<\/p>\n\n\n\n<p class=\"wp-block-paragraph\">Vencedor do GP da \u00c1ustria da semana passada, Mart\u00edn assumiu o comando ainda nos primeiros metros e tratou de escapar na ponta para n\u00e3o dar chances \u00e0 concorr\u00eancia. Na segunda metade da corrida, por\u00e9m, Bezzecchi passou Remy Gardner e come\u00e7ou a cortar a vantagem do espanhol da Ajo.<\/p>\n\n\n\n<figure class=\"wp-block-image size-large\"><img decoding=\"async\" src=\"https:\/\/www.grandepremio.com\/br\/wp-content\/uploads\/2020\/08\/EgGcOF7WsAMbUTi-1024x576.jpg\" alt=\"\" class=\"wp-image-410105\"\/><figcaption>Mart\u00edn recebeu puni\u00e7\u00e3o ap\u00f3s a bandeirada (Foto: Reprodu\u00e7\u00e3o)<\/figcaption><\/figure>\n\n\n\n<p class=\"wp-block-paragraph\">A margem que era de mais de 1s4 caiu rapidamente e, com dois giros para o fim, Mart\u00edn tinha s\u00f3 0s3 de frente. No \u00faltimo giro, Marco chegou de vez, mas Jorge soube conduzir a Kalex para receber a bandeirada com 0s060. J\u00e1 no parque fechado, por\u00e9m, o piloto da moto #88 soube que tinha sido punido com uma posi\u00e7\u00e3o por exceder os limites da pista e, assim, Bezzecchi levou o triunfo.<\/p>\n\n\n\n<p class=\"wp-block-paragraph\">Gardner acabou em terceiro, com Tom L\u00fcthi em um distante quito lugar. Igualmente isolado, Xavi Vierge ficou em sexto. L\u00edder do campeonato, Luca Marini teve uma corrida para l\u00e1 de discreta e ficou apenas em s\u00e9timo, 8s6 atr\u00e1s do companheiro de VR46.<\/p>\n\n\n\n<p class=\"wp-block-paragraph\">Jake Dixon acabou a corrida no oitavo posto, com H\u00e9ctor Garz\u00f3 em nono. Enea Bastianini fechando a lista dos dez melhores colocados no Red Bull Ring.<\/p>\n\n\n\n<p class=\"wp-block-paragraph\">Mesmo com uma atua\u00e7\u00e3o apagada, Marini manteve a lideran\u00e7a do campeonato, agora com 87 pontos, oito a mais que Bastianini. Mart\u00edn \u00e9 o terceiro na classifica\u00e7\u00e3o, seguido por Nagashima e Bezzecchi. A Kalex lidera o Mundial de Construtores com 150 pontos, 102 \u00e0 frente da Speed Up. A VR46 comanda o Mundial de Equipes, cinco tentos \u00e0 frente da Ajo.<\/p>\n\n\n\n<h4 class=\"wp-block-heading\"><strong>Saiba como foi o GP da Est\u00edria de Moto2:<\/strong><\/h4>\n\n\n\n<p class=\"wp-block-paragraph\">Em um domingo de c\u00e9u bastante nublado em Spielberg, a Moto2 encarou um dia de condi\u00e7\u00f5es diferentes do restante do fim de semana. \u00c0s v\u00e9speras da largada, os term\u00f4metros marcavam 22\u00b0C, com o asfalto chegando a 37\u00b0C. A velocidade do vento era de 5 km\/h.<\/p>\n\n\n\n<p class=\"wp-block-paragraph\">Pela primeira vez, Ar\u00f3n Canet tinha a pole-position na Moto2, o primeiro novato a faz\u00ea-lo desde Fabio Di Giannantonio no ano passado. \u00c9, ainda, a primeira pole n\u00e3o-Kalex desde Val\u00eancia no ano passado, quando a Speed Up tamb\u00e9m saiu na frente.<\/p>\n\n\n\n<p class=\"wp-block-paragraph\">Vencedor do GP da \u00c1ustria da semana passada, Jorge Mart\u00edn tinha o segundo posto, \u00e0 frente de Tetsuta Nagashima, Augusto Fern\u00e1ndez, Marco Bezzecchi e Remy Gardner. L\u00edder do campeonato, Luca Marini ficou apenas com o 12\u00ba posto, seu pior grid desde que largou tamb\u00e9m em 12\u00ba em Misano no ano passado.<\/p>\n\n\n\n<figure class=\"wp-block-embed-twitter wp-block-embed is-type-rich is-provider-twitter\"><div class=\"wp-block-embed__wrapper\">\n<blockquote class=\"twitter-tweet\" data-width=\"500\" data-dnt=\"true\"><p lang=\"en\" dir=\"ltr\">The revs build! And they&#39;re off! \ud83d\udca8<a href=\"https:\/\/x.com\/88jorgemartin?ref_src=twsrc%5Etfw\">@88jorgemartin<\/a> outdoes them all on the run down to Turn 1! \ud83d\udd1d<a href=\"https:\/\/x.com\/hashtag\/Moto2?src=hash&amp;ref_src=twsrc%5Etfw\">#Moto2<\/a> | <a href=\"https:\/\/x.com\/hashtag\/AustrianGP?src=hash&amp;ref_src=twsrc%5Etfw\">#AustrianGP<\/a> \ud83c\udfc1 <a href=\"https:\/\/t.co\/FHdryaoi7W\">pic.twitter.com\/FHdryaoi7W<\/a><\/p>&mdash; MotoGP\u2122\ud83c\udfc1 (@MotoGP) <a href=\"https:\/\/x.com\/MotoGP\/status\/1297479232235470848?ref_src=twsrc%5Etfw\">August 23, 2020<\/a><\/blockquote><script async src=\"https:\/\/platform.x.com\/widgets.js\" charset=\"utf-8\"><\/script>\n<\/div><\/figure>\n\n\n\n<p class=\"wp-block-paragraph\">Largada autorizada no Red Bull Ring e Mart\u00edn saltou para a primeira coloca\u00e7\u00e3o. Canet ficou em segundo, com Nagashima ficando na terceira coloca\u00e7\u00e3o. Augusto Fern\u00e1nfez e Remy Gardner completavam o top-5.<\/p>\n\n\n\n<p class=\"wp-block-paragraph\">A dupla da ponta come\u00e7ou a abrir vantagem j\u00e1 no fim da primeira volta, com 0s494 de respiro para o resto do pelot\u00e3o. Enquanto isso, Canet teve um grande rev\u00e9s ao levar um tombo na curva 4, segurando a perna em aparente dor. Melhor para Gardner, que saltou para terceiro.<\/p>\n\n\n\n<p class=\"wp-block-paragraph\">O festival de quedas estava aberto no circuito em Spielberg. Ap\u00f3s o espanhol, Jorge Navarro, Sam Lowes e Somkiat Chantra acabaram se envolvendo em um incidente e o trio caiu na curva 3.<\/p>\n\n\n\n<figure class=\"wp-block-embed-twitter wp-block-embed is-type-rich is-provider-twitter\"><div class=\"wp-block-embed__wrapper\">\n<blockquote class=\"twitter-tweet\" data-width=\"500\" data-dnt=\"true\"><p lang=\"en\" dir=\"ltr\">The pole-sitter is OUT! \ud83d\ude31<br><br>@aroncanet44 crashes out at Turn 4! \ud83d\udca5<a href=\"https:\/\/x.com\/hashtag\/Moto2?src=hash&amp;ref_src=twsrc%5Etfw\">#Moto2<\/a> | <a href=\"https:\/\/x.com\/hashtag\/AustrianGP?src=hash&amp;ref_src=twsrc%5Etfw\">#AustrianGP<\/a> \ud83c\udfc1 <a href=\"https:\/\/t.co\/Q435fNOPLZ\">pic.twitter.com\/Q435fNOPLZ<\/a><\/p>&mdash; MotoGP\u2122\ud83c\udfc1 (@MotoGP) <a href=\"https:\/\/x.com\/MotoGP\/status\/1297480016964526080?ref_src=twsrc%5Etfw\">August 23, 2020<\/a><\/blockquote><script async src=\"https:\/\/platform.x.com\/widgets.js\" charset=\"utf-8\"><\/script>\n<\/div><\/figure>\n\n\n\n<p class=\"wp-block-paragraph\">Pouco depois, o brit\u00e2nico da Marc VDS levou outra queda, dessa vez na curva 4. Por ter causado o primeiro incidente, recebeu puni\u00e7\u00e3o de bandeira preta por pilotagem imprudente. Na ponta, Mart\u00edn, Nagashima e Gardner.<\/p>\n\n\n\n<p class=\"wp-block-paragraph\">Com 15 voltas para a bandeira quadriculada, Jorge j\u00e1 tinha 1s057 de vantagem para o resto do pelot\u00e3o. Remy estava na segunda coloca\u00e7\u00e3o, mas precisava lidar com a press\u00e3o de Marco Bezzecchi, o terceiro, e Nagashima, o quarto.<\/p>\n\n\n\n<p class=\"wp-block-paragraph\">Enquanto isso, Luca Marini vinha em corrida bastante discreta. O atual l\u00edder da classifica\u00e7\u00e3o, que largou em 12\u00ba, aparecia na sexta coloca\u00e7\u00e3o com 11 voltas para o fim, sustentando 4s865 de desvantagem para o ponteiro.<\/p>\n\n\n\n<figure class=\"wp-block-embed-twitter wp-block-embed is-type-rich is-provider-twitter\"><div class=\"wp-block-embed__wrapper\">\n<blockquote class=\"twitter-tweet\" data-width=\"500\" data-dnt=\"true\"><p lang=\"en\" dir=\"ltr\">Diving for the apex! \ud83d\udc4a<a href=\"https:\/\/x.com\/GardnerRemy?ref_src=twsrc%5Etfw\">@GardnerRemy<\/a> takes 2nd as he can see <a href=\"https:\/\/x.com\/88jorgemartin?ref_src=twsrc%5Etfw\">@88jorgemartin<\/a> getting away! \ud83d\udca8<a href=\"https:\/\/x.com\/hashtag\/Moto2?src=hash&amp;ref_src=twsrc%5Etfw\">#Moto2<\/a> | <a href=\"https:\/\/x.com\/hashtag\/AustrianGP?src=hash&amp;ref_src=twsrc%5Etfw\">#AustrianGP<\/a> \ud83c\udfc1 <a href=\"https:\/\/t.co\/cugGoiHnkj\">pic.twitter.com\/cugGoiHnkj<\/a><\/p>&mdash; MotoGP\u2122\ud83c\udfc1 (@MotoGP) <a href=\"https:\/\/x.com\/MotoGP\/status\/1297483465391308801?ref_src=twsrc%5Etfw\">August 23, 2020<\/a><\/blockquote><script async src=\"https:\/\/platform.x.com\/widgets.js\" charset=\"utf-8\"><\/script>\n<\/div><\/figure>\n\n\n\n<p class=\"wp-block-paragraph\">Com o andar da corrida, o cen\u00e1rio da classifica\u00e7\u00e3o de pilotos vinha em mudan\u00e7a. Enquanto Marini seguia l\u00edder, Mart\u00edn subia uma coloca\u00e7\u00e3o e ficava na vice-lideran\u00e7a, tomando o lugar de Enea Bastianini, que caia para terceiro. Nagashima tamb\u00e9m melhorava sua situa\u00e7\u00e3o e vinha para quarto.<\/p>\n\n\n\n<p class=\"wp-block-paragraph\">Na reta final, Bezzecchi se aproximou de forma amea\u00e7adora de Mart\u00edn. O italiano cortou toda a desvantagem para apenas 0s288 na abertura do \u00faltimo giro. O piloto da VR46 estava virando mais veloz que o competidor da Red Bull KTM Ajo em todos os setores. Gardner vinha em terceiro.<\/p>\n\n\n\n<p class=\"wp-block-paragraph\">Com duas voltas para o fim, Mart\u00edn adotou pilotagem de defesa, fechando a porta na cara de Marco. Com isso, cruzou a linha de chegada em primeiro com apenas 0s060 de respiro para o italiano. Remy fechou o p\u00f3dio do dia, com Marini completando em s\u00e9timo.<\/p>\n\n\n\n<figure class=\"wp-block-embed-twitter wp-block-embed is-type-rich is-provider-twitter\"><div class=\"wp-block-embed__wrapper\">\n<blockquote class=\"twitter-tweet\" data-width=\"500\" data-dnt=\"true\"><p lang=\"en\" dir=\"ltr\">What a ride from <a href=\"https:\/\/x.com\/88jorgemartin?ref_src=twsrc%5Etfw\">@88jorgemartin<\/a>! \ud83d\ude4c<br><br>Under the pressure he hangs on to go back-to-back in Austria! \ud83e\udd47<a href=\"https:\/\/x.com\/hashtag\/Moto2?src=hash&amp;ref_src=twsrc%5Etfw\">#Moto2<\/a> | <a href=\"https:\/\/x.com\/hashtag\/AustrianGP?src=hash&amp;ref_src=twsrc%5Etfw\">#AustrianGP<\/a> \ud83c\udfc1 <a href=\"https:\/\/t.co\/BneC2ZnZ90\">pic.twitter.com\/BneC2ZnZ90<\/a><\/p>&mdash; MotoGP\u2122\ud83c\udfc1 (@MotoGP) <a href=\"https:\/\/x.com\/MotoGP\/status\/1297489159540617218?ref_src=twsrc%5Etfw\">August 23, 2020<\/a><\/blockquote><script async src=\"https:\/\/platform.x.com\/widgets.js\" charset=\"utf-8\"><\/script>\n<\/div><\/figure>\n\n\n\n<p class=\"wp-block-paragraph\">Entretanto, nem mesmo a bandeira quadriculada definiu o resultado. Ap\u00f3s o fim, Jorge foi punido por exceder os limites de pista na \u00faltima volta, perdendo uma coloca\u00e7\u00e3o e Bezzecchi herdando a vit\u00f3ria, sua primeira na Moto2.<\/p>\n\n\n\n<h4 class=\"wp-block-heading\"><strong>Moto2, GP da Est\u00edria, Red Bull Ring, Final:<\/strong><\/h4>\n\n\n\n<figure class=\"wp-block-table\"><table><tbody><tr><td><strong>1<\/strong><\/td><td>M BEZZECCHI<\/td><td>VR46 Kalex<\/td><td>37:12.461<\/td><td>25 voltas<\/td><\/tr><tr><td><strong>2<\/strong><\/td><td>J MART\u00cdN<\/td><td>Red Bull KTM Ajo Kalex<\/td><td>-0.060<\/td><td><strong>P+1<\/strong><\/td><\/tr><tr><td><strong>3<\/strong><\/td><td>R GARDNER<\/td><td>SAG Kalex<\/td><td>+1.027<\/td><td>&nbsp;<\/td><\/tr><tr><td><strong>4<\/strong><\/td><td>T NAGASHIMA<\/td><td>Red Bull KTM Ajo Kalex<\/td><td>+1.974<\/td><td>&nbsp;<\/td><\/tr><tr><td><strong>5<\/strong><\/td><td>T L\u00dcTHI<\/td><td>Intact Kalex<\/td><td>+3.230<\/td><td>&nbsp;<\/td><\/tr><tr><td><strong>6<\/strong><\/td><td>X VIERGE<\/td><td>SIC Kalex<\/td><td>+6.196<\/td><td>&nbsp;<\/td><\/tr><tr><td><strong>7<\/strong><\/td><td>L MARINI<\/td><td>VR46 Kalex<\/td><td>+8.634<\/td><td>&nbsp;<\/td><\/tr><tr><td><strong>8<\/strong><\/td><td>J DIXON<\/td><td>SIC Kalex<\/td><td>+9.005<\/td><td>&nbsp;<\/td><\/tr><tr><td><strong>9<\/strong><\/td><td>H GARZ\u00d3<\/td><td>PONS Kalex<\/td><td>+9.620<\/td><td>&nbsp;<\/td><\/tr><tr><td><strong>10<\/strong><\/td><td>E BASTIANINI<\/td><td>Italtrans Kalex<\/td><td>+10.051<\/td><td>&nbsp;<\/td><\/tr><tr><td><strong>11<\/strong><\/td><td>M SCHROTTER<\/td><td>Intact Kalex<\/td><td>+10.238<\/td><td>&nbsp;<\/td><\/tr><tr><td><strong>12<\/strong><\/td><td>J ROBERTS<\/td><td>American Kalex<\/td><td>+14.857<\/td><td>&nbsp;<\/td><\/tr><tr><td><strong>13<\/strong><\/td><td>N BULEGA<\/td><td>Gresini Kalex<\/td><td>+17.968<\/td><td>&nbsp;<\/td><\/tr><tr><td><strong>14<\/strong><\/td><td>S MANZI<\/td><td>Forward MV Agusta<\/td><td>+20.956<\/td><td>&nbsp;<\/td><\/tr><tr><td><strong>15<\/strong><\/td><td>L BALDASSARRI<\/td><td>PONS Kalex<\/td><td>+21.189<\/td><td>&nbsp;<\/td><\/tr><tr><td><strong>16<\/strong><\/td><td>M RAM\u00cdREZ<\/td><td>American Kalex<\/td><td>+21.497<\/td><td>&nbsp;<\/td><\/tr><tr><td><strong>17<\/strong><\/td><td>L DALLA PORTA<\/td><td>Italtrans Kalex<\/td><td>+26.471<\/td><td>&nbsp;<\/td><\/tr><tr><td><strong>18<\/strong><\/td><td>F DI GIANNANTONIO<\/td><td>Speed UP<\/td><td>+26.952<\/td><td>&nbsp;<\/td><\/tr><tr><td><strong>19<\/strong><\/td><td>E PONS<\/td><td>Gresini Kalex<\/td><td>+29.400<\/td><td>&nbsp;<\/td><\/tr><tr><td><strong>20<\/strong><\/td><td>S CORSI<\/td><td>Forward MV Agusta<\/td><td>+30.859<\/td><td>&nbsp;<\/td><\/tr><tr><td><strong>21<\/strong><\/td><td>K DANIEL<\/td><td>SAG Kalex<\/td><td>+43.828<\/td><td>&nbsp;<\/td><\/tr><tr><td><strong>22<\/strong><\/td><td>A MEDINA<\/td><td>Aspar Speed Up<\/td><td>+55.353<\/td><td>&nbsp;<\/td><\/tr><tr><td><strong>23<\/strong><\/td><td>F IZDIHAR<\/td><td>Team Tady Kalex<\/td><td>+1:00.005<\/td><td>&nbsp;<\/td><\/tr><tr><td><strong>24<\/strong><\/td><td>B BENDSNEYDER<\/td><td>RW NTS<\/td><td>+1:10.576<\/td><td>&nbsp;<\/td><\/tr><tr><td><strong>&nbsp;<\/strong><\/td><td>D AEGERTER<\/td><td>NTS RW<\/td><td>NC<\/td><td>&nbsp;<\/td><\/tr><tr><td><strong>&nbsp;<\/strong><\/td><td>A FERN\u00c1NDEZ<\/td><td>Marc VDS Kalex<\/td><td>NC<\/td><td>&nbsp;<\/td><\/tr><tr><td><strong>&nbsp;<\/strong><\/td><td>J NAVARRO<\/td><td>Speed UP<\/td><td>NC<\/td><td>&nbsp;<\/td><\/tr><tr><td><strong>&nbsp;<\/strong><\/td><td>S CHANTRA<\/td><td>Team Tady Kalex<\/td><td>NC<\/td><td>&nbsp;<\/td><\/tr><tr><td><strong>&nbsp;<\/strong><\/td><td>A CANET<\/td><td>Aspar Speed Up<\/td><td>NC<\/td><td>&nbsp;<\/td><\/tr><tr><td><strong>&nbsp;<\/strong><\/td><td>S LOWES<\/td><td>Marc VDS Kalex<\/td><td>DESCLASSIFICADO<\/td><td>&nbsp;<\/td><\/tr><\/tbody><\/table><\/figure>\n\n\n\n<figure class=\"wp-block-embed-dailymotion wp-block-embed is-type-video is-provider-dailymotion wp-embed-aspect-16-9 wp-has-aspect-ratio\"><div class=\"wp-block-embed__wrapper\">\n<iframe loading=\"lazy\" title=\"Ducati precisa aprender a VALORIZAR pilotos por T\u00cdTULO na MotoGP | GP \u00e0s 10\" frameborder=\"0\" width=\"500\" height=\"281\" src=\"https:\/\/geo.dailymotion.com\/player.html?video=x7vnerb&#038;\" allowfullscreen allow=\"autoplay; fullscreen; picture-in-picture; web-share\"><\/iframe>\n<\/div><\/figure>\n\n\n","protected":false},"excerpt":{"rendered":"<p>O espanhol da Ajo recebeu a bandeirada na frente, mas foi punido por extrapolar os limites da pista. Assim, o piloto da VR46 conquistou a primeira vit\u00f3ria na Moto2<\/p>\n","protected":false},"author":0,"featured_media":1000410100,"comment_status":"closed","ping_status":"closed","sticky":false,"template":"","format":"standard","meta":{"42wp_featured_image_caption":"","42wp_featured_image_credits":"","42wp_featured_video":"","42wp_featured_image_hidden":false,"42wp_authors_list":[],"footnotes":""},"categories":[8],"tags":[25995,2282,25063,25552,2267,1661,2287,79,174,78,173,25821,25819,847,1763,2290,2278,4613,8835],"42wp_author":[47113,47123],"class_list":["post-127776","post","type-post","status-publish","format-standard","has-post-thumbnail","hentry","category-motogp","tag-augusto-fernandez","tag-enea-bastianini","tag-estiria","tag-jorge-martin-2","tag-kalex","tag-luca-marini","tag-marco-bezzecchi","tag-moto-gp","tag-moto-gp-2020","tag-motogp","tag-motogp-2020","tag-motogp-2020-transmissao-brasil","tag-motogp-hoje","tag-mundial-de-motovelocidade","tag-red-bull-ring","tag-remy-gardner","tag-sam-lowes","tag-spielberg","tag-tetsuta-nagashima","42wp_author-juliana-tesser","42wp_author-nathalia-de-vivo"],"_links":{"self":[{"href":"https:\/\/grandepremio.com\/br\/wp-json\/wp\/v2\/posts\/127776","targetHints":{"allow":["GET"]}}],"collection":[{"href":"https:\/\/grandepremio.com\/br\/wp-json\/wp\/v2\/posts"}],"about":[{"href":"https:\/\/grandepremio.com\/br\/wp-json\/wp\/v2\/types\/post"}],"replies":[{"embeddable":true,"href":"https:\/\/grandepremio.com\/br\/wp-json\/wp\/v2\/comments?post=127776"}],"version-history":[{"count":0,"href":"https:\/\/grandepremio.com\/br\/wp-json\/wp\/v2\/posts\/127776\/revisions"}],"wp:featuredmedia":[{"embeddable":true,"href":"https:\/\/grandepremio.com\/br\/wp-json\/wp\/v2\/media\/1000410100"}],"wp:attachment":[{"href":"https:\/\/grandepremio.com\/br\/wp-json\/wp\/v2\/media?parent=127776"}],"wp:term":[{"taxonomy":"category","embeddable":true,"href":"https:\/\/grandepremio.com\/br\/wp-json\/wp\/v2\/categories?post=127776"},{"taxonomy":"post_tag","embeddable":true,"href":"https:\/\/grandepremio.com\/br\/wp-json\/wp\/v2\/tags?post=127776"},{"taxonomy":"42wp_author","embeddable":true,"href":"https:\/\/grandepremio.com\/br\/wp-json\/wp\/v2\/42wp_author?post=127776"}],"curies":[{"name":"wp","href":"https:\/\/api.w.org\/{rel}","templated":true}]}}