{"id":127792,"date":"2020-08-22T11:18:11","date_gmt":"2020-08-22T14:18:11","guid":{"rendered":"https:\/\/grandepremio.com\/br\/noticias\/canet-bate-martin-e-consegue-primeira-pole-na-moto2-no-gp-da-estiria-marini-e-12o\/"},"modified":"2020-08-22T12:03:04","modified_gmt":"2020-08-22T15:03:04","slug":"canet-bate-martin-e-consegue-primeira-pole-na-moto2-no-gp-da-estiria-marini-e-12o","status":"publish","type":"post","link":"https:\/\/grandepremio.com\/br\/motogp\/canet-bate-martin-e-consegue-primeira-pole-na-moto2-no-gp-da-estiria-marini-e-12o\/","title":{"rendered":"Canet bate Mart\u00edn e consegue primeira pole na Moto2 no GP da Est\u00edria. Marini \u00e9 12\u00ba"},"content":{"rendered":"\n<p class=\"wp-block-paragraph\">Ar\u00f3n Canet larga da pole-position no GP da Est\u00edria da Moto2. Neste s\u00e1bado (22), na classifica\u00e7\u00e3o no Red Bull Ring, o piloto anotou a marca de 1min28s787 para se colocar na posi\u00e7\u00e3o de honra do grid.<\/p>\n\n\n\n<p class=\"wp-block-paragraph\">Jorge Mart\u00edn chegou a aparecer na primeira coloca\u00e7\u00e3o do Q2, mas ainda nos minutos iniciais foi superado pelo piloto da Aspar, que larga da frente pela primeira vez na classe intermedi\u00e1ria \u2013 \u00e9 apenas sua sexta corrida na classe. Tetsuta Nagashima fecha a primeira fila.<\/p>\n\n\n\n<p class=\"wp-block-paragraph\">Luca Marini teve desempenho discreto na tomada de tempos em Spieberg. L\u00edder da classifica\u00e7\u00e3o, o italiano fez marca de 1min29s335 em seu quinto giro, 0s548 mais lento que o ponteiro, e sai em 12\u00ba.<\/p>\n\n\n\n<figure class=\"wp-block-image size-large\"><img decoding=\"async\" src=\"https:\/\/www.grandepremio.com\/br\/wp-content\/uploads\/2020\/08\/Cane2-1024x683.jpeg\" alt=\"\" class=\"wp-image-409794\"\/><figcaption>\u00c9 a primeira pole para Ar\u00f3n Canet (Foto: Aspar)<\/figcaption><\/figure>\n\n\n\n<h3 class=\"wp-block-heading\">Chantra domina primeira fase e avan\u00e7a ao Q2. Nagashima, Garz\u00f3 e Manzi acompanham<\/h3>\n\n\n\n<p class=\"wp-block-paragraph\">A Moto2 foi a \u00faltima classe a ir para a pista no s\u00e1bado de classifica\u00e7\u00e3o do GP da Est\u00edria. No momento que deixaram os boxes, o c\u00e9u estava aberto, com o term\u00f4metro apontando 31\u00baC e o asfalto chegando a 54\u00baC. O vento soprava a 10 km\/h.<\/p>\n\n\n\n<p class=\"wp-block-paragraph\">Medina, Lorenzo Baldassarri, Lorenzo Dalla Porta, Fabio Di Giannantonio, Marcel Schr\u00f6tter, Simone Corsi, Andi Izdihar, Somkiat Chantra, Hector Garz\u00f3, Tetsuta Nagashima, Edgar Pons, Stefano Manzi, Bo Bendsneyder, Xavi Vierge e Kasta Daniel eram os pilotos que teriam de enfrentar o Q1.<\/p>\n\n\n\n<p class=\"wp-block-paragraph\">Com os primeiros giros completados, Chantra foi o primeiro a se colocar como o mais veloz com 1min29s630. Logo atr\u00e1s do piloto vinha Nagashima, com Vierge e Schr\u00f6tter completando os quatro primeiros colocados.<\/p>\n\n\n\n<p class=\"wp-block-paragraph\">Com cinco minutos para o final, as posi\u00e7\u00f5es j\u00e1 definidas para a corrida de domingo em Spielberg era Pons, Garz\u00f3, Schr\u00f6tter, Izdihar, Baldassarri, Di Giannantonio, Bendsneyder, Dalla Porta, Aegerter, Corsi, Medina e Daniel.<\/p>\n\n\n\n<p class=\"wp-block-paragraph\">Quem avan\u00e7ava para a pr\u00f3xima fase da classifica\u00e7\u00e3o era Chantra, que seguia imbat\u00edvel. Nagashima, apenas 0s030 mais lento, vinha em segundo. Garz\u00f3 e Manzi fechavam o top-4.<\/p>\n\n\n\n<h3 class=\"wp-block-heading\">Q2<\/h3>\n\n\n\n<p class=\"wp-block-paragraph\">O quarteto se juntou a Jorge M\u00e1rtin, Marco Bezzecchi, Sam Lowes, Remy Gardner, Remy Gardner, Jake Dixon, Niccol\u00f2 Bulega, Luca Marini, Augusto Fern\u00e1nfez, Ar\u00f3n Canet, Thom L\u00fcthi, Enea Bastianini, Jorge Navarro, Joe Roberts e Marco Ram\u00edrez para brigar pela pole.<\/p>\n\n\n\n<p class=\"wp-block-paragraph\">Com 1min29s184, Mart\u00edn foi o primeiro a se colocar na primeira coloca\u00e7\u00e3o para ficar com a posi\u00e7\u00e3o de honra provis\u00f3ria. Mas logo as coisas mudaram e Canet se catapultou para a ponta com 1min28s787, o primeiro na casa de 1min28s.<\/p>\n\n\n\n<p class=\"wp-block-paragraph\">Gardner, quando estava na quarta coloca\u00e7\u00e3o, sofreu uma queda na curva 1, jogando um balde d\u2019\u00e1gua fria em sua tentativa de conseguir a pole-position.<\/p>\n\n\n\n<p class=\"wp-block-paragraph\">Bandeira quadriculada no Red Bull Ring e o tempo a ser batido era de 1min28s787. Sem ningu\u00e9m bater o espanhol, fica com sua primeira posi\u00e7\u00e3o de honra do grid em apenas sua sexta corrida na classe intermedi\u00e1ria. Mart\u00edn e Nagashima fecham a primeira fila.<\/p>\n\n\n\n<figure class=\"wp-block-embed-dailymotion wp-block-embed is-type-video is-provider-dailymotion wp-embed-aspect-16-9 wp-has-aspect-ratio\"><div class=\"wp-block-embed__wrapper\">\n<iframe loading=\"lazy\" title=\"VACILOS e PLAYERS mant\u00eam 2020 aberto e chance para Marc M\u00e1rquez | GP \u00e0s 10\" frameborder=\"0\" width=\"500\" height=\"281\" src=\"https:\/\/geo.dailymotion.com\/player.html?video=x7vp9by&#038;\" allowfullscreen allow=\"autoplay; fullscreen; picture-in-picture; web-share\"><\/iframe>\n<\/div><\/figure>\n\n\n","protected":false},"excerpt":{"rendered":"<p>Com o tempo de 1min28s787, o piloto bateu Jorge Mart\u00edn ainda nos minutos iniciais do Q2 para ficar com a posi\u00e7\u00e3o de honra do grid. Tetsuta Nagashima fecha a primeira fila de largada<\/p>\n","protected":false},"author":0,"featured_media":1000409793,"comment_status":"closed","ping_status":"closed","sticky":false,"template":"","format":"standard","meta":{"42wp_featured_image_caption":"","42wp_featured_image_credits":"","42wp_featured_video":"","42wp_featured_image_hidden":false,"42wp_authors_list":[],"footnotes":""},"categories":[8],"tags":[25063,2287,79,174,1930,78,173,25821,25819,847,1763,2278],"42wp_author":[47123],"class_list":["post-127792","post","type-post","status-publish","format-standard","has-post-thumbnail","hentry","category-motogp","tag-estiria","tag-marco-bezzecchi","tag-moto-gp","tag-moto-gp-2020","tag-moto2","tag-motogp","tag-motogp-2020","tag-motogp-2020-transmissao-brasil","tag-motogp-hoje","tag-mundial-de-motovelocidade","tag-red-bull-ring","tag-sam-lowes","42wp_author-nathalia-de-vivo"],"_links":{"self":[{"href":"https:\/\/grandepremio.com\/br\/wp-json\/wp\/v2\/posts\/127792","targetHints":{"allow":["GET"]}}],"collection":[{"href":"https:\/\/grandepremio.com\/br\/wp-json\/wp\/v2\/posts"}],"about":[{"href":"https:\/\/grandepremio.com\/br\/wp-json\/wp\/v2\/types\/post"}],"replies":[{"embeddable":true,"href":"https:\/\/grandepremio.com\/br\/wp-json\/wp\/v2\/comments?post=127792"}],"version-history":[{"count":0,"href":"https:\/\/grandepremio.com\/br\/wp-json\/wp\/v2\/posts\/127792\/revisions"}],"wp:featuredmedia":[{"embeddable":true,"href":"https:\/\/grandepremio.com\/br\/wp-json\/wp\/v2\/media\/1000409793"}],"wp:attachment":[{"href":"https:\/\/grandepremio.com\/br\/wp-json\/wp\/v2\/media?parent=127792"}],"wp:term":[{"taxonomy":"category","embeddable":true,"href":"https:\/\/grandepremio.com\/br\/wp-json\/wp\/v2\/categories?post=127792"},{"taxonomy":"post_tag","embeddable":true,"href":"https:\/\/grandepremio.com\/br\/wp-json\/wp\/v2\/tags?post=127792"},{"taxonomy":"42wp_author","embeddable":true,"href":"https:\/\/grandepremio.com\/br\/wp-json\/wp\/v2\/42wp_author?post=127792"}],"curies":[{"name":"wp","href":"https:\/\/api.w.org\/{rel}","templated":true}]}}