{"id":127801,"date":"2020-08-22T05:53:46","date_gmt":"2020-08-22T08:53:46","guid":{"rendered":"https:\/\/grandepremio.com\/br\/noticias\/mir-bate-quartararo-e-coloca-suzuki-na-ponta-no-terceiro-treino-do-gp-da-estiria\/"},"modified":"2020-08-22T09:13:34","modified_gmt":"2020-08-22T12:13:34","slug":"mir-bate-quartararo-e-coloca-suzuki-na-ponta-no-terceiro-treino-do-gp-da-estiria","status":"publish","type":"post","link":"https:\/\/grandepremio.com\/br\/motogp\/mir-bate-quartararo-e-coloca-suzuki-na-ponta-no-terceiro-treino-do-gp-da-estiria\/","title":{"rendered":"Mir bate Quartararo e coloca Suzuki na ponta no terceiro treino do GP da Est\u00edria"},"content":{"rendered":"\n<p class=\"wp-block-paragraph\">Joan Mir ditou o ritmo na terceira sess\u00e3o de treinos livres para o GP da Est\u00edria de MotoGP. Vindo de um p\u00f3dio na semana passada, o jovem espanhol come\u00e7ou bem os trabalhos no Red Bull Ring e aproveitou a manh\u00e3 deste s\u00e1bado (22) para anotar o melhor tempo do fim de semana.<\/p>\n\n\n\n<p class=\"wp-block-paragraph\">Mir anotou 1min23s456 e fechou o treino com 0s151 de margem para Fabio Quartararo, que evoluiu bastante ap\u00f3s um primeiro dia ruim para acabar na segunda coloca\u00e7\u00e3o. Takaaki Nakagami empatou com Andrea Dovizioso em 1min23s610 e ficou com o terceiro posto.<\/p>\n\n\n\n<figure class=\"wp-block-image size-large\"><img decoding=\"async\" src=\"https:\/\/www.grandepremio.com\/br\/wp-content\/uploads\/2020\/08\/mgp4joan-mir1-1024x682.jpg\" alt=\"\" class=\"wp-image-404058\"\/><figcaption>Joan Mir colocou a Suzuki na ponta no Red Bull Ring (Foto: Suzuki)<\/figcaption><\/figure>\n\n\n\n<p class=\"wp-block-paragraph\">Apenas 0s161 mais lento que o l\u00edder, Maverick Vi\u00f1ales fez o quinto tempo, escoltado por Pol Espargar\u00f3 e Miguel Oliveira. Com 1min23s727, Franco Morbidelli aparece em oitavo, com \u00c1lex Rins e Jack Miller fechando o top-10.<\/p>\n\n\n\n<p class=\"wp-block-paragraph\">Correndo lesionado pela primeira vez na carreira, Johann Zarco fez 2min23s879 na melhor de suas 13 voltas e acabou em 12\u00ba. Valentino Rossi foi apenas 15\u00ba. 0s967 cobre 19 pilotos nesta sess\u00e3o.<\/p>\n\n\n\n<p class=\"wp-block-paragraph\">O&nbsp;<strong>GRANDE PR\u00caMIO<\/strong>&nbsp;acompanha todas as atividades do&nbsp;<a href=\"https:\/\/www.grandepremio.com\/br\/motogp\/ultimas-noticias\/?fl=true&amp;utm_source=lance\">GP da Est\u00edria<\/a>, sexta etapa do Mundial de&nbsp;<a href=\"https:\/\/www.grandepremio.com\/br\/motogp\/\" target=\"_blank\" rel=\"noreferrer noopener\">Motovelocidade<\/a>&nbsp;2020.<\/p>\n\n\n\n<h4 class=\"wp-block-heading\"><strong>Saiba como foi o treino livre 3 da MotoGP no Red Bull Ring:<\/strong><\/h4>\n\n\n\n<p class=\"wp-block-paragraph\">Tal qual na sexta-feira, o s\u00e1bado amanheceu com sol em Spielberg. Antes de a MotoGP iniciar o terceiro treino do fim de semana, os term\u00f4metros marcavam 25\u00b0C, com o asfalto chegando a 36\u00b0C. A velocidade do vento era de 2 km\/h.<\/p>\n\n\n\n<p class=\"wp-block-paragraph\">Depois de um dia ruim na sexta, Fabio Quartararo come\u00e7ou o s\u00e1bado na ponta da tabela, mas logo deu lugar a um Jack Miller 0s006 mais r\u00e1pido. Brad Binder vinha em terceiro, seguido por Takaaki Nakagami e Valentino Rossi.<\/p>\n\n\n\n<figure class=\"wp-block-embed-twitter wp-block-embed is-type-rich is-provider-twitter\"><div class=\"wp-block-embed__wrapper\">\n<blockquote class=\"twitter-tweet\" data-width=\"500\" data-dnt=\"true\"><p lang=\"en\" dir=\"ltr\">Straight up into the top ten! \ud83d\ude80<a href=\"https:\/\/x.com\/FabioQ20?ref_src=twsrc%5Etfw\">@FabioQ20<\/a> puts himself back on course for Q2! \ud83d\udc4d<a href=\"https:\/\/x.com\/hashtag\/AustrianGP?src=hash&amp;ref_src=twsrc%5Etfw\">#AustrianGP<\/a> \ud83c\udfc1 <a href=\"https:\/\/t.co\/JEyhIZz6MU\">pic.twitter.com\/JEyhIZz6MU<\/a><\/p>&mdash; MotoGP\u2122\ud83c\udfc1 (@MotoGP) <a href=\"https:\/\/x.com\/MotoGP\/status\/1297082116988112896?ref_src=twsrc%5Etfw\">August 22, 2020<\/a><\/blockquote><script async src=\"https:\/\/platform.x.com\/widgets.js\" charset=\"utf-8\"><\/script>\n<\/div><\/figure>\n\n\n\n<p class=\"wp-block-paragraph\">Maverick Vi\u00f1ales, por\u00e9m, apareceu em seguida para registrar 1min24s194 e assumir a ponta, afastando Miller 0s023. Quartararo foi \u00e1gil na rea\u00e7\u00e3o e recuperou a ponta, 0s008 melhor.<\/p>\n\n\n\n<p class=\"wp-block-paragraph\">De volta \u00e0 pista ap\u00f3s a opera\u00e7\u00e3o no punho direito, Johann Zarco anotou 1min24s012 e assumiu a ponta, 0s121 melhor que Pol Espargar\u00f3, que assumiu o segundo posto, j\u00e1 garantindo uma vaga tempor\u00e1ria direto no Q2.<\/p>\n\n\n\n<p class=\"wp-block-paragraph\">Ainda nos primeiros minutos da sess\u00e3o, \u00c1lex M\u00e1rquez escorregou na curva 9, mas apesar do susto, correu na dire\u00e7\u00e3o da moto e logo seguiu para os boxes da Honda.<\/p>\n\n\n\n<p class=\"wp-block-paragraph\">Passados os primeiros 15 minutos, Zarco seguia na ponta, 0s121 melhor que Pol Espargar\u00f3. Vi\u00f1ales era o terceiro, com Miller, Dovizioso, Quartararo, Binder, Mir, Nakagami e Rossi completando o top-10 provis\u00f3rio.<\/p>\n\n\n\n<figure class=\"wp-block-embed-twitter wp-block-embed is-type-rich is-provider-twitter\"><div class=\"wp-block-embed__wrapper\">\n<blockquote class=\"twitter-tweet\" data-width=\"500\" data-dnt=\"true\"><p lang=\"en\" dir=\"ltr\">How has he done that?! \ud83d\ude31<br><br>Within five laps, <a href=\"https:\/\/x.com\/JohannZarco1?ref_src=twsrc%5Etfw\">@JohannZarco1<\/a> jumps straight up to eighth!!! \ud83d\udcaa<a href=\"https:\/\/x.com\/hashtag\/AustrianGP?src=hash&amp;ref_src=twsrc%5Etfw\">#AustrianGP<\/a> \ud83c\udfc1 <a href=\"https:\/\/t.co\/0ZFkJQmBBk\">pic.twitter.com\/0ZFkJQmBBk<\/a><\/p>&mdash; MotoGP\u2122\ud83c\udfc1 (@MotoGP) <a href=\"https:\/\/x.com\/MotoGP\/status\/1297082564717551616?ref_src=twsrc%5Etfw\">August 22, 2020<\/a><\/blockquote><script async src=\"https:\/\/platform.x.com\/widgets.js\" charset=\"utf-8\"><\/script>\n<\/div><\/figure>\n\n\n\n<p class=\"wp-block-paragraph\">A fase intermedi\u00e1ria da sess\u00e3o n\u00e3o viu grandes mudan\u00e7as na tabela de tempos, mas, com pouco menos de 20 minutos para o fim, Vi\u00f1ales, com um par de pneus macios, cravou 1min23s917 e assumiu a ponta, 0s095 melhor que Zarco. Tamb\u00e9m de pneus novos, Quartararo se colocou em terceiro.<\/p>\n\n\n\n<p class=\"wp-block-paragraph\">Pouco depois, Fabio melhorou mais um pouco e se colocou em segundo, s\u00f3 0s011 atr\u00e1s de Maverick. J\u00e1 na reta final da atividade, Rins pulou para a terceira coloca\u00e7\u00e3o, escoltado por Mir, Nakagami e Pol.<\/p>\n\n\n\n<p class=\"wp-block-paragraph\">O piloto da moto #20 apertou mais o passo e, com 1min23s607, assumiu o comando da atividade, 0s010 melhor que Vi\u00f1ales. A lideran\u00e7a, por\u00e9m, durou pouco, j\u00e1 que Joan Mir cravou 1min23s456 e pulou para a primeira posi\u00e7\u00e3o, 0s151 melhor que Fabio.<\/p>\n\n\n\n<figure class=\"wp-block-embed-twitter wp-block-embed is-type-rich is-provider-twitter\"><div class=\"wp-block-embed__wrapper\">\n<blockquote class=\"twitter-tweet\" data-width=\"500\" data-dnt=\"true\"><p lang=\"en\" dir=\"ltr\">Is <a href=\"https:\/\/x.com\/ValeYellow46?ref_src=twsrc%5Etfw\">@ValeYellow46<\/a> on course for Q1 again? \ud83d\ude32<br><br>The Doctor misses out on the top ten, which is covered by just 0.291s! \ud83d\udc40<a href=\"https:\/\/x.com\/hashtag\/AustrianGP?src=hash&amp;ref_src=twsrc%5Etfw\">#AustrianGP<\/a> \ud83c\udfc1 <a href=\"https:\/\/t.co\/n33S3NSNic\">pic.twitter.com\/n33S3NSNic<\/a><\/p>&mdash; MotoGP\u2122\ud83c\udfc1 (@MotoGP) <a href=\"https:\/\/x.com\/MotoGP\/status\/1297089792417714176?ref_src=twsrc%5Etfw\">August 22, 2020<\/a><\/blockquote><script async src=\"https:\/\/platform.x.com\/widgets.js\" charset=\"utf-8\"><\/script>\n<\/div><\/figure>\n\n\n\n<p class=\"wp-block-paragraph\">Restando pouco mais de tr\u00eas minutos para o fim, Miller vinha em volta r\u00e1pida, mas perdeu a dianteira na curva 6 e caiu.<\/p>\n\n\n\n<p class=\"wp-block-paragraph\">Dovizioso foi a 1min2610 e saltou para a terceira coloca\u00e7\u00e3o, mas na sequ\u00eancia, exatamente com o mesmo tempo, Nakagami tomou a posi\u00e7\u00e3o. Pol Espargar\u00f3 tamb\u00e9m melhorou, mas seguia em sexto.<\/p>\n\n\n\n<p class=\"wp-block-paragraph\"><strong>MotoGP 2020, GP da Est\u00edria, Red Bull Ring, treino livre 3<\/strong><\/p>\n\n\n\n<figure class=\"wp-block-table\"><table><tbody><tr><td>1<\/td><td>J MIR<\/td><td>Suzuki<\/td><td>1:23.456<\/td><td>&nbsp;<\/td><\/tr><tr><td>2<\/td><td>F QUARTARARO<\/td><td>SRT Yamaha<\/td><td>1:23.607<\/td><td>+0.151<\/td><\/tr><tr><td>3<\/td><td>T NAKAGAMI<\/td><td>LCR Honda<\/td><td>1:23.610<\/td><td>+0.154<\/td><\/tr><tr><td>4<\/td><td>A DOVIZIOSO<\/td><td>Ducati<\/td><td>1:23.610<\/td><td>+0.154<\/td><\/tr><tr><td>5<\/td><td>M VI\u00d1ALES<\/td><td>Yamaha<\/td><td>1:23.617<\/td><td>+0.161<\/td><\/tr><tr><td>6<\/td><td>P ESPARGAR\u00d3<\/td><td>KTM<\/td><td>1:23.660<\/td><td>+0.204<\/td><\/tr><tr><td>7<\/td><td>M OLIVEIRA<\/td><td>Tech3 KTM<\/td><td>1:23.725<\/td><td>+0.269<\/td><\/tr><tr><td>8<\/td><td>F MORBIDELLI<\/td><td>SRT Yamaha<\/td><td>1:23.727<\/td><td>+0.271<\/td><\/tr><tr><td>9<\/td><td>A RINS<\/td><td>Suzuki<\/td><td>1:23.754<\/td><td>+0.298<\/td><\/tr><tr><td>10<\/td><td>J MILLER<\/td><td>Pramac Ducati<\/td><td>1:23.795<\/td><td>+0.339<\/td><\/tr><tr><td>11<\/td><td>B BINDER<\/td><td>KTM<\/td><td>1:23.798<\/td><td>+0.342<\/td><\/tr><tr><td>12<\/td><td>J ZARCO<\/td><td>Avintia Ducati<\/td><td>1:23.879<\/td><td>+0.423<\/td><\/tr><tr><td>13<\/td><td>D PETRUCCI<\/td><td>Ducati<\/td><td>1:23.881<\/td><td>+0.425<\/td><\/tr><tr><td>14<\/td><td>I LECUONA<\/td><td>Tech3 KTM<\/td><td>1:23.889<\/td><td>+0.433<\/td><\/tr><tr><td>15<\/td><td>V ROSSI<\/td><td>Yamaha<\/td><td>1:23.950<\/td><td>+0.494<\/td><\/tr><tr><td>16<\/td><td>C CRUTCHLOW<\/td><td>LCR Honda<\/td><td>1:24.126<\/td><td>+0.670<\/td><\/tr><tr><td>17<\/td><td>B SMITH<\/td><td>Aprilia Gresini<\/td><td>1:24.136<\/td><td>+0.680<\/td><\/tr><tr><td>18<\/td><td>M PIRRO<\/td><td>Pramac Ducati<\/td><td>1:24.296<\/td><td>+0.816<\/td><\/tr><tr><td>19<\/td><td>A ESPARGAR\u00d3<\/td><td>Aprilia Gresini<\/td><td>1:24.423<\/td><td>+0.967<\/td><\/tr><tr><td>20<\/td><td>S BRADL<\/td><td>Honda<\/td><td>1:24.617<\/td><td>+1.161<\/td><\/tr><tr><td>21<\/td><td>A M\u00c1RQUEZ<\/td><td>Honda<\/td><td>1:24.742<\/td><td>+1.286<\/td><\/tr><tr><td>22<\/td><td>T RABAT<\/td><td>Avintia Ducati<\/td><td>1:25.047<\/td><td>+1.591<\/td><\/tr><\/tbody><\/table><\/figure>\n\n\n\n<figure class=\"wp-block-embed-dailymotion wp-block-embed is-type-video is-provider-dailymotion wp-embed-aspect-16-9 wp-has-aspect-ratio\"><div class=\"wp-block-embed__wrapper\">\n<iframe loading=\"lazy\" title=\"Ducati precisa aprender a VALORIZAR pilotos por T\u00cdTULO na MotoGP | GP \u00e0s 10\" frameborder=\"0\" width=\"500\" height=\"281\" src=\"https:\/\/geo.dailymotion.com\/player.html?video=x7vnerb&#038;\" allowfullscreen allow=\"autoplay; fullscreen; picture-in-picture; web-share\"><\/iframe>\n<\/div><\/figure>\n\n\n","protected":false},"excerpt":{"rendered":"<p>Vindo de p\u00f3dio na semana passada, a jovem espanhol foi 0s151 mais r\u00e1pido que o l\u00edder da MotoGP. Takaaki Nakagami ficou em terceiro, com a melhor Ducati aparecendo apenas na quarta coloca\u00e7\u00e3o, com Andrea Dovizioso<\/p>\n","protected":false},"author":0,"featured_media":1000404783,"comment_status":"closed","ping_status":"closed","sticky":false,"template":"","format":"standard","meta":{"42wp_featured_image_caption":"","42wp_featured_image_credits":"","42wp_featured_video":"","42wp_featured_image_hidden":false,"42wp_authors_list":[],"footnotes":""},"categories":[8],"tags":[143,133,151,142,131,25063,110,130,144,132,24996,25020,79,174,78,173,25821,25819,847,1763,4613,134,80,172],"42wp_author":[47113],"class_list":["post-127801","post","type-post","status-publish","format-standard","has-post-thumbnail","hentry","category-motogp","tag-andrea-dovizioso","tag-aprilia","tag-brad-binder","tag-danilo-petrucci","tag-ducati","tag-estiria","tag-fabio-quartararo","tag-honda","tag-johann-zarco","tag-ktm","tag-marc-marquez-2","tag-maverick-vinales-2","tag-moto-gp","tag-moto-gp-2020","tag-motogp","tag-motogp-2020","tag-motogp-2020-transmissao-brasil","tag-motogp-hoje","tag-mundial-de-motovelocidade","tag-red-bull-ring","tag-spielberg","tag-suzuki","tag-valentino-rossi","tag-yamaha","42wp_author-juliana-tesser"],"_links":{"self":[{"href":"https:\/\/grandepremio.com\/br\/wp-json\/wp\/v2\/posts\/127801","targetHints":{"allow":["GET"]}}],"collection":[{"href":"https:\/\/grandepremio.com\/br\/wp-json\/wp\/v2\/posts"}],"about":[{"href":"https:\/\/grandepremio.com\/br\/wp-json\/wp\/v2\/types\/post"}],"replies":[{"embeddable":true,"href":"https:\/\/grandepremio.com\/br\/wp-json\/wp\/v2\/comments?post=127801"}],"version-history":[{"count":0,"href":"https:\/\/grandepremio.com\/br\/wp-json\/wp\/v2\/posts\/127801\/revisions"}],"wp:featuredmedia":[{"embeddable":true,"href":"https:\/\/grandepremio.com\/br\/wp-json\/wp\/v2\/media\/1000404783"}],"wp:attachment":[{"href":"https:\/\/grandepremio.com\/br\/wp-json\/wp\/v2\/media?parent=127801"}],"wp:term":[{"taxonomy":"category","embeddable":true,"href":"https:\/\/grandepremio.com\/br\/wp-json\/wp\/v2\/categories?post=127801"},{"taxonomy":"post_tag","embeddable":true,"href":"https:\/\/grandepremio.com\/br\/wp-json\/wp\/v2\/tags?post=127801"},{"taxonomy":"42wp_author","embeddable":true,"href":"https:\/\/grandepremio.com\/br\/wp-json\/wp\/v2\/42wp_author?post=127801"}],"curies":[{"name":"wp","href":"https:\/\/api.w.org\/{rel}","templated":true}]}}