{"id":127807,"date":"2020-08-21T17:27:51","date_gmt":"2020-08-21T20:27:51","guid":{"rendered":"https:\/\/grandepremio.com\/br\/noticias\/estrategia-sorte-e-ritmo-alonso-aponta-caminho-para-tentar-reacao-na-indy-500\/"},"modified":"2020-08-21T17:29:52","modified_gmt":"2020-08-21T20:29:52","slug":"estrategia-sorte-e-ritmo-alonso-aponta-caminho-para-tentar-reacao-na-indy-500","status":"publish","type":"post","link":"https:\/\/grandepremio.com\/br\/indy\/estrategia-sorte-e-ritmo-alonso-aponta-caminho-para-tentar-reacao-na-indy-500\/","title":{"rendered":"&#8220;Estrat\u00e9gia, sorte e ritmo&#8221;: Alonso aponta caminho para tentar rea\u00e7\u00e3o na Indy 500"},"content":{"rendered":"\n<figure class=\"wp-block-embed-youtube wp-block-embed is-type-video is-provider-youtube wp-embed-aspect-16-9 wp-has-aspect-ratio\"><div class=\"wp-block-embed__wrapper\">\n<iframe loading=\"lazy\" title=\"Nelson PIQUET: a carreira do TRICAMPE\u00c3O mundial de F1 | Cadeira Cativa #20\" width=\"500\" height=\"281\" src=\"https:\/\/www.youtube.com\/embed\/c3u9xa9CH-U?feature=oembed\" frameborder=\"0\" allow=\"accelerometer; autoplay; clipboard-write; encrypted-media; gyroscope; picture-in-picture; web-share\" referrerpolicy=\"strict-origin-when-cross-origin\" allowfullscreen><\/iframe>\n<\/div><\/figure>\n\n\n\n<p class=\"wp-block-paragraph\">A miss\u00e3o de Fernando Alonso nas 500 Milhas de Indian\u00e1polis deste ano ser\u00e1 muito complicada. Largando em 26\u00ba, no meio da nona fila do grid, o espanhol espera escalar o pelot\u00e3o ao longo da prova para finalmente conquistar a primeira vit\u00f3ria na tradicional prova da Indy.<\/p>\n\n\n\n<p class=\"wp-block-paragraph\">A posi\u00e7\u00e3o ruim na classifica\u00e7\u00e3o n\u00e3o desanima o bicampe\u00e3o mundial de F\u00f3rmula 1. Ap\u00f3s o \u00faltimo treino livre no circuito, quando questionado por um rep\u00f3rter da NBC, Alonso foi categ\u00f3rico ao responder que, sim, o carro \u00e9 bom o suficiente para brigar pelas primeiras posi\u00e7\u00f5es.<\/p>\n\n\n\n<p class=\"wp-block-paragraph\">&#8220;Voc\u00ea sempre aprende coisas. Testamos alguns \u00edtens no treino de hoje. Dois foram positivos, um foi negativo, ent\u00e3o acho que demos outro passo adiante com o balan\u00e7o do carro e para obter confian\u00e7a. Estamos felizes com os resultados. A pr\u00f3xima vez no carro \u00e9 no grande dia&#8221;, afirmou o futuro piloto da Renault na F\u00f3rmula 1.<\/p>\n\n\n\n<figure class=\"wp-block-image size-large\"><img decoding=\"async\" src=\"https:\/\/www.grandepremio.com\/br\/wp-content\/uploads\/2020\/08\/15-1024x683.jpg\" alt=\"\" class=\"wp-image-408673\"\/><figcaption>Fernando Alonso disputa a Indy 500 com a McLaren (Foto: Indycar)<\/figcaption><\/figure>\n\n\n\n<p class=\"wp-block-paragraph\">Alonso tenta completar a Tr\u00edplice Coroa do automobilismo. O espanhol j\u00e1 conquistou duas vezes o GP de M\u00f4naco de F1 e tamb\u00e9m \u00e9 bicampe\u00e3o das 24 Horas de Le Mans. Resta, portanto, a Indy 500 no vitorioso curr\u00edculo. Em 2017, por\u00e9m, ele abandonou com problemas do motor quando brigava pela vit\u00f3ria. No ano passado, a decep\u00e7\u00e3o: sequer conseguiu um lugar no grid de largada.<\/p>\n\n\n\n<p class=\"wp-block-paragraph\">Pensando na corrida em Indian\u00e1polis, o espanhol acredita que ser\u00e1 uma prova bem complicada.<\/p>\n\n\n\n<p class=\"wp-block-paragraph\">&#8220;Ser\u00e1 um desafio para todos. O carro deste ano \u00e9 complicado em termos de tr\u00e1fego, de seguir o advers\u00e1rio e ajustes. Ser\u00e1, tamb\u00e9m, um domingo bem quente&#8221;, declarou.<\/p>\n\n\n\n<p class=\"wp-block-paragraph\">&#8220;Existem muitos fatores que fazem o carro e a corrida dif\u00edceis para todos, ent\u00e3o precisamos confiar em estrat\u00e9gia, sorte, ritmo, balan\u00e7o e r\u00e1pidos pit-stops. Largamos no fim do grid, ent\u00e3o \u00e9 ainda mais desafiador, mas amamos essas coisas&#8221;, finalizou o espanhol.<\/p>\n","protected":false},"excerpt":{"rendered":"<p>Largando no fim do grid, Fernando Alonso vai precisar de uma intensa prova de recupera\u00e7\u00e3o na Indy 500 deste domingo. O espanhol, no entanto, j\u00e1 sabe a receira para ganhar posi\u00e7\u00f5es e mostra confian\u00e7a de que vai brigar pelas primeiras posi\u00e7\u00f5es<\/p>\n","protected":false},"author":0,"featured_media":1000409332,"comment_status":"closed","ping_status":"closed","sticky":false,"template":"","format":"standard","meta":{"42wp_featured_image_caption":"","42wp_featured_image_credits":"","42wp_featured_video":"","42wp_featured_image_hidden":false,"42wp_authors_list":[],"footnotes":""},"categories":[3],"tags":[9948,176,93,96,232,418,94,90],"42wp_author":[47109],"class_list":["post-127807","post","type-post","status-publish","format-standard","has-post-thumbnail","hentry","category-indy","tag-carb-day","tag-fernando-alonso","tag-indy","tag-indy-2020","tag-indy-500","tag-indy-500-2020","tag-indycar","tag-mclaren","42wp_author-redacao-gp"],"_links":{"self":[{"href":"https:\/\/grandepremio.com\/br\/wp-json\/wp\/v2\/posts\/127807","targetHints":{"allow":["GET"]}}],"collection":[{"href":"https:\/\/grandepremio.com\/br\/wp-json\/wp\/v2\/posts"}],"about":[{"href":"https:\/\/grandepremio.com\/br\/wp-json\/wp\/v2\/types\/post"}],"replies":[{"embeddable":true,"href":"https:\/\/grandepremio.com\/br\/wp-json\/wp\/v2\/comments?post=127807"}],"version-history":[{"count":0,"href":"https:\/\/grandepremio.com\/br\/wp-json\/wp\/v2\/posts\/127807\/revisions"}],"wp:featuredmedia":[{"embeddable":true,"href":"https:\/\/grandepremio.com\/br\/wp-json\/wp\/v2\/media\/1000409332"}],"wp:attachment":[{"href":"https:\/\/grandepremio.com\/br\/wp-json\/wp\/v2\/media?parent=127807"}],"wp:term":[{"taxonomy":"category","embeddable":true,"href":"https:\/\/grandepremio.com\/br\/wp-json\/wp\/v2\/categories?post=127807"},{"taxonomy":"post_tag","embeddable":true,"href":"https:\/\/grandepremio.com\/br\/wp-json\/wp\/v2\/tags?post=127807"},{"taxonomy":"42wp_author","embeddable":true,"href":"https:\/\/grandepremio.com\/br\/wp-json\/wp\/v2\/42wp_author?post=127807"}],"curies":[{"name":"wp","href":"https:\/\/api.w.org\/{rel}","templated":true}]}}