{"id":127819,"date":"2020-08-21T10:03:22","date_gmt":"2020-08-21T13:03:22","guid":{"rendered":"https:\/\/grandepremio.com\/br\/noticias\/pol-espargaro-comanda-segundo-treino-da-motogp-no-gp-da-estiria-quartararo-e-so-14o\/"},"modified":"2020-08-21T10:17:24","modified_gmt":"2020-08-21T13:17:24","slug":"pol-espargaro-comanda-segundo-treino-da-motogp-no-gp-da-estiria-quartararo-e-so-14o","status":"publish","type":"post","link":"https:\/\/grandepremio.com\/br\/motogp\/pol-espargaro-comanda-segundo-treino-da-motogp-no-gp-da-estiria-quartararo-e-so-14o\/","title":{"rendered":"Pol Espargar\u00f3 comanda segundo treino da MotoGP do GP da Est\u00edria. Quartararo \u00e9 s\u00f3 14\u00ba"},"content":{"rendered":"\n<p class=\"wp-block-paragraph\">Pol Espargar\u00f3 colocou a KTM no topo da tabela de tempos da MotoGP na manh\u00e3 desta sexta-feira (21). O catal\u00e3o cravou 1min23s638 na melhor de suas 22 voltas e concluiu a atividade com 0s266 de margem para Takaaki Nakagami, o segundo colocado.<\/p>\n\n\n\n<p class=\"wp-block-paragraph\">Vindo de uma estreia no p\u00f3dio da MotoGP na semana passada, Joan Mir ficou com o terceiro posto, 0s102 melhor que \u00c1lex Rins, o quarto colocado. 0s422 atr\u00e1s do ponteiro, Maverick Vi\u00f1ales completa o top-5.<\/p>\n\n\n\n<figure class=\"wp-block-image size-large\"><img decoding=\"async\" src=\"https:\/\/www.grandepremio.com\/br\/wp-content\/uploads\/2020\/08\/354618_Pol-Espargaro_KTM-RC16_MotoGP_Red-Bull-Ring-Spielberg-_AUT_2020-08-21-9-1024x682.jpg\" alt=\"\" class=\"wp-image-409247\"\/><figcaption>Pol Espargar\u00f3 (Foto: KTM)<\/figcaption><\/figure>\n\n\n\n<p class=\"wp-block-paragraph\">Miguel Oliveira foi 0s480 mais lento que o Pol e acabou em sexto, seguido por Franco Morbidelli e Aleix Espargar\u00f3. Valentino Rossi melhorou na volta final para ficar em nono, com Brad Binder encerrando um rol dos dez mais r\u00e1pidos coberto por 0s789.<\/p>\n\n\n\n<p class=\"wp-block-paragraph\">L\u00edder do campeonato, Fabio Quartararo teve uma sess\u00e3o de muitos erros e ficou apenas em 14\u00ba. O piloto da moto #20 fez a melhor volta em 1min24s643 e acabou 1s005 atr\u00e1s do ca\u00e7ula dos Espargar\u00f3.<\/p>\n\n\n\n<p class=\"wp-block-paragraph\">O\u00a0<strong>GRANDE PR\u00caMIO<\/strong>\u00a0acompanha todas as atividades do\u00a0<a href=\"https:\/\/www.grandepremio.com\/br\/motogp\/ultimas-noticias\/?fl=true&amp;utm_source=lance\">GP da Est\u00edria<\/a>, sexta etapa do Mundial de\u00a0<a href=\"https:\/\/www.grandepremio.com\/br\/motogp\/\" target=\"_blank\" rel=\"noreferrer noopener\">Motovelocidade<\/a>\u00a02020.<\/p>\n\n\n\n<h4 class=\"wp-block-heading\"><strong>Saiba como foi o treino livre 2 da MotoGP no Red Bull Ring:<\/strong><\/h4>\n\n\n\n<p class=\"wp-block-paragraph\">Com o sol reinando em Spielberg, a MotoGP encontrou temperaturas mais elevadas na tarde desta sexta-feira (21). Quando o cron\u00f4metro passou a contar os 45 minutos da sess\u00e3o, os term\u00f4metros marcavam 30,5\u00b0C, com o asfalto chegando a 52,4\u00b0C.<\/p>\n\n\n\n<p class=\"wp-block-paragraph\">Pol Espargar\u00f3 abriu a sess\u00e3o com um ritmo forte e logo tomou a ponta, tratando de baixar a marca na sequ\u00eancia para chegar em 1min24s203, 0s434 melhor que Franco Morbidelli. No giro seguinte, Maverick Vi\u00f1ales subiu para o segundo posto, reduzindo para 0s395 a margem do piloto da KTM.<\/p>\n\n\n\n<p class=\"wp-block-paragraph\">L\u00edder do Mundial, Fabio Quartararo aparecia na quarta coloca\u00e7\u00e3o, 0s093 \u00e0 frente de Takaaki Nakagami. \u00c1lex M\u00e1rquez tamb\u00e9m come\u00e7ou bem a sess\u00e3o e aparecia na s\u00e9tima coloca\u00e7\u00e3o, 0s598 atr\u00e1s do ponteiro.<\/p>\n\n\n\n<figure class=\"wp-block-embed-twitter wp-block-embed is-type-rich is-provider-twitter\"><div class=\"wp-block-embed__wrapper\">\n<blockquote class=\"twitter-tweet\" data-width=\"500\" data-dnt=\"true\"><p lang=\"en\" dir=\"ltr\">Our morning pacesetter is always fired up! \ud83d\udd25<br><br>Take a look at <a href=\"https:\/\/x.com\/jackmilleraus?ref_src=twsrc%5Etfw\">@jackmilleraus<\/a>&#39; heart rate as he gets down to business in FP2! \ud83d\udc93<a href=\"https:\/\/x.com\/hashtag\/AustrianGP?src=hash&amp;ref_src=twsrc%5Etfw\">#AustrianGP<\/a> \ud83c\udfc1 <a href=\"https:\/\/t.co\/4B7AOXu0nI\">pic.twitter.com\/4B7AOXu0nI<\/a><\/p>&mdash; MotoGP\u2122\ud83c\udfc1 (@MotoGP) <a href=\"https:\/\/x.com\/MotoGP\/status\/1296783924211875841?ref_src=twsrc%5Etfw\">August 21, 2020<\/a><\/blockquote><script async src=\"https:\/\/platform.x.com\/widgets.js\" charset=\"utf-8\"><\/script>\n<\/div><\/figure>\n\n\n\n<p class=\"wp-block-paragraph\">Maverick insistiu mais um pouco e reduziu a vantagem de Pol para 0s237. Morbidelli, apesar de um passeio pela brita da curva 4, seguia em terceiro, \u00e0 frente de Quartararo, Nakagami e Aleix Espargar\u00f3.<\/p>\n\n\n\n<p class=\"wp-block-paragraph\">Antes de parar nos boxes, Andrea Dovizioso anotou 1min24s774 e saltou para s\u00e9timo, mas logo caiu uma posi\u00e7\u00e3o, j\u00e1 que \u00c1lex Rins se instalou em terceiro, 0s408 mais lento que Pol.<\/p>\n\n\n\n<figure class=\"wp-block-embed-twitter wp-block-embed is-type-rich is-provider-twitter\"><div class=\"wp-block-embed__wrapper\">\n<blockquote class=\"twitter-tweet\" data-width=\"500\" data-dnt=\"true\"><p lang=\"en\" dir=\"ltr\">Turn 4 catches out <a href=\"https:\/\/x.com\/FrankyMorbido12?ref_src=twsrc%5Etfw\">@FrankyMorbido12<\/a>! \ud83d\udc40<br><br>The <a href=\"https:\/\/x.com\/sepangracing?ref_src=twsrc%5Etfw\">@sepangracing<\/a> rider overshoots Turn 4! \ud83d\udca8<a href=\"https:\/\/x.com\/hashtag\/AustrianGP?src=hash&amp;ref_src=twsrc%5Etfw\">#AustrianGP<\/a> \ud83c\udfc1 <a href=\"https:\/\/t.co\/TSoycGTyxG\">pic.twitter.com\/TSoycGTyxG<\/a><\/p>&mdash; MotoGP\u2122\ud83c\udfc1 (@MotoGP) <a href=\"https:\/\/x.com\/MotoGP\/status\/1296785316313993224?ref_src=twsrc%5Etfw\">August 21, 2020<\/a><\/blockquote><script async src=\"https:\/\/platform.x.com\/widgets.js\" charset=\"utf-8\"><\/script>\n<\/div><\/figure>\n\n\n\n<p class=\"wp-block-paragraph\">De volta \u00e0 pista com um par de pneus m\u00e9dios, Rossi anotou 1min24s767 e saltou para a oitava coloca\u00e7\u00e3o, 0s564 atr\u00e1s de Pol, que seguia intocado na lideran\u00e7a. Quartararo tamb\u00e9m melhorou e agora vinha em sexto.<\/p>\n\n\n\n<p class=\"wp-block-paragraph\">Tamb\u00e9m com um par de m\u00e9dios, Brad Binder foi a 1min24s505 e assumiu o quarto posto, 0s302 atr\u00e1s de Pol. Rins tamb\u00e9m foi melhor e, com um par de macios, assumiu o segundo posto, 0s008 atr\u00e1s do l\u00edder.<\/p>\n\n\n\n<p class=\"wp-block-paragraph\">Rins, ent\u00e3o, baixou para 1min24s122 e tomou a lideran\u00e7a da KTM por s\u00f3 0s081. Binder avan\u00e7ou para terceiro, \u00e0 frente de Vi\u00f1ales e Morbidelli.<\/p>\n\n\n\n<figure class=\"wp-block-embed-twitter wp-block-embed is-type-rich is-provider-twitter\"><div class=\"wp-block-embed__wrapper\">\n<blockquote class=\"twitter-tweet\" data-width=\"500\" data-dnt=\"true\"><p lang=\"en\" dir=\"ltr\">A nice chilled Friday afternoon for <a href=\"https:\/\/x.com\/mvkoficial12?ref_src=twsrc%5Etfw\">@mvkoficial12<\/a>? \ud83d\ude02<br><br>Certainly compared to <a href=\"https:\/\/x.com\/jackmilleraus?ref_src=twsrc%5Etfw\">@jackmilleraus<\/a> anyway, check the heart rates!!! \ud83d\udc93<a href=\"https:\/\/x.com\/hashtag\/AustrianGP?src=hash&amp;ref_src=twsrc%5Etfw\">#AustrianGP<\/a> \ud83c\udfc1 <a href=\"https:\/\/t.co\/dwbLqyOcfJ\">pic.twitter.com\/dwbLqyOcfJ<\/a><\/p>&mdash; MotoGP\u2122\ud83c\udfc1 (@MotoGP) <a href=\"https:\/\/x.com\/MotoGP\/status\/1296788848526188545?ref_src=twsrc%5Etfw\">August 21, 2020<\/a><\/blockquote><script async src=\"https:\/\/platform.x.com\/widgets.js\" charset=\"utf-8\"><\/script>\n<\/div><\/figure>\n\n\n\n<p class=\"wp-block-paragraph\">Quando partiram para a \u00faltima rodada de pit-stops, o top-10 tinha Rins, Pol, Binder, Vi\u00f1ales, Morbidelli, Nakagami, Quartararo, Aleix, Rossi e Dovizioso. M\u00e1rquez tinha ca\u00eddo para 11\u00ba.<\/p>\n\n\n\n<p class=\"wp-block-paragraph\">Mir voltou a pista e de cara mudou a posi\u00e7\u00e3o na tabela. Com 1min24s608, o espanhol subiu para quinto, 0s486 atr\u00e1s do parceiro de Suzuki. Mas em se tratando dos minutos finais, era hora de os tempos ca\u00edrem para valer.<\/p>\n\n\n\n<p class=\"wp-block-paragraph\">Com um pneu duro na frente e um macio atr\u00e1s, Pol foi a 1min23s764 e retomou o comando, 0s358 melhor que Rins. Mir, ent\u00e3o, foi 0s053 melhor que \u00c1lex para ficar com o segundo posto. Mais atr\u00e1s, Iker Lecuona avan\u00e7o para sexto, com \u00c1lex M\u00e1rquez em nono.<\/p>\n\n\n\n<figure class=\"wp-block-embed-twitter wp-block-embed is-type-rich is-provider-twitter\"><div class=\"wp-block-embed__wrapper\">\n<blockquote class=\"twitter-tweet\" data-width=\"500\" data-dnt=\"true\"><p lang=\"en\" dir=\"ltr\">Another signal of intent from <a href=\"https:\/\/x.com\/polespargaro?ref_src=twsrc%5Etfw\">@polespargaro<\/a> and KTM! \ud83d\udd25<br><br>The Spaniard sets the fastest lap of the weekend to edge out <a href=\"https:\/\/x.com\/takanakagami30?ref_src=twsrc%5Etfw\">@takanakagami30<\/a> in FP2! \ud83d\udc4f<a href=\"https:\/\/x.com\/hashtag\/AustrianGP?src=hash&amp;ref_src=twsrc%5Etfw\">#AustrianGP<\/a> \ud83c\udfc1 <a href=\"https:\/\/t.co\/GrJ8utDcgo\">pic.twitter.com\/GrJ8utDcgo<\/a><\/p>&mdash; MotoGP\u2122\ud83c\udfc1 (@MotoGP) <a href=\"https:\/\/x.com\/MotoGP\/status\/1296794217419812869?ref_src=twsrc%5Etfw\">August 21, 2020<\/a><\/blockquote><script async src=\"https:\/\/platform.x.com\/widgets.js\" charset=\"utf-8\"><\/script>\n<\/div><\/figure>\n\n\n\n<p class=\"wp-block-paragraph\">Mir apertou o passo na sequ\u00eancia, reduzindo a margem do ca\u00e7ula dos Espargar\u00f3 para 0s143. Nakagami seguiu o mesmo caminho e pulou para terceiro. Mais atr\u00e1s, Oliveira avan\u00e7ou para quinto.<\/p>\n\n\n\n<p class=\"wp-block-paragraph\">Na reta final da sess\u00e3o, Quartararo apareceu verdadeiramente frustrado, irritado com a performance. Pouco depois, o #20 escapou da pista na curva 4. O franc\u00eas tinha o 11\u00ba tempo.<\/p>\n\n\n\n<p class=\"wp-block-paragraph\">Vi\u00f1ales melhorou mais uma vez e saltou para sexto, 0s002 melhor que Morbidelli, o s\u00e9timo. Aleix, Binder e Lecuona vinham atr\u00e1s, com Rossi melhorando para ser 11\u00ba.<\/p>\n\n\n\n<p class=\"wp-block-paragraph\">Com a bandeira quadriculada tremulando no Red Bull Ring, Nakagami saltou para segundo, 0s266 atr\u00e1s de Pol. Mir, Rins e Vi\u00f1ales completavam o top-5.<\/p>\n\n\n\n<h4 class=\"wp-block-heading\"><strong>MotoGP 2020, GP da Est\u00edria, Red Bull Ring, Treino livre 2:<\/strong><\/h4>\n\n\n\n<figure class=\"wp-block-table\"><table><tbody><tr><td><strong>1<\/strong><\/td><td>P ESPARGAR\u00d3<\/td><td>KTM<\/td><td>1:23.638<\/td><td>&nbsp;<\/td><\/tr><tr><td><strong>2<\/strong><\/td><td>T NAKAGAMI<\/td><td>LCR Honda<\/td><td>1:23.904<\/td><td>+0.266<\/td><\/tr><tr><td><strong>3<\/strong><\/td><td>J MIR<\/td><td>Suzuki<\/td><td>1:23.907<\/td><td>+0.269<\/td><\/tr><tr><td><strong>4<\/strong><\/td><td>A RINS<\/td><td>Suzuki<\/td><td>1:24.009<\/td><td>+0.371<\/td><\/tr><tr><td><strong>5<\/strong><\/td><td>M VI\u00d1ALES<\/td><td>Yamaha<\/td><td>1:24.060<\/td><td>+0.422<\/td><\/tr><tr><td><strong>6<\/strong><\/td><td>M OLIVEIRA<\/td><td>Tech3 KTM<\/td><td>1:24.118<\/td><td>+0.480<\/td><\/tr><tr><td><strong>7<\/strong><\/td><td>F MORBIDELLI<\/td><td>SRT Yamaha<\/td><td>1:24.187<\/td><td>+0.549<\/td><\/tr><tr><td><strong>8<\/strong><\/td><td>A ESPARGAR\u00d3<\/td><td>Aprilia Gresini<\/td><td>1:24.366<\/td><td>+0.728<\/td><\/tr><tr><td><strong>9<\/strong><\/td><td>V ROSSI<\/td><td>Yamaha<\/td><td>1:24.378<\/td><td>+0.740<\/td><\/tr><tr><td><strong>10<\/strong><\/td><td>B BINDER<\/td><td>KTM<\/td><td>1:24.427<\/td><td>+0.789<\/td><\/tr><tr><td><strong>11<\/strong><\/td><td>I LECUONA<\/td><td>Tech3 KTM<\/td><td>1:24.429<\/td><td>+0.791<\/td><\/tr><tr><td><strong>12<\/strong><\/td><td>\u00c1 M\u00c1RQUEZ<\/td><td>Honda<\/td><td>1:24.463<\/td><td>+0.825<\/td><\/tr><tr><td><strong>13<\/strong><\/td><td>C CRUTCHLOW<\/td><td>LCR Honda<\/td><td>1:24.560<\/td><td>+0.922<\/td><\/tr><tr><td><strong>14<\/strong><\/td><td>F QUARTARARO<\/td><td>SRT Yamaha<\/td><td>1:24.643<\/td><td>+1.005<\/td><\/tr><tr><td><strong>15<\/strong><\/td><td>A DOVIZIOSO<\/td><td>Ducati<\/td><td>1:24.774<\/td><td>+1.136<\/td><\/tr><tr><td><strong>16<\/strong><\/td><td>M PIRRO<\/td><td>Pramac Ducati<\/td><td>1:24.807<\/td><td>+1.169<\/td><\/tr><tr><td><strong>17<\/strong><\/td><td>J MILLER<\/td><td>Pramac Ducati<\/td><td>1:24.925<\/td><td>+1.287<\/td><\/tr><tr><td><strong>18<\/strong><\/td><td>D PETRUCCI<\/td><td>Ducati<\/td><td>1:24.985<\/td><td>+1.347<\/td><\/tr><tr><td><strong>19<\/strong><\/td><td>B SMITH<\/td><td>Aprilia Gresini<\/td><td>1:25.025<\/td><td>+1.387<\/td><\/tr><tr><td><strong>20<\/strong><\/td><td>S BRADL<\/td><td>Honda<\/td><td>1:25.057<\/td><td>+1.419<\/td><\/tr><tr><td><strong>21<\/strong><\/td><td>T RABAT<\/td><td>Avintia Ducati<\/td><td>2:25.221<\/td><td>+1.583<\/td><\/tr><tr><td><strong>&nbsp;<\/strong><\/td><td>J ZARCO<\/td><td>Avintia Ducati<\/td><td>&nbsp;<\/td><td>&nbsp;<\/td><\/tr><\/tbody><\/table><\/figure>\n\n\n\n<figure class=\"wp-block-embed-dailymotion wp-block-embed is-type-video is-provider-dailymotion wp-embed-aspect-16-9 wp-has-aspect-ratio\"><div class=\"wp-block-embed__wrapper\">\n<iframe loading=\"lazy\" title=\"Ducati precisa aprender a VALORIZAR pilotos por T\u00cdTULO na MotoGP | GP \u00e0s 10\" frameborder=\"0\" width=\"500\" height=\"281\" src=\"https:\/\/geo.dailymotion.com\/player.html?video=x7vnerb&#038;\" allowfullscreen allow=\"autoplay; fullscreen; picture-in-picture; web-share\"><\/iframe>\n<\/div><\/figure>\n\n\n","protected":false},"excerpt":{"rendered":"<p>O piloto da KTM dominou a sess\u00e3o e fechou o treino da tarde desta sexta-feira (21) com 0s266 de margem para Takaaki Nakagami. Joan Mir fechou o top-3, com um irritado Fabio Quartararo 1s atr\u00e1s do l\u00edder<\/p>\n","protected":false},"author":0,"featured_media":1000409245,"comment_status":"closed","ping_status":"closed","sticky":false,"template":"","format":"standard","meta":{"42wp_featured_image_caption":"","42wp_featured_image_credits":"","42wp_featured_video":"","42wp_featured_image_hidden":false,"42wp_authors_list":[],"footnotes":""},"categories":[8],"tags":[24872,143,133,24892,151,25820,142,131,25063,110,130,144,132,24996,25020,79,174,78,173,25821,25819,847,1763,4613,134,80,172],"42wp_author":[47113],"class_list":["post-127819","post","type-post","status-publish","format-standard","has-post-thumbnail","hentry","category-motogp","tag-aleix-espargaro-2","tag-andrea-dovizioso","tag-aprilia","tag-austria-2","tag-brad-binder","tag-calendario-2020-motogp","tag-danilo-petrucci","tag-ducati","tag-estiria","tag-fabio-quartararo","tag-honda","tag-johann-zarco","tag-ktm","tag-marc-marquez-2","tag-maverick-vinales-2","tag-moto-gp","tag-moto-gp-2020","tag-motogp","tag-motogp-2020","tag-motogp-2020-transmissao-brasil","tag-motogp-hoje","tag-mundial-de-motovelocidade","tag-red-bull-ring","tag-spielberg","tag-suzuki","tag-valentino-rossi","tag-yamaha","42wp_author-juliana-tesser"],"_links":{"self":[{"href":"https:\/\/grandepremio.com\/br\/wp-json\/wp\/v2\/posts\/127819","targetHints":{"allow":["GET"]}}],"collection":[{"href":"https:\/\/grandepremio.com\/br\/wp-json\/wp\/v2\/posts"}],"about":[{"href":"https:\/\/grandepremio.com\/br\/wp-json\/wp\/v2\/types\/post"}],"replies":[{"embeddable":true,"href":"https:\/\/grandepremio.com\/br\/wp-json\/wp\/v2\/comments?post=127819"}],"version-history":[{"count":0,"href":"https:\/\/grandepremio.com\/br\/wp-json\/wp\/v2\/posts\/127819\/revisions"}],"wp:featuredmedia":[{"embeddable":true,"href":"https:\/\/grandepremio.com\/br\/wp-json\/wp\/v2\/media\/1000409245"}],"wp:attachment":[{"href":"https:\/\/grandepremio.com\/br\/wp-json\/wp\/v2\/media?parent=127819"}],"wp:term":[{"taxonomy":"category","embeddable":true,"href":"https:\/\/grandepremio.com\/br\/wp-json\/wp\/v2\/categories?post=127819"},{"taxonomy":"post_tag","embeddable":true,"href":"https:\/\/grandepremio.com\/br\/wp-json\/wp\/v2\/tags?post=127819"},{"taxonomy":"42wp_author","embeddable":true,"href":"https:\/\/grandepremio.com\/br\/wp-json\/wp\/v2\/42wp_author?post=127819"}],"curies":[{"name":"wp","href":"https:\/\/api.w.org\/{rel}","templated":true}]}}