{"id":127826,"date":"2020-08-21T08:09:43","date_gmt":"2020-08-21T11:09:43","guid":{"rendered":"https:\/\/grandepremio.com\/br\/noticias\/oliveira-questiona-inteligencia-e-pol-espargaro-se-surpreende-com-grande-falta-de-respeito\/"},"modified":"2020-08-21T08:09:49","modified_gmt":"2020-08-21T11:09:49","slug":"oliveira-questiona-inteligencia-e-pol-espargaro-se-surpreende-com-grande-falta-de-respeito","status":"publish","type":"post","link":"https:\/\/grandepremio.com\/br\/motogp\/oliveira-questiona-inteligencia-e-pol-espargaro-se-surpreende-com-grande-falta-de-respeito\/","title":{"rendered":"Oliveira questiona intelig\u00eancia e Pol Espargar\u00f3 se surpreende com &#8220;grande falta de respeito&#8221;"},"content":{"rendered":"\n<p class=\"wp-block-paragraph\">Pol Espargar\u00f3 ficou bastante surpreso com as palavras disparadas por Miguel Oliveira ap\u00f3s o acidente na \u00c1ustria. O espanhol disse crer que seu relacionamento com o portugu\u00eas era bom e falou em grande falta de respeito do piloto.<\/p>\n\n\n\n<p class=\"wp-block-paragraph\">No Red Bull Ring, na \u00faltima semana, a dupla se envolveu em um incidente na segunda metade da prova. Os companheiros de KTM acabaram se enroscando e indo ao ch\u00e3o, causando o segundo abandono de cada no campeonato.<\/p>\n\n\n\n<p class=\"wp-block-paragraph\">Mas o luso n\u00e3o poupou as cr\u00edticas ao advers\u00e1rio catal\u00e3o. Na entrevista a emissora francesa Canal+, afirmou que \u201cnem todos nascem com a mesma intelig\u00eancia\u201d. Posteriormente, com an\u00e1lise da telemetria, o Painel de Comiss\u00e1rios da FIM [Federa\u00e7\u00e3o Internacional de Motociclismo] concluiu que a culpa do acidente foi o Miguel.<\/p>\n\n\n\n<p class=\"wp-block-paragraph\">\u201cEu me surpreendi muito [com as declara\u00e7\u00f5es], pensava que a rela\u00e7\u00e3o com Miguel era boa. \u00c0s vezes, estive em situa\u00e7\u00f5es parecidas e me chateei com os advers\u00e1rios, mas acredito que nunca faltei com respeito com eles, e menos ainda com um companheiro de equipe. N\u00e3o foi uma boa declara\u00e7\u00e3o e sequer pediu desculpas\u201d, disse o espanhol.<\/p>\n\n\n\n<figure class=\"wp-block-image size-large\"><img decoding=\"async\" src=\"https:\/\/www.grandepremio.com\/br\/wp-content\/uploads\/2020\/08\/Ef5OM-BXYAEiyBB.jpg\" alt=\"\" class=\"wp-image-409206\"\/><figcaption>Oliveira n\u00e3o se conformou com o acidente (Foto: Reprodu\u00e7\u00e3o)<\/figcaption><\/figure>\n\n\n\n<p class=\"wp-block-paragraph\">\u201cJamais diria que nem todos nascemos com a mesma intelig\u00eancia. Isso me parece uma declara\u00e7\u00e3o muito dura, especialmente porque a moto que est\u00e1 pilotando fui eu quem fez. \u00c9 uma grande falta de respeito, mas n\u00e3o disse nada at\u00e9 o momento. Se passou uma semana e nada foi dito que Miguel faltou com o respeito\u201d, continuou.<\/p>\n\n\n\n<p class=\"wp-block-paragraph\">\u201cAcredito que falou no calor do momento, mas n\u00e3o utilizou palavras para expressar essa situa\u00e7\u00e3o, especialmente neste caso, em que n\u00e3o foi culpa minha. Depois de tudo o que se passou nas duas \u00faltimas corridas, nos chamaram porque queriam entender o que aconteceu pelo nosso ponto de vista\u201d, emendou o titular da KTM.<\/p>\n\n\n\n<p class=\"wp-block-paragraph\">\u201cPela televis\u00e3o ou pelo que diz um piloto d\u00e1 para ter uma ideia, mas para entender tem de ouvir o protagonista. At\u00e9 Freddi Spencer [diretor do painel], que \u00e9 uma lenda da MotoGP, queria conhecer nosso ponto de vista, pois entende que pela televis\u00e3o se v\u00ea de forma diferente\u201d, completou.<\/p>\n\n\n\n<p class=\"wp-block-paragraph\">Pol ainda falou sobre o v\u00eddeo fornecido pela KTM, explicando que \u201ccom um frame das imagens da \u00faltima corrida foi visto que Oliveira estava caindo antes mesmo de bater em minha moto, o mesmo que se v\u00ea nos dados. S\u00f3 pudemos mostrar no papel.\u201d<\/p>\n\n\n\n<p class=\"wp-block-paragraph\">\u201cNo final, concordaram comigo e com [Mike] Leitner [chefe da KTM]. Entenderam que foi um lance de corrida e que se algu\u00e9m poderia ter evitado era Miguel, que j\u00e1 estava perdendo a roda dianteira\u201d, encerrou.<\/p>\n\n\n","protected":false},"excerpt":{"rendered":"<p>O espanhol ressaltou que pensava ter uma boa rela\u00e7\u00e3o com o portugu\u00eas, que sequer pediu desculpas pelas fortes palavras<\/p>\n","protected":false},"author":0,"featured_media":1000407152,"comment_status":"closed","ping_status":"closed","sticky":false,"template":"","format":"standard","meta":{"42wp_featured_image_caption":"","42wp_featured_image_credits":"","42wp_featured_video":"","42wp_featured_image_hidden":false,"42wp_authors_list":[],"footnotes":""},"categories":[8],"tags":[24892,25820,25063,132,149,79,174,78,173,25821,25819,656,847,24995,1763,4613],"42wp_author":[47109],"class_list":["post-127826","post","type-post","status-publish","format-standard","has-post-thumbnail","hentry","category-motogp","tag-austria-2","tag-calendario-2020-motogp","tag-estiria","tag-ktm","tag-miguel-oliveira","tag-moto-gp","tag-moto-gp-2020","tag-motogp","tag-motogp-2020","tag-motogp-2020-transmissao-brasil","tag-motogp-hoje","tag-motores","tag-mundial-de-motovelocidade","tag-pol-espargaro-2","tag-red-bull-ring","tag-spielberg","42wp_author-redacao-gp"],"_links":{"self":[{"href":"https:\/\/grandepremio.com\/br\/wp-json\/wp\/v2\/posts\/127826","targetHints":{"allow":["GET"]}}],"collection":[{"href":"https:\/\/grandepremio.com\/br\/wp-json\/wp\/v2\/posts"}],"about":[{"href":"https:\/\/grandepremio.com\/br\/wp-json\/wp\/v2\/types\/post"}],"replies":[{"embeddable":true,"href":"https:\/\/grandepremio.com\/br\/wp-json\/wp\/v2\/comments?post=127826"}],"version-history":[{"count":0,"href":"https:\/\/grandepremio.com\/br\/wp-json\/wp\/v2\/posts\/127826\/revisions"}],"wp:featuredmedia":[{"embeddable":true,"href":"https:\/\/grandepremio.com\/br\/wp-json\/wp\/v2\/media\/1000407152"}],"wp:attachment":[{"href":"https:\/\/grandepremio.com\/br\/wp-json\/wp\/v2\/media?parent=127826"}],"wp:term":[{"taxonomy":"category","embeddable":true,"href":"https:\/\/grandepremio.com\/br\/wp-json\/wp\/v2\/categories?post=127826"},{"taxonomy":"post_tag","embeddable":true,"href":"https:\/\/grandepremio.com\/br\/wp-json\/wp\/v2\/tags?post=127826"},{"taxonomy":"42wp_author","embeddable":true,"href":"https:\/\/grandepremio.com\/br\/wp-json\/wp\/v2\/42wp_author?post=127826"}],"curies":[{"name":"wp","href":"https:\/\/api.w.org\/{rel}","templated":true}]}}