{"id":127828,"date":"2020-08-21T07:32:51","date_gmt":"2020-08-21T10:32:51","guid":{"rendered":"https:\/\/grandepremio.com\/br\/noticias\/yamaha-volta-atras-e-retira-pedido-de-autorizacao-para-abrir-motores-da-m1\/"},"modified":"2020-08-21T07:32:55","modified_gmt":"2020-08-21T10:32:55","slug":"yamaha-volta-atras-e-retira-pedido-de-autorizacao-para-abrir-motores-da-m1","status":"publish","type":"post","link":"https:\/\/grandepremio.com\/br\/motogp\/yamaha-volta-atras-e-retira-pedido-de-autorizacao-para-abrir-motores-da-m1\/","title":{"rendered":"Yamaha volta atr\u00e1s e retira pedido de autoriza\u00e7\u00e3o para abrir motores da M1"},"content":{"rendered":"\n<p class=\"wp-block-paragraph\">A Yamaha desistiu de abrir os motores da YZR-M1 de 2020. A f\u00e1brica de Iwata tinha feito uma solicita\u00e7\u00e3o \u00e0 MSMA (Associa\u00e7\u00e3o das F\u00e1bricas de Motocicletas Esportivas) na esteira de problemas de confiabilidade que marcaram o in\u00edcio da temporada da MotoGP. Nesta sexta-feira (21), por\u00e9m, Lin Jarvis, diretor da equipe, confirmou que voltou atr\u00e1s.<\/p>\n\n\n\n<p class=\"wp-block-paragraph\">A marca dos tr\u00eas diapas\u00f5es tinha feito o pedido para poder trocar componentes internos do motor, mas dependia de uma autoriza\u00e7\u00e3o un\u00e2nime de todas as f\u00e1bricas concorrentes. Pelo regulamento da classe rainha, n\u00e3o podem ser feitas mudan\u00e7as que representem em ganho de performance, apenas solu\u00e7\u00f5es que evitem problemas de seguran\u00e7a.<\/p>\n\n\n\n<p class=\"wp-block-paragraph\">As rivais, por\u00e9m, n\u00e3o aceitaram a explica\u00e7\u00e3o inicial da Yamaha e pediram mais informa\u00e7\u00f5es. A f\u00e1brica, ent\u00e3o, optou por retirar o pedido, j\u00e1 que n\u00e3o teve como apresentar a documenta\u00e7\u00e3o solicitada.<\/p>\n\n\n\n<figure class=\"wp-block-image size-large\"><img decoding=\"async\" src=\"https:\/\/www.grandepremio.com\/br\/wp-content\/uploads\/2020\/08\/MEYMm__TIN3153-1024x683.jpg\" alt=\"\" class=\"wp-image-407842\"\/><figcaption>A dupla da Yamaha j\u00e1 est\u00e1 no limite dos motores (Foto: Yamaha)<\/figcaption><\/figure>\n\n\n\n<p class=\"wp-block-paragraph\">\u201cNas \u00faltimas duas semanas aqui em Spielberg, tiveram duas reuni\u00f5es da MSMA. Honestamente, a agenda \u00e9 muito, muito cheia. S\u00e3o muitas coisas para discutir, incluindo os nossos motores, incluindo concess\u00f5es, incluindo muitas coisas de bastidores, ent\u00e3o h\u00e1 uma semana a Yamaha fez um pedido, n\u00e3o diretamente para a MSMA, mas pedimos ao diretor-t\u00e9cnico da MotoGP \u2015 pois este \u00e9 o protocolo \u2015 para abrir o motor e trocar alguns componentes por uma quest\u00e3o de seguran\u00e7a\u201d, explicou Jarvis ao site da MotoGP. \u201cFizemos o pedido h\u00e1 uma semana para trocar algumas v\u00e1lvulas em motores que paramos de usar por causa das duas falhas que tivemos no primeiro GP\u201d, seguiu, se referindo a problemas com as motos de Valentino Rossi e Maverick Vi\u00f1ales no GP da Espanha.<\/p>\n\n\n\n<p class=\"wp-block-paragraph\">\u201cNa primeira reuni\u00e3o, nos pediram para fornecer mais evid\u00eancias ou evid\u00eancias especificas, ambas da fabrica\u00e7\u00e3o das v\u00e1lvulas e tamb\u00e9m de propriedades espec\u00edficas das v\u00e1lvulas. Na semana que passou depois dessa primeira reuni\u00e3o, n\u00f3s investigamos profundamente dentro da f\u00e1brica e tamb\u00e9m falamos com o fornecedor e, no fim, n\u00e3o conseguimos fornecer a documenta\u00e7\u00e3o solicitada\u201d, contou. \u201cAl\u00e9m disso, tamb\u00e9m descobrimos muito mais sobre os problemas de v\u00e1lvulas que tivemos, ent\u00e3o voltamos atr\u00e1s. Ontem foi uma reuni\u00e3o muito curta, pois retiramos formalmente nosso pedido\u201d, relatou.<\/p>\n\n\n\n<p class=\"wp-block-paragraph\">Agora, a Yamaha espera conseguir lidar com o problema apenas modificando o acerto do motor. Neste ano, a marca dos tr\u00eas diapas\u00f5es \u2015 assim como Honda, Ducati e Suzuki, as f\u00e1bricas que n\u00e3o contam com concess\u00f5es \u2015 podem usar apenas cinco motores.<\/p>\n\n\n\n<p class=\"wp-block-paragraph\">\u201cO que vamos fazer para lidar com a situa\u00e7\u00e3o \u00e9 que, ao mesmo tempo em que conseguimos investigar mais profundamente as v\u00e1lvulas em si, tamb\u00e9m vimos a causa prov\u00e1vel da falha, ent\u00e3o vamos lidar com a situa\u00e7\u00e3o. Estamos completamente confiantes de que conseguiremos sem ter nenhum problema de seguran\u00e7a na pista\u201d, declarou. \u201cFaremos isso com uma combina\u00e7\u00e3o de mudan\u00e7a no acerto do motor e tamb\u00e9m com a rota\u00e7\u00e3o deles ao longo da temporada. A conclus\u00e3o \u00e9 que retiramos nosso pedido e estamos confiantes em seguir em frente. De fato, voltamos a usar alguns dos motores originais neste fim de semana\u201d, completou.<\/p>\n\n\n\n<p class=\"wp-block-paragraph\">De acordo com a lista de motores mais recente publicada pela Dorna, a Yamaha j\u00e1 come\u00e7ou a usar os cinco motores de Vi\u00f1ales neste ano, assim como Franco Morbidelli, da sat\u00e9lite SRT. Valentino Rossi e Fabio Quartararo j\u00e1 est\u00e3o na quarta unidade. Com exce\u00e7\u00e3o do l\u00edder do Mundial, os outros tr\u00eas pilotos tiveram um propulsor retirado da aloca\u00e7\u00e3o.<\/p>\n\n\n\n<figure class=\"wp-block-embed-dailymotion wp-block-embed is-type-video is-provider-dailymotion wp-embed-aspect-16-9 wp-has-aspect-ratio\"><div class=\"wp-block-embed__wrapper\">\n<iframe loading=\"lazy\" title=\"Ducati precisa aprender a VALORIZAR pilotos por T\u00cdTULO na MotoGP | GP \u00e0s 10\" frameborder=\"0\" width=\"500\" height=\"281\" src=\"https:\/\/geo.dailymotion.com\/player.html?video=x7vnerb&#038;\" allowfullscreen allow=\"autoplay; fullscreen; picture-in-picture; web-share\"><\/iframe>\n<\/div><\/figure>\n\n\n","protected":false},"excerpt":{"rendered":"<p>A f\u00e1brica de Iwata tinha solicitado autoriza\u00e7\u00e3o da MSMA (Associa\u00e7\u00e3o das F\u00e1bricas de Motocicletas Esportivas) para abrir os motores da YZR-M1, mas n\u00e3o conseguiu fornecer a documenta\u00e7\u00e3o necess\u00e1ria para convencer as f\u00e1bricas rivais<\/p>\n","protected":false},"author":0,"featured_media":1000407115,"comment_status":"closed","ping_status":"closed","sticky":false,"template":"","format":"standard","meta":{"42wp_featured_image_caption":"","42wp_featured_image_credits":"","42wp_featured_video":"","42wp_featured_image_hidden":false,"42wp_authors_list":[],"footnotes":""},"categories":[8],"tags":[24892,25820,25063,79,174,78,173,25821,25819,656,847,1763,4613,172],"42wp_author":[47113],"class_list":["post-127828","post","type-post","status-publish","format-standard","has-post-thumbnail","hentry","category-motogp","tag-austria-2","tag-calendario-2020-motogp","tag-estiria","tag-moto-gp","tag-moto-gp-2020","tag-motogp","tag-motogp-2020","tag-motogp-2020-transmissao-brasil","tag-motogp-hoje","tag-motores","tag-mundial-de-motovelocidade","tag-red-bull-ring","tag-spielberg","tag-yamaha","42wp_author-juliana-tesser"],"_links":{"self":[{"href":"https:\/\/grandepremio.com\/br\/wp-json\/wp\/v2\/posts\/127828","targetHints":{"allow":["GET"]}}],"collection":[{"href":"https:\/\/grandepremio.com\/br\/wp-json\/wp\/v2\/posts"}],"about":[{"href":"https:\/\/grandepremio.com\/br\/wp-json\/wp\/v2\/types\/post"}],"replies":[{"embeddable":true,"href":"https:\/\/grandepremio.com\/br\/wp-json\/wp\/v2\/comments?post=127828"}],"version-history":[{"count":0,"href":"https:\/\/grandepremio.com\/br\/wp-json\/wp\/v2\/posts\/127828\/revisions"}],"wp:featuredmedia":[{"embeddable":true,"href":"https:\/\/grandepremio.com\/br\/wp-json\/wp\/v2\/media\/1000407115"}],"wp:attachment":[{"href":"https:\/\/grandepremio.com\/br\/wp-json\/wp\/v2\/media?parent=127828"}],"wp:term":[{"taxonomy":"category","embeddable":true,"href":"https:\/\/grandepremio.com\/br\/wp-json\/wp\/v2\/categories?post=127828"},{"taxonomy":"post_tag","embeddable":true,"href":"https:\/\/grandepremio.com\/br\/wp-json\/wp\/v2\/tags?post=127828"},{"taxonomy":"42wp_author","embeddable":true,"href":"https:\/\/grandepremio.com\/br\/wp-json\/wp\/v2\/42wp_author?post=127828"}],"curies":[{"name":"wp","href":"https:\/\/api.w.org\/{rel}","templated":true}]}}