{"id":127840,"date":"2020-08-20T17:31:48","date_gmt":"2020-08-20T20:31:48","guid":{"rendered":"https:\/\/grandepremio.com\/br\/noticias\/apos-reuniao-com-zarco-e-morbidelli-fim-mantem-suspense-e-deixa-decisao-para-sexta\/"},"modified":"2020-08-20T17:32:00","modified_gmt":"2020-08-20T20:32:00","slug":"apos-reuniao-com-zarco-e-morbidelli-fim-mantem-suspense-e-deixa-decisao-para-sexta","status":"publish","type":"post","link":"https:\/\/grandepremio.com\/br\/motogp\/apos-reuniao-com-zarco-e-morbidelli-fim-mantem-suspense-e-deixa-decisao-para-sexta\/","title":{"rendered":"Ap\u00f3s reuni\u00e3o com Zarco e Morbidelli, FIM mant\u00e9m suspense e deixa decis\u00e3o para sexta"},"content":{"rendered":"\n<figure class=\"wp-block-embed-dailymotion wp-block-embed is-type-video is-provider-dailymotion wp-embed-aspect-16-9 wp-has-aspect-ratio\"><div class=\"wp-block-embed__wrapper\">\n<iframe loading=\"lazy\" title=\"Ducati precisa aprender a VALORIZAR pilotos por T\u00cdTULO na MotoGP | GP \u00e0s 10\" frameborder=\"0\" width=\"500\" height=\"281\" src=\"https:\/\/geo.dailymotion.com\/player.html?video=x7vnerb&#038;\" allowfullscreen allow=\"autoplay; fullscreen; picture-in-picture; web-share\"><\/iframe>\n<\/div><\/figure>\n\n\n\n<p class=\"wp-block-paragraph\">A decis\u00e3o que todos estavam esperando, saiu e n\u00e3o saiu, tudo ao mesmo tempo. Confuso? Ap\u00f3s anunciar a realiza\u00e7\u00e3o das audi\u00eancias com rela\u00e7\u00e3o aos eventos investigados que ficaram do GP da \u00c1ustria da semana passada, a decis\u00e3o sobre <a href=\"https:\/\/www.grandepremio.com\/br\/motogp\/noticias\/zarco-derruba-morbidelli-e-provoca-acidente-assustador-no-gp-da-austria\/?fl=true&amp;utm_source=lance\">acidente assustador<\/a> no qual se envolveram Franco Morbidelli e Johann Zarco ficou para a sexta-feira.<\/p>\n\n\n\n<p class=\"wp-block-paragraph\">As audi\u00eancias da FIM foram realizadas no mesmo local que recebeu a corrida do fim de semana passado e que volta a receber as motos nesta semana, no GP da Est\u00edria: o Red Bull Ring.<\/p>\n\n\n\n<p class=\"wp-block-paragraph\">O incidente rodou o mundo logo ap\u00f3s acontecer. Zarco atacou Morbidelli de forma descuidada, os dois tocaram e ca\u00edram. Mas o impacto fez com que a moto Yamaha do \u00edtalo-brasileiro voltou para a pista ap\u00f3s o impacto e cruzou o ar bem entre as cabe\u00e7as de Valentino Rossi e Maverick Vi\u00f1ales, que escaparam por pouco.<\/p>\n\n\n\n<p class=\"wp-block-paragraph\">Desde ent\u00e3o, Zarco tem recebido cr\u00edtica por todos os cantos por conta da atitude agressiva al\u00e9m da conta. Segundo Morbidelli, <a href=\"https:\/\/www.grandepremio.com\/br\/motogp\/noticias\/morbidelli-diz-que-zarco-tem-pouco-amor-pelos-rivais-meio-assassino\/?fl=true&amp;utm_source=lance\">o rival \u00e9 &#8220;meio assassino&#8221;<\/a>.<\/p>\n\n\n\n<p class=\"wp-block-paragraph\">Mesmo assim, a FIM disse apenas que publicar\u00e1 o resultado na sexta-feira. N\u00e3o indicou a hora.<\/p>\n\n\n\n<p class=\"wp-block-paragraph\">Os outros incidentes anunciados foram bem mais leves. Danilo Petrucci recebeu uma advert\u00eancia escrita por fazer gestos direcionados a Aleix Espargar\u00f3 seguindo um encontro na pista durante o Q1 do treino classificat\u00f3rio, ao passo que Miguel Oliveira e Pol Espargar\u00f3 foram liberados sem qualquer puni\u00e7\u00e3o ao acidente que custou a corrida dos dois no domingo.<\/p>\n","protected":false},"excerpt":{"rendered":"<p>A Federa\u00e7\u00e3o Internacional de Motociclismo escutou os pilotos envolvidos diretamente no acidente que marcou o GP da \u00c1ustria e avisou que an\u00fancio sobre puni\u00e7\u00e3o fica para come\u00e7o do fim de semana do GP da Est\u00edria<\/p>\n","protected":false},"author":0,"featured_media":1000408040,"comment_status":"closed","ping_status":"closed","sticky":false,"template":"","format":"standard","meta":{"42wp_featured_image_caption":"","42wp_featured_image_credits":"","42wp_featured_video":"","42wp_featured_image_hidden":false,"42wp_authors_list":[],"footnotes":""},"categories":[8],"tags":[487,140,24888,24894,144,25020,174,173,1763,80],"42wp_author":[47109],"class_list":["post-127840","post","type-post","status-publish","format-standard","has-post-thumbnail","hentry","category-motogp","tag-acidente","tag-franco-morbidelli","tag-gp-da-austria-2","tag-gp-da-estiria-2","tag-johann-zarco","tag-maverick-vinales-2","tag-moto-gp-2020","tag-motogp-2020","tag-red-bull-ring","tag-valentino-rossi","42wp_author-redacao-gp"],"_links":{"self":[{"href":"https:\/\/grandepremio.com\/br\/wp-json\/wp\/v2\/posts\/127840","targetHints":{"allow":["GET"]}}],"collection":[{"href":"https:\/\/grandepremio.com\/br\/wp-json\/wp\/v2\/posts"}],"about":[{"href":"https:\/\/grandepremio.com\/br\/wp-json\/wp\/v2\/types\/post"}],"replies":[{"embeddable":true,"href":"https:\/\/grandepremio.com\/br\/wp-json\/wp\/v2\/comments?post=127840"}],"version-history":[{"count":0,"href":"https:\/\/grandepremio.com\/br\/wp-json\/wp\/v2\/posts\/127840\/revisions"}],"wp:featuredmedia":[{"embeddable":true,"href":"https:\/\/grandepremio.com\/br\/wp-json\/wp\/v2\/media\/1000408040"}],"wp:attachment":[{"href":"https:\/\/grandepremio.com\/br\/wp-json\/wp\/v2\/media?parent=127840"}],"wp:term":[{"taxonomy":"category","embeddable":true,"href":"https:\/\/grandepremio.com\/br\/wp-json\/wp\/v2\/categories?post=127840"},{"taxonomy":"post_tag","embeddable":true,"href":"https:\/\/grandepremio.com\/br\/wp-json\/wp\/v2\/tags?post=127840"},{"taxonomy":"42wp_author","embeddable":true,"href":"https:\/\/grandepremio.com\/br\/wp-json\/wp\/v2\/42wp_author?post=127840"}],"curies":[{"name":"wp","href":"https:\/\/api.w.org\/{rel}","templated":true}]}}