{"id":127843,"date":"2020-08-20T16:20:39","date_gmt":"2020-08-20T19:20:39","guid":{"rendered":"https:\/\/grandepremio.com\/br\/noticias\/fora-do-calendario-de-2020-por-coronavirus-portland-renova-acordo-com-indy-ate-2023\/"},"modified":"2020-08-20T16:53:04","modified_gmt":"2020-08-20T19:53:04","slug":"fora-do-calendario-de-2020-por-coronavirus-portland-renova-acordo-com-indy-ate-2023","status":"publish","type":"post","link":"https:\/\/grandepremio.com\/br\/indy\/fora-do-calendario-de-2020-por-coronavirus-portland-renova-acordo-com-indy-ate-2023\/","title":{"rendered":"Fora do calend\u00e1rio de 2020 por coronav\u00edrus, Portland renova acordo com Indy at\u00e9 2023"},"content":{"rendered":"\n<figure class=\"wp-block-embed-youtube wp-block-embed is-type-video is-provider-youtube wp-embed-aspect-16-9 wp-has-aspect-ratio\"><div class=\"wp-block-embed__wrapper\">\n<iframe loading=\"lazy\" title=\"HAMILTON sobra na F1, MASSA fora da F\u00f3rmula E e SUSTO na MotoGP | Paddock GP #210\" width=\"500\" height=\"281\" src=\"https:\/\/www.youtube.com\/embed\/NC8-zTYFhzU?feature=oembed\" frameborder=\"0\" allow=\"accelerometer; autoplay; clipboard-write; encrypted-media; gyroscope; picture-in-picture; web-share\" referrerpolicy=\"strict-origin-when-cross-origin\" allowfullscreen><\/iframe>\n<\/div><\/figure>\n\n\n\n<p class=\"wp-block-paragraph\">O GP de Portland est\u00e1 garantido nas pr\u00f3ximas tr\u00eas temporadas da <a href=\"https:\/\/www.grandepremio.com\/br\/indy\/?fl=true&amp;utm_source=lance\">Indy<\/a>. Fora do calend\u00e1rio em 2020, a etapa do misto de Oregon renovou nesta quinta-feira (20) o v\u00ednculo com a categoria e garantiu o acordo at\u00e9 2023. <a href=\"https:\/\/www.grandepremio.com\/br\/indy\/noticias\/indy-cancela-portland-e-laguna-seca-e-dobra-mid-ohio-gateway-e-gp-de-indianapolis-2\/\">Portland foi cortada do cronograma atual pela onda de casos de coronav\u00edrus<\/a> na Costa Oeste dos EUA que gerou um decreto da governadora local proibindo eventos com aglomera\u00e7\u00f5es.<\/p>\n\n\n\n<p class=\"wp-block-paragraph\">&#8220;N\u00f3s ficamos bem frustrados por n\u00e3o termos podido trazer a Indy no ver\u00e3o para c\u00e1 mais neste ano, mas nossa equipe est\u00e1 muito animada para voltar com tudo em 2021 e nos demais anos nessa parceria que tem funcionado. Agradecemos a todos os envolvidos, ao prefeito e vamos voltar ainda melhores no ano que vem&#8221;, disse Kim Green, promotor do evento.<\/p>\n\n\n\n<figure class=\"wp-block-image size-large\"><img decoding=\"async\" src=\"https:\/\/www.grandepremio.com\/br\/wp-content\/uploads\/2020\/08\/Portland-1024x682.jpg\" alt=\"\" class=\"wp-image-409065\"\/><figcaption>O GP de Portland renovou por mais tr\u00eas anos com a Indy (Foto: IndyCar)<\/figcaption><\/figure>\n\n\n\n<p class=\"wp-block-paragraph\"><a href=\"https:\/\/www.grandepremio.com\/br\/indy\/noticias\/vancouver-portland-ou-laguna-seca-jornalistas-elegem-melhores-locais-da-indy-nos-anos-1990\/\">Porland voltou ao calend\u00e1rio<\/a> da Indy em 2018, ap\u00f3s ter ficado 11 anos de fora. A pista entrou na vaga de Watkins Glen e, desde ent\u00e3o, foi um sucesso de p\u00fablico e esteve em posi\u00e7\u00e3o de destaque no calend\u00e1rio, sempre pr\u00f3xima da final na Calif\u00f3rnia.<\/p>\n\n\n\n<p class=\"wp-block-paragraph\">A edi\u00e7\u00e3o de 2018 foi vencida pelo japon\u00eas Takuma Sato, enquanto o australiano Will Power levou a melhor em 2019. A prova de 2020 estava prevista para 13 de setembro, uma semana antes da final, que aconteceria em rodada dupla em Laguna Seca.<\/p>\n","protected":false},"excerpt":{"rendered":"<p>O novo v\u00ednculo foi assinado nesta quinta-feira (20) e o GP de Portland vai seguir no cronograma da categoria por mais tr\u00eas anos<\/p>\n","protected":false},"author":0,"featured_media":1000409066,"comment_status":"closed","ping_status":"closed","sticky":false,"template":"","format":"standard","meta":{"42wp_featured_image_caption":"","42wp_featured_image_credits":"","42wp_featured_video":"","42wp_featured_image_hidden":false,"42wp_authors_list":[],"footnotes":""},"categories":[3],"tags":[24831,3771,93,96,25977,94,3822,3769,25978],"42wp_author":[47109],"class_list":["post-127843","post","type-post","status-publish","format-standard","has-post-thumbnail","hentry","category-indy","tag-coronavirus-2","tag-gp-de-portland","tag-indy","tag-indy-2020","tag-indy-2023","tag-indycar","tag-oregon","tag-portland","tag-temporada-2023","42wp_author-redacao-gp"],"_links":{"self":[{"href":"https:\/\/grandepremio.com\/br\/wp-json\/wp\/v2\/posts\/127843","targetHints":{"allow":["GET"]}}],"collection":[{"href":"https:\/\/grandepremio.com\/br\/wp-json\/wp\/v2\/posts"}],"about":[{"href":"https:\/\/grandepremio.com\/br\/wp-json\/wp\/v2\/types\/post"}],"replies":[{"embeddable":true,"href":"https:\/\/grandepremio.com\/br\/wp-json\/wp\/v2\/comments?post=127843"}],"version-history":[{"count":0,"href":"https:\/\/grandepremio.com\/br\/wp-json\/wp\/v2\/posts\/127843\/revisions"}],"wp:featuredmedia":[{"embeddable":true,"href":"https:\/\/grandepremio.com\/br\/wp-json\/wp\/v2\/media\/1000409066"}],"wp:attachment":[{"href":"https:\/\/grandepremio.com\/br\/wp-json\/wp\/v2\/media?parent=127843"}],"wp:term":[{"taxonomy":"category","embeddable":true,"href":"https:\/\/grandepremio.com\/br\/wp-json\/wp\/v2\/categories?post=127843"},{"taxonomy":"post_tag","embeddable":true,"href":"https:\/\/grandepremio.com\/br\/wp-json\/wp\/v2\/tags?post=127843"},{"taxonomy":"42wp_author","embeddable":true,"href":"https:\/\/grandepremio.com\/br\/wp-json\/wp\/v2\/42wp_author?post=127843"}],"curies":[{"name":"wp","href":"https:\/\/api.w.org\/{rel}","templated":true}]}}