{"id":127844,"date":"2020-08-20T15:05:33","date_gmt":"2020-08-20T18:05:33","guid":{"rendered":"https:\/\/grandepremio.com\/br\/noticias\/direitos-justica-e-oportunidade-hildebrand-pede-igualdade-racial-em-capacete-na-indy-500\/"},"modified":"2020-08-20T15:14:46","modified_gmt":"2020-08-20T18:14:46","slug":"direitos-justica-e-oportunidade-hildebrand-pede-igualdade-racial-em-capacete-na-indy-500","status":"publish","type":"post","link":"https:\/\/grandepremio.com\/br\/indy\/direitos-justica-e-oportunidade-hildebrand-pede-igualdade-racial-em-capacete-na-indy-500\/","title":{"rendered":"&#8220;Direitos, justi\u00e7a e oportunidade&#8221;: Hildebrand pede igualdade racial em capacete na Indy 500"},"content":{"rendered":"\n<p class=\"wp-block-paragraph\">JR Hildebrand apresentou uma nova pintura de capacete <a href=\"https:\/\/www.grandepremio.com\/br\/indy\/noticias\/gp-as-10-quais-as-chances-de-cada-piloto-nas-500-milhas-de-indianapolis-2020\/\">para as 500 Milhas de Indian\u00e1polis de 2020<\/a>. Nesta quinta-feira (20), o americano da Dreyer &amp; Reinbold, <a href=\"https:\/\/www.grandepremio.com\/br\/indy\/noticias\/andretti-supera-dixon-no-detalhe-e-crava-pole-das-500-milhas-de-indianapolis\/\">que vai largar em 32\u00ba<\/a>, mostrou ao mundo um casco que pede igualdade racial, em mais um movimento do mundo do automobilismo depois da morte de George Floyd pelas m\u00e3os de policiais brancos em Minnesota.<\/p>\n\n\n\n<p class=\"wp-block-paragraph\">Lewis Hamilton, \u00fanico piloto preto do grid da F\u00f3rmula 1, levou as manifesta\u00e7\u00f5es do &#8216;Vidas Negras Importam&#8217; para a categoria, enquanto Bubba Wallace, na Nascar, ajudou o movimento a ganhar for\u00e7a nos EUA, mas tamb\u00e9m foi alvo de atos preconceituosos, especialmente quando se posicionou pelo fim do uso da bandeira confederada nos aut\u00f3dromos, um s\u00edmbolo dos tempos da escravid\u00e3o.<\/p>\n\n\n\n<figure class=\"wp-block-image size-large\"><img decoding=\"async\" src=\"https:\/\/www.grandepremio.com\/br\/wp-content\/uploads\/2020\/08\/JR-Hildebrand-576x1024.jpg\" alt=\"\" class=\"wp-image-409016\"\/><figcaption>JR Hildebrand pede igualdade racial nas 500 Milhas de Indian\u00e1polis (Foto: Reprodu\u00e7\u00e3o\/Twitter)<\/figcaption><\/figure>\n\n\n\n<p class=\"wp-block-paragraph\">Diversos pilotos da <a href=\"https:\/\/www.grandepremio.com\/br\/indy\/?fl=true&amp;utm_source=lance\">Indy <\/a>manifestaram solidariedade a Bubba na oportunidade, mas o capacete de Hildebrand \u00e9 um passo adiante. Com uma pintura preta, o californiano de 32 anos escreveu &#8220;direitos, justi\u00e7a e oportunidade&#8221;, pedindo igualdade racial nos EUA.<\/p>\n\n\n\n<p class=\"wp-block-paragraph\">&#8220;Nos \u00faltimos meses, percebi o qu\u00e3o profundamente valorizo esses tr\u00eas elementos fundamentais da constru\u00e7\u00e3o dos EUA. E como \u00e9 importante que exista um trabalho que siga sendo feito para garantir que esses tr\u00eas pontos sejam reais e atingidos de maneira igualit\u00e1ria. Eu vejo um fato indiscut\u00edvel de como nem todos s\u00e3o tratados da mesma forma neste pa\u00eds: americanos pretos e outras etnias e minorias raciais enfrentam isso h\u00e1 muito tempo e isso n\u00e3o \u00e9 bom para ningu\u00e9m. Ent\u00e3o, para o meu capacete da Indy 500 2020, escolhi tirar meu nome e colocar essas tr\u00eas palavras para reafirmar o que eu espero do pa\u00eds e o que eu acho que seria a melhor Am\u00e9rica que poder\u00edamos oferecer aos outros. Vamos juntos nessa, pelo futuro, com tudo&#8221;, escreveu.<\/p>\n\n\n\n<figure class=\"wp-block-image size-large\"><img decoding=\"async\" src=\"https:\/\/www.grandepremio.com\/br\/wp-content\/uploads\/2020\/08\/JR-Hildebrand-1-1024x684.jpg\" alt=\"\" class=\"wp-image-409027\"\/><figcaption>JR Hildebrand larga em 32\u00ba na Indy 500 2020 (Foto: IndyCar)<\/figcaption><\/figure>\n\n\n\n<p class=\"wp-block-paragraph\">Marcado at\u00e9 hoje pelo segundo lugar em 2011, quando liderava at\u00e9 bater na \u00faltima curva em sua apari\u00e7\u00e3o como novato na Indy 500, Hildebrand vai correr com o carro #67. Nos \u00faltimos tr\u00eas campeonatos, o americano s\u00f3 atuou na principal prova do calend\u00e1rio.<\/p>\n\n\n\n<p class=\"wp-block-paragraph\">Dono de tr\u00eas temporadas completas na Indy, Hildebrand tem quatro top-10 em suas nove participa\u00e7\u00f5es na Indy 500 com Panther, Carpenter e DRR. No ano passado, o americano ficou com a 20\u00aa coloca\u00e7\u00e3o.<\/p>\n","protected":false},"excerpt":{"rendered":"<p>JR Hildebrand se juntou aos movimentos por igualdade racial e preparou uma pintura especial para o capacete das 500 Milhas de Indian\u00e1polis de 2020<\/p>\n","protected":false},"author":0,"featured_media":1000409015,"comment_status":"closed","ping_status":"closed","sticky":false,"template":"","format":"standard","meta":{"42wp_featured_image_caption":"","42wp_featured_image_credits":"","42wp_featured_video":"","42wp_featured_image_hidden":false,"42wp_authors_list":[],"footnotes":""},"categories":[3],"tags":[2980,5403,24862,93,232,94,5404],"42wp_author":[47109],"class_list":["post-127844","post","type-post","status-publish","format-standard","has-post-thumbnail","hentry","category-indy","tag-500-milhas-indianapolis","tag-drr","tag-george-floyd","tag-indy","tag-indy-500","tag-indycar","tag-jr-hildebrand","42wp_author-redacao-gp"],"_links":{"self":[{"href":"https:\/\/grandepremio.com\/br\/wp-json\/wp\/v2\/posts\/127844","targetHints":{"allow":["GET"]}}],"collection":[{"href":"https:\/\/grandepremio.com\/br\/wp-json\/wp\/v2\/posts"}],"about":[{"href":"https:\/\/grandepremio.com\/br\/wp-json\/wp\/v2\/types\/post"}],"replies":[{"embeddable":true,"href":"https:\/\/grandepremio.com\/br\/wp-json\/wp\/v2\/comments?post=127844"}],"version-history":[{"count":0,"href":"https:\/\/grandepremio.com\/br\/wp-json\/wp\/v2\/posts\/127844\/revisions"}],"wp:featuredmedia":[{"embeddable":true,"href":"https:\/\/grandepremio.com\/br\/wp-json\/wp\/v2\/media\/1000409015"}],"wp:attachment":[{"href":"https:\/\/grandepremio.com\/br\/wp-json\/wp\/v2\/media?parent=127844"}],"wp:term":[{"taxonomy":"category","embeddable":true,"href":"https:\/\/grandepremio.com\/br\/wp-json\/wp\/v2\/categories?post=127844"},{"taxonomy":"post_tag","embeddable":true,"href":"https:\/\/grandepremio.com\/br\/wp-json\/wp\/v2\/tags?post=127844"},{"taxonomy":"42wp_author","embeddable":true,"href":"https:\/\/grandepremio.com\/br\/wp-json\/wp\/v2\/42wp_author?post=127844"}],"curies":[{"name":"wp","href":"https:\/\/api.w.org\/{rel}","templated":true}]}}