{"id":127845,"date":"2020-08-20T13:40:46","date_gmt":"2020-08-20T16:40:46","guid":{"rendered":"https:\/\/grandepremio.com\/br\/noticias\/indy-destaca-envolvimento-de-alonso-e-se-curva-a-um-dos-melhores-de-todos-os-tempos\/"},"modified":"2020-08-20T15:22:08","modified_gmt":"2020-08-20T18:22:08","slug":"indy-destaca-envolvimento-de-alonso-e-se-curva-a-um-dos-melhores-de-todos-os-tempos","status":"publish","type":"post","link":"https:\/\/grandepremio.com\/br\/indy\/indy-destaca-envolvimento-de-alonso-e-se-curva-a-um-dos-melhores-de-todos-os-tempos\/","title":{"rendered":"Indy destaca envolvimento de Alonso e se curva a &#8220;um dos melhores de todos os tempos&#8221;"},"content":{"rendered":"\n<figure class=\"wp-block-embed-youtube wp-block-embed is-type-video is-provider-youtube wp-embed-aspect-16-9 wp-has-aspect-ratio\"><div class=\"wp-block-embed__wrapper\">\n<iframe loading=\"lazy\" title=\"HAMILTON sobra na F1, MASSA fora da F\u00f3rmula E e SUSTO na MotoGP | Paddock GP #210\" width=\"500\" height=\"281\" src=\"https:\/\/www.youtube.com\/embed\/NC8-zTYFhzU?feature=oembed\" frameborder=\"0\" allow=\"accelerometer; autoplay; clipboard-write; encrypted-media; gyroscope; picture-in-picture; web-share\" referrerpolicy=\"strict-origin-when-cross-origin\" allowfullscreen><\/iframe>\n<\/div><\/figure>\n\n\n\n<p class=\"wp-block-paragraph\">Fernando <a href=\"https:\/\/www.grandepremio.com\/br\/indy\/noticias\/alonso-so-tem-chances-de-vitoria-se-for-escolhido-por-indianapolis\/\">Alonso n\u00e3o teve uma grande performance na classifica\u00e7\u00e3o<\/a> das 500 Milhas de Indian\u00e1polis, mas segue sendo o maior alvo dos holofotes no IMS. Em sua <a href=\"https:\/\/www.grandepremio.com\/br\/indy\/noticias\/erros-de-novato-e-ritmo-tornam-improvavel-vitoria-de-alonso-em-indy-500\/\">terceira tentativa na corrida<\/a> mais famosa do automobilismo americano, o espanhol foi muito elogiado por alguns dos principais nomes do comando da <a href=\"https:\/\/www.grandepremio.com\/br\/indy\/?fl=true&amp;utm_source=lance\">Indy<\/a>.<\/p>\n\n\n\n<p class=\"wp-block-paragraph\">Jay Frye, Doug Boles e Mark Miles estiveram juntos em coletiva de imprensa nesta quarta-feira (19) e falaram sobre Alonso. Para o trio, o espanhol da McLaren est\u00e1 no rol dos maiores pilotos de todos os tempos, mas, al\u00e9m disso, se destaca por outro ponto: o n\u00edvel de engajamento com a corrida e a forma que trata a todos que trabalham no aut\u00f3dromo e na categoria.<\/p>\n\n\n\n<p class=\"wp-block-paragraph\">Presidente da Indy, Frye destacou como o piloto se recuperou da batida no TL2 e rasgou elogios ao talento do bicampe\u00e3o do mundo.<\/p>\n\n\n\n<p class=\"wp-block-paragraph\">&#8220;Alonso \u00e9, obviamente, um \u00f3timo piloto e j\u00e1 pudemos ver isso nos \u00faltimos tr\u00eas anos. N\u00e3o foi uma surpresa que ele tenha conseguido virar r\u00e1pido t\u00e3o cedo como fez e tamb\u00e9m como se recuperou do acidente rapidamente. Ele \u00e9 um dos melhores de todos os tempos e estamos orgulhosos de t\u00ea-lo aqui conosco. Ansioso para ver o que ele pode fazer no domingo. Diria que ele est\u00e1 cumprindo todas as expectativas&#8221;, disse.<\/p>\n\n\n\n<figure class=\"wp-block-image size-large\"><img decoding=\"async\" src=\"https:\/\/www.grandepremio.com\/br\/wp-content\/uploads\/2020\/08\/Fernando-Alonso-3-1024x682.jpg\" alt=\"\" class=\"wp-image-406764\"\/><figcaption>Fernando Alonso est\u00e1 na terceira tentativa em Indian\u00e1polis e vai largar pela segunda vez (Foto: IndyCar)<\/figcaption><\/figure>\n\n\n\n<p class=\"wp-block-paragraph\">Boles, que \u00e9 presidente do IMS, foi na mesma linha e puxou ainda um outro ponto na an\u00e1lise de Alonso: a maneira como o espanhol da McLaren se relacionou com os f\u00e3s e com a categoria.<\/p>\n\n\n\n<p class=\"wp-block-paragraph\">&#8220;Nossos f\u00e3s se apaixonaram pelo Fernando. Todo mundo sabia do talento dele, mas impressionou como ele se envolveu com a Indy 500 e a experi\u00eancia toda. Pelo que foi o ano de estreia dele, todos os torcedores esperam mais um grande desempenho, ele realmente \u00e9 um dos melhores pilotos de todos os tempos. Nenhuma surpresa no fato dele ser t\u00e3o competitivo e de ter voltado t\u00e3o forte ap\u00f3s o acidente. Estamos muito empolgados, tem sido bem divertido de novo&#8221;, comentou.<\/p>\n\n\n\n<figure class=\"wp-block-image size-large\"><img decoding=\"async\" src=\"https:\/\/www.grandepremio.com\/br\/wp-content\/uploads\/2020\/08\/16-1024x683.jpg\" alt=\"\" class=\"wp-image-408674\"\/><figcaption>Um erro durante o treino livre resultou em batida na Indy 500 2020 (Foto: Indycar)<\/figcaption><\/figure>\n\n\n\n<p class=\"wp-block-paragraph\">Presidente da ala da Penske respons\u00e1vel pela Indy e pelo IMS, Mark Miles tamb\u00e9m acompanhou os colegas e destacou que Fernando n\u00e3o pediu nenhum tipo de tratamento especial em nenhuma de suas tr\u00eas vezes na Indy 500.<\/p>\n\n\n\n<p class=\"wp-block-paragraph\">&#8220;Passei a conhec\u00ea-lo melhor e realmente o admiro. \u00c9 um dos melhores, um dos mais famosos, das personalidades mais conhecidas do esporte no mundo, mas n\u00e3o \u00e9 um cara que se acha. \u00c9 um cara como qualquer outro, n\u00e3o quer nada al\u00e9m disso, \u00e9 muito profissional, \u00e9 um prazer estar com ele aqui. Sempre ser\u00e1 bem recebido&#8221;, completou.<\/p>\n\n\n\n<p class=\"wp-block-paragraph\">Alonso teve uma estreia em 2017 no Fast Nine e at\u00e9 liderando voltas, mas acabou abandonando com uma quebra de motor. No ano passado, sequer se classificou, caindo com a McLaren-Carlin no Bump Day. Em 2020, larga de 26\u00ba com a equipe pr\u00f3pria da McLaren.<\/p>\n","protected":false},"excerpt":{"rendered":"<p>Fernando Alonso foi muito elogiado pela dire\u00e7\u00e3o da Indy em in\u00fameros aspectos: talento, envolvimento com a Indy 500 e at\u00e9 humildade<\/p>\n","protected":false},"author":0,"featured_media":1000408673,"comment_status":"closed","ping_status":"closed","sticky":false,"template":"","format":"standard","meta":{"42wp_featured_image_caption":"","42wp_featured_image_credits":"","42wp_featured_video":"","42wp_featured_image_hidden":false,"42wp_authors_list":[],"footnotes":""},"categories":[3],"tags":[2980,14640,176,93,232,94,588,2606,90],"42wp_author":[47109],"class_list":["post-127845","post","type-post","status-publish","format-standard","has-post-thumbnail","hentry","category-indy","tag-500-milhas-indianapolis","tag-doug-boles","tag-fernando-alonso","tag-indy","tag-indy-500","tag-indycar","tag-jay-frye","tag-mark-miles","tag-mclaren","42wp_author-redacao-gp"],"_links":{"self":[{"href":"https:\/\/grandepremio.com\/br\/wp-json\/wp\/v2\/posts\/127845","targetHints":{"allow":["GET"]}}],"collection":[{"href":"https:\/\/grandepremio.com\/br\/wp-json\/wp\/v2\/posts"}],"about":[{"href":"https:\/\/grandepremio.com\/br\/wp-json\/wp\/v2\/types\/post"}],"replies":[{"embeddable":true,"href":"https:\/\/grandepremio.com\/br\/wp-json\/wp\/v2\/comments?post=127845"}],"version-history":[{"count":0,"href":"https:\/\/grandepremio.com\/br\/wp-json\/wp\/v2\/posts\/127845\/revisions"}],"wp:featuredmedia":[{"embeddable":true,"href":"https:\/\/grandepremio.com\/br\/wp-json\/wp\/v2\/media\/1000408673"}],"wp:attachment":[{"href":"https:\/\/grandepremio.com\/br\/wp-json\/wp\/v2\/media?parent=127845"}],"wp:term":[{"taxonomy":"category","embeddable":true,"href":"https:\/\/grandepremio.com\/br\/wp-json\/wp\/v2\/categories?post=127845"},{"taxonomy":"post_tag","embeddable":true,"href":"https:\/\/grandepremio.com\/br\/wp-json\/wp\/v2\/tags?post=127845"},{"taxonomy":"42wp_author","embeddable":true,"href":"https:\/\/grandepremio.com\/br\/wp-json\/wp\/v2\/42wp_author?post=127845"}],"curies":[{"name":"wp","href":"https:\/\/api.w.org\/{rel}","templated":true}]}}