{"id":127850,"date":"2020-08-20T11:00:43","date_gmt":"2020-08-20T14:00:43","guid":{"rendered":"https:\/\/grandepremio.com\/br\/noticias\/sem-chance-em-equipes-grandes-massa-corre-risco-de-ficar-fora-da-fe\/"},"modified":"2021-08-01T18:31:06","modified_gmt":"2021-08-01T21:31:06","slug":"sem-chance-em-equipes-grandes-massa-corre-risco-de-ficar-fora-da-fe","status":"publish","type":"post","link":"https:\/\/grandepremio.com\/br\/formula-e\/sem-chance-em-equipes-grandes-massa-corre-risco-de-ficar-fora-da-fe\/","title":{"rendered":"Sem chance em equipes grandes, Massa corre risco de ficar fora da FE"},"content":{"rendered":"\n<p class=\"wp-block-paragraph\">Pouco tempo ap\u00f3s a \u00faltima corrida da temporada, a Venturi anunciou a sa\u00edda de Felipe Massa. Afinal, o veterano brasileiro vai ficar de fora da categoria? O Paddock GP #210 analisou.<\/p>\n\n\n\n<p class=\"wp-block-paragraph\"><strong>Assista ao trecho completo abaixo<\/strong><\/p>\n\n\n\n<figure class=\"wp-block-embed-youtube wp-block-embed is-type-video is-provider-youtube wp-embed-aspect-16-9 wp-has-aspect-ratio\"><div class=\"wp-block-embed__wrapper\">\n<iframe loading=\"lazy\" title=\"HAMILTON sobra na F1, MASSA fora da F\u00f3rmula E e SUSTO na MotoGP | Paddock GP #210\" width=\"500\" height=\"281\" src=\"https:\/\/www.youtube.com\/embed\/NC8-zTYFhzU?feature=oembed\" frameborder=\"0\" allow=\"accelerometer; autoplay; clipboard-write; encrypted-media; gyroscope; picture-in-picture; web-share\" referrerpolicy=\"strict-origin-when-cross-origin\" allowfullscreen><\/iframe>\n<\/div><\/figure>\n\n\n","protected":false},"excerpt":{"rendered":"<p>Duas temporadas depois, Felipe Massa saiu da Venturi com poucos grandes momentos na bagagem. Fim da linha para o veterano? O Paddock GP #210 analisou<\/p>\n","protected":false},"author":0,"featured_media":1000405341,"comment_status":"closed","ping_status":"closed","sticky":false,"template":"","format":"standard","meta":{"42wp_featured_image_caption":"","42wp_featured_image_credits":"","42wp_featured_video":"","42wp_featured_image_hidden":false,"42wp_authors_list":[],"footnotes":""},"categories":[19],"tags":[504,840,1537,660],"42wp_author":[47119],"class_list":["post-127850","post","type-post","status-publish","format-standard","has-post-thumbnail","hentry","category-formula-e","tag-felipe-massa","tag-formula-e","tag-paddock-gp","tag-venturi","42wp_author-gabriel-carvalho"],"_links":{"self":[{"href":"https:\/\/grandepremio.com\/br\/wp-json\/wp\/v2\/posts\/127850","targetHints":{"allow":["GET"]}}],"collection":[{"href":"https:\/\/grandepremio.com\/br\/wp-json\/wp\/v2\/posts"}],"about":[{"href":"https:\/\/grandepremio.com\/br\/wp-json\/wp\/v2\/types\/post"}],"replies":[{"embeddable":true,"href":"https:\/\/grandepremio.com\/br\/wp-json\/wp\/v2\/comments?post=127850"}],"version-history":[{"count":0,"href":"https:\/\/grandepremio.com\/br\/wp-json\/wp\/v2\/posts\/127850\/revisions"}],"wp:featuredmedia":[{"embeddable":true,"href":"https:\/\/grandepremio.com\/br\/wp-json\/wp\/v2\/media\/1000405341"}],"wp:attachment":[{"href":"https:\/\/grandepremio.com\/br\/wp-json\/wp\/v2\/media?parent=127850"}],"wp:term":[{"taxonomy":"category","embeddable":true,"href":"https:\/\/grandepremio.com\/br\/wp-json\/wp\/v2\/categories?post=127850"},{"taxonomy":"post_tag","embeddable":true,"href":"https:\/\/grandepremio.com\/br\/wp-json\/wp\/v2\/tags?post=127850"},{"taxonomy":"42wp_author","embeddable":true,"href":"https:\/\/grandepremio.com\/br\/wp-json\/wp\/v2\/42wp_author?post=127850"}],"curies":[{"name":"wp","href":"https:\/\/api.w.org\/{rel}","templated":true}]}}